{"id":3848,"date":"2026-04-29T13:32:23","date_gmt":"2026-04-29T11:32:23","guid":{"rendered":"https:\/\/empresasyeventos.com.uy\/?p=3848"},"modified":"2026-04-29T13:32:27","modified_gmt":"2026-04-29T11:32:27","slug":"machado-nauar-estilismo-de-primer-nivel","status":"publish","type":"post","link":"https:\/\/empresasyeventos.com.uy\/index.php\/2026\/04\/29\/machado-nauar-estilismo-de-primer-nivel\/","title":{"rendered":"Machado Nauar, estilismo de primer nivel"},"content":{"rendered":"\n<p>Empresas&amp;Eventos se junt\u00f3 con Jorge Machado Nauar, estilista de estirpe para hablar de un rubro que cada d\u00eda crece m\u00e1s en nuestro pa\u00eds.<\/p>\n\n\n\n<p><strong>C\u00f3mo empezaste en el estilismo?<\/strong><\/p>\n\n\n\n<p>Empec\u00e9 en el estilismo a los 13 a\u00f1os en segundo a\u00f1o de liceo y lo que comenz\u00f3 como un juego se transform\u00f3 en vocaci\u00f3n que amo y que hace 27 a\u00f1os la tr\u00e1nsito con mucho profesionalismo.<\/p>\n\n\n\n<p><strong>Donde est\u00e1 tu base en Montevideo?<\/strong><\/p>\n\n\n\n<p>En mi local \u00bb Machado Nauar\u00bb que est\u00e1 ubicado en Pablo de Mar\u00eda 1574 esquina 18 de julio. All\u00ed brindamos un trato personalizado, apostamos a la calidad y no a la cantidad, trabajamos exclusivamente con agenda para poder entender la necesidad de cada clienta , no somos mejores ni peores&#8230; Somos diferentes, hacemos mucho \u00e9nfasis en la salud capilar, no vendemos falsas expectativas.<\/p>\n\n\n\n<p><strong>Cuales son las tendencias en cuanto a peinados este a\u00f1o?<\/strong><\/p>\n\n\n\n<p>Las tendencias del 2026 vienen pisando fuerte , est\u00e1n a full lasmelenas descontracturadas, que los cabellos que se vean naturales, en tonalidades marrones , miel y la \u00faltima tendencia los dorados cobrizos. C\u00f3mo nosotros cuidamos mucho la fibra capilar no trabajamos extensi\u00f3nes fijas, cada profesional tiene su forma de trabajar y sus caracter\u00edsticas, a todos nos identifica algo que nos hace diferente del otro. La \u00fanica competencia v\u00e1lida personalmente es conmigo mismo.<\/p>\n\n\n\n<p><strong>C\u00f3mo es tu actividad como productor?,<\/strong><\/p>\n\n\n\n<p>Mi actividad como productor la ejerzo desde hace 16 a\u00f1os aproximadamente, me form\u00e9 y lo sigo haciendo, soy un estilista que no se conforma solamente con lo que pasa dentro de mi sal\u00f3n , lo art\u00edstico me mueve y me llena mucho. Es por eso que una vez al a\u00f1o hago un desfile art\u00edstico cultural donde la acci\u00f3n social es fundamental para m\u00ed, es devolver un granito de arena a la sociedad. Estoy muy vinculado al estilismo en teatro, &nbsp;es un &nbsp;gran y hermoso desaf\u00edo. Me he formado para producci\u00f3n de fotos, en la moda y en trabajar con revistas, eso me saca de la rutina y me coloca en un lugar diferente el cual me genera mucho placer y lo hago con mucho compromiso.<\/p>\n\n\n\n<p><strong>Qu\u00e9 proyectos se vienen?&nbsp;<\/strong><\/p>\n\n\n\n<p>Este a\u00f1o se viene fuerte y lindo, me gustan muchos los desaf\u00edos y crear cosas que generen inter\u00e9s. Siempre en mis proyectos me gusta que la parte humana est\u00e9 presente, este a\u00f1o en octubre volvemos con la s\u00e9ptima edici\u00f3n del \u00abAIDES VISAGE\u00bb esto es un gran desfile art\u00edstico cultural con acci\u00f3n social donde fusionamos pasarela, m\u00fasica , baile y mucho impacto visual y art\u00edstico, con artistas del Rio de la Plata. El a\u00f1o pasado le dimos nuestro apoyo y visibilidad a la ONG HHT que trabaja muy seriamente con personas que padecen de esta enfermedad de la que poco se sabe y necesita del apoyo de todos. El desarrollo, trabajo y compromiso de la ONG nos motiv\u00f3 y nos sensibiliz\u00f3 desde el primer momento, por eso este a\u00f1o los apoyaremos nuevamente. Todas nuestras acciones se pueden ver en el&nbsp;&nbsp;canal de YouTube Machado Nauar y comenzar\u00e1 en breve a salir en streaming con una propuesta renovada , divertida y motivacional. Este a\u00f1o se al proyecto Mar\u00eda P\u00eda Steglich para potenciarlo a\u00fan m\u00e1s. En el \u00e1mbito del teatro tambi\u00e9n se vienen cosas grandes.<\/p>\n\n\n\n<p><strong>M\u00e1s info @machadonauar<\/strong><\/p>\n\n\n\n<figure class=\"wp-block-gallery has-nested-images columns-default is-cropped wp-block-gallery-1 is-layout-flex wp-block-gallery-is-layout-flex\">\n<figure class=\"wp-block-image size-large\"><img data-recalc-dims=\"1\" decoding=\"async\" width=\"696\" height=\"763\" data-attachment-id=\"3857\" data-permalink=\"https:\/\/empresasyeventos.com.uy\/index.php\/2026\/04\/29\/machado-nauar-estilismo-de-primer-nivel\/whatsapp-image-2026-04-28-at-10-07-53-am\/\" data-orig-file=\"https:\/\/i0.wp.com\/empresasyeventos.com.uy\/wp-content\/uploads\/2026\/04\/WhatsApp-Image-2026-04-28-at-10.07.53-AM.jpeg?fit=800%2C877&amp;ssl=1\" data-orig-size=\"800,877\" data-comments-opened=\"0\" data-image-meta=\"{&quot;aperture&quot;:&quot;0&quot;,&quot;credit&quot;:&quot;&quot;,&quot;camera&quot;:&quot;&quot;,&quot;caption&quot;:&quot;&quot;,&quot;created_timestamp&quot;:&quot;0&quot;,&quot;copyright&quot;:&quot;&quot;,&quot;focal_length&quot;:&quot;0&quot;,&quot;iso&quot;:&quot;0&quot;,&quot;shutter_speed&quot;:&quot;0&quot;,&quot;title&quot;:&quot;&quot;,&quot;orientation&quot;:&quot;0&quot;}\" data-image-title=\"Machado Nauar, estilismo de primer nivel\" data-image-description=\"\" data-image-caption=\"\" data-large-file=\"https:\/\/i0.wp.com\/empresasyeventos.com.uy\/wp-content\/uploads\/2026\/04\/WhatsApp-Image-2026-04-28-at-10.07.53-AM.jpeg?fit=800%2C877&amp;ssl=1\" data-id=\"3857\" src=\"https:\/\/i0.wp.com\/empresasyeventos.com.uy\/wp-content\/uploads\/2026\/04\/WhatsApp-Image-2026-04-28-at-10.07.53-AM.jpeg?resize=696%2C763&#038;ssl=1\" alt=\"\" class=\"wp-image-3857\" srcset=\"https:\/\/i0.wp.com\/empresasyeventos.com.uy\/wp-content\/uploads\/2026\/04\/WhatsApp-Image-2026-04-28-at-10.07.53-AM.jpeg?w=800&amp;ssl=1 800w, https:\/\/i0.wp.com\/empresasyeventos.com.uy\/wp-content\/uploads\/2026\/04\/WhatsApp-Image-2026-04-28-at-10.07.53-AM.jpeg?resize=768%2C842&amp;ssl=1 768w, https:\/\/i0.wp.com\/empresasyeventos.com.uy\/wp-content\/uploads\/2026\/04\/WhatsApp-Image-2026-04-28-at-10.07.53-AM.jpeg?resize=150%2C164&amp;ssl=1 150w, https:\/\/i0.wp.com\/empresasyeventos.com.uy\/wp-content\/uploads\/2026\/04\/WhatsApp-Image-2026-04-28-at-10.07.53-AM.jpeg?resize=300%2C329&amp;ssl=1 300w, https:\/\/i0.wp.com\/empresasyeventos.com.uy\/wp-content\/uploads\/2026\/04\/WhatsApp-Image-2026-04-28-at-10.07.53-AM.jpeg?resize=696%2C763&amp;ssl=1 696w\" sizes=\"(max-width: 696px) 100vw, 696px\" \/><\/figure>\n\n\n\n<figure class=\"wp-block-image size-large\"><img data-recalc-dims=\"1\" decoding=\"async\" width=\"696\" height=\"833\" data-attachment-id=\"3856\" data-permalink=\"https:\/\/empresasyeventos.com.uy\/index.php\/2026\/04\/29\/machado-nauar-estilismo-de-primer-nivel\/whatsapp-image-2026-04-28-at-10-07-52-am\/\" data-orig-file=\"https:\/\/i0.wp.com\/empresasyeventos.com.uy\/wp-content\/uploads\/2026\/04\/WhatsApp-Image-2026-04-28-at-10.07.52-AM.jpeg?fit=800%2C957&amp;ssl=1\" data-orig-size=\"800,957\" data-comments-opened=\"0\" data-image-meta=\"{&quot;aperture&quot;:&quot;0&quot;,&quot;credit&quot;:&quot;&quot;,&quot;camera&quot;:&quot;&quot;,&quot;caption&quot;:&quot;&quot;,&quot;created_timestamp&quot;:&quot;0&quot;,&quot;copyright&quot;:&quot;&quot;,&quot;focal_length&quot;:&quot;0&quot;,&quot;iso&quot;:&quot;0&quot;,&quot;shutter_speed&quot;:&quot;0&quot;,&quot;title&quot;:&quot;&quot;,&quot;orientation&quot;:&quot;0&quot;}\" data-image-title=\"Machado Nauar, estilismo de primer nivel\" data-image-description=\"\" data-image-caption=\"\" data-large-file=\"https:\/\/i0.wp.com\/empresasyeventos.com.uy\/wp-content\/uploads\/2026\/04\/WhatsApp-Image-2026-04-28-at-10.07.52-AM.jpeg?fit=800%2C957&amp;ssl=1\" data-id=\"3856\" src=\"https:\/\/i0.wp.com\/empresasyeventos.com.uy\/wp-content\/uploads\/2026\/04\/WhatsApp-Image-2026-04-28-at-10.07.52-AM.jpeg?resize=696%2C833&#038;ssl=1\" alt=\"\" class=\"wp-image-3856\" srcset=\"https:\/\/i0.wp.com\/empresasyeventos.com.uy\/wp-content\/uploads\/2026\/04\/WhatsApp-Image-2026-04-28-at-10.07.52-AM.jpeg?w=800&amp;ssl=1 800w, https:\/\/i0.wp.com\/empresasyeventos.com.uy\/wp-content\/uploads\/2026\/04\/WhatsApp-Image-2026-04-28-at-10.07.52-AM.jpeg?resize=768%2C919&amp;ssl=1 768w, https:\/\/i0.wp.com\/empresasyeventos.com.uy\/wp-content\/uploads\/2026\/04\/WhatsApp-Image-2026-04-28-at-10.07.52-AM.jpeg?resize=150%2C179&amp;ssl=1 150w, https:\/\/i0.wp.com\/empresasyeventos.com.uy\/wp-content\/uploads\/2026\/04\/WhatsApp-Image-2026-04-28-at-10.07.52-AM.jpeg?resize=300%2C359&amp;ssl=1 300w, https:\/\/i0.wp.com\/empresasyeventos.com.uy\/wp-content\/uploads\/2026\/04\/WhatsApp-Image-2026-04-28-at-10.07.52-AM.jpeg?resize=696%2C833&amp;ssl=1 696w\" sizes=\"(max-width: 696px) 100vw, 696px\" \/><\/figure>\n\n\n\n<figure class=\"wp-block-image size-large\"><img data-recalc-dims=\"1\" decoding=\"async\" width=\"696\" height=\"574\" data-attachment-id=\"3855\" data-permalink=\"https:\/\/empresasyeventos.com.uy\/index.php\/2026\/04\/29\/machado-nauar-estilismo-de-primer-nivel\/whatsapp-image-2026-04-28-at-10-07-52-am-3\/\" data-orig-file=\"https:\/\/i0.wp.com\/empresasyeventos.com.uy\/wp-content\/uploads\/2026\/04\/WhatsApp-Image-2026-04-28-at-10.07.52-AM-3.jpeg?fit=800%2C660&amp;ssl=1\" data-orig-size=\"800,660\" data-comments-opened=\"0\" data-image-meta=\"{&quot;aperture&quot;:&quot;0&quot;,&quot;credit&quot;:&quot;&quot;,&quot;camera&quot;:&quot;&quot;,&quot;caption&quot;:&quot;&quot;,&quot;created_timestamp&quot;:&quot;0&quot;,&quot;copyright&quot;:&quot;&quot;,&quot;focal_length&quot;:&quot;0&quot;,&quot;iso&quot;:&quot;0&quot;,&quot;shutter_speed&quot;:&quot;0&quot;,&quot;title&quot;:&quot;&quot;,&quot;orientation&quot;:&quot;0&quot;}\" data-image-title=\"Machado Nauar, estilismo de primer nivel\" data-image-description=\"\" data-image-caption=\"\" data-large-file=\"https:\/\/i0.wp.com\/empresasyeventos.com.uy\/wp-content\/uploads\/2026\/04\/WhatsApp-Image-2026-04-28-at-10.07.52-AM-3.jpeg?fit=800%2C660&amp;ssl=1\" data-id=\"3855\" src=\"https:\/\/i0.wp.com\/empresasyeventos.com.uy\/wp-content\/uploads\/2026\/04\/WhatsApp-Image-2026-04-28-at-10.07.52-AM-3.jpeg?resize=696%2C574&#038;ssl=1\" alt=\"\" class=\"wp-image-3855\" srcset=\"https:\/\/i0.wp.com\/empresasyeventos.com.uy\/wp-content\/uploads\/2026\/04\/WhatsApp-Image-2026-04-28-at-10.07.52-AM-3.jpeg?w=800&amp;ssl=1 800w, https:\/\/i0.wp.com\/empresasyeventos.com.uy\/wp-content\/uploads\/2026\/04\/WhatsApp-Image-2026-04-28-at-10.07.52-AM-3.jpeg?resize=768%2C634&amp;ssl=1 768w, https:\/\/i0.wp.com\/empresasyeventos.com.uy\/wp-content\/uploads\/2026\/04\/WhatsApp-Image-2026-04-28-at-10.07.52-AM-3.jpeg?resize=150%2C124&amp;ssl=1 150w, https:\/\/i0.wp.com\/empresasyeventos.com.uy\/wp-content\/uploads\/2026\/04\/WhatsApp-Image-2026-04-28-at-10.07.52-AM-3.jpeg?resize=300%2C248&amp;ssl=1 300w, https:\/\/i0.wp.com\/empresasyeventos.com.uy\/wp-content\/uploads\/2026\/04\/WhatsApp-Image-2026-04-28-at-10.07.52-AM-3.jpeg?resize=696%2C574&amp;ssl=1 696w\" sizes=\"(max-width: 696px) 100vw, 696px\" \/><\/figure>\n\n\n\n<figure class=\"wp-block-image size-large\"><img data-recalc-dims=\"1\" decoding=\"async\" width=\"696\" height=\"1044\" data-attachment-id=\"3854\" data-permalink=\"https:\/\/empresasyeventos.com.uy\/index.php\/2026\/04\/29\/machado-nauar-estilismo-de-primer-nivel\/whatsapp-image-2026-04-28-at-10-07-52-am-2\/\" data-orig-file=\"https:\/\/i0.wp.com\/empresasyeventos.com.uy\/wp-content\/uploads\/2026\/04\/WhatsApp-Image-2026-04-28-at-10.07.52-AM-2.jpeg?fit=800%2C1200&amp;ssl=1\" data-orig-size=\"800,1200\" data-comments-opened=\"0\" data-image-meta=\"{&quot;aperture&quot;:&quot;0&quot;,&quot;credit&quot;:&quot;&quot;,&quot;camera&quot;:&quot;&quot;,&quot;caption&quot;:&quot;&quot;,&quot;created_timestamp&quot;:&quot;0&quot;,&quot;copyright&quot;:&quot;&quot;,&quot;focal_length&quot;:&quot;0&quot;,&quot;iso&quot;:&quot;0&quot;,&quot;shutter_speed&quot;:&quot;0&quot;,&quot;title&quot;:&quot;&quot;,&quot;orientation&quot;:&quot;0&quot;}\" data-image-title=\"Machado Nauar, estilismo de primer nivel\" data-image-description=\"\" data-image-caption=\"\" data-large-file=\"https:\/\/i0.wp.com\/empresasyeventos.com.uy\/wp-content\/uploads\/2026\/04\/WhatsApp-Image-2026-04-28-at-10.07.52-AM-2.jpeg?fit=800%2C1200&amp;ssl=1\" data-id=\"3854\" src=\"https:\/\/i0.wp.com\/empresasyeventos.com.uy\/wp-content\/uploads\/2026\/04\/WhatsApp-Image-2026-04-28-at-10.07.52-AM-2.jpeg?resize=696%2C1044&#038;ssl=1\" alt=\"\" class=\"wp-image-3854\" srcset=\"https:\/\/i0.wp.com\/empresasyeventos.com.uy\/wp-content\/uploads\/2026\/04\/WhatsApp-Image-2026-04-28-at-10.07.52-AM-2.jpeg?w=800&amp;ssl=1 800w, https:\/\/i0.wp.com\/empresasyeventos.com.uy\/wp-content\/uploads\/2026\/04\/WhatsApp-Image-2026-04-28-at-10.07.52-AM-2.jpeg?resize=768%2C1152&amp;ssl=1 768w, https:\/\/i0.wp.com\/empresasyeventos.com.uy\/wp-content\/uploads\/2026\/04\/WhatsApp-Image-2026-04-28-at-10.07.52-AM-2.jpeg?resize=150%2C225&amp;ssl=1 150w, https:\/\/i0.wp.com\/empresasyeventos.com.uy\/wp-content\/uploads\/2026\/04\/WhatsApp-Image-2026-04-28-at-10.07.52-AM-2.jpeg?resize=300%2C450&amp;ssl=1 300w, https:\/\/i0.wp.com\/empresasyeventos.com.uy\/wp-content\/uploads\/2026\/04\/WhatsApp-Image-2026-04-28-at-10.07.52-AM-2.jpeg?resize=696%2C1044&amp;ssl=1 696w\" sizes=\"(max-width: 696px) 100vw, 696px\" \/><\/figure>\n\n\n\n<figure class=\"wp-block-image size-large\"><img data-recalc-dims=\"1\" decoding=\"async\" width=\"696\" height=\"928\" data-attachment-id=\"3853\" data-permalink=\"https:\/\/empresasyeventos.com.uy\/index.php\/2026\/04\/29\/machado-nauar-estilismo-de-primer-nivel\/whatsapp-image-2026-04-28-at-10-07-52-am-1\/\" data-orig-file=\"https:\/\/i0.wp.com\/empresasyeventos.com.uy\/wp-content\/uploads\/2026\/04\/WhatsApp-Image-2026-04-28-at-10.07.52-AM-1.jpeg?fit=800%2C1067&amp;ssl=1\" data-orig-size=\"800,1067\" data-comments-opened=\"0\" data-image-meta=\"{&quot;aperture&quot;:&quot;0&quot;,&quot;credit&quot;:&quot;&quot;,&quot;camera&quot;:&quot;&quot;,&quot;caption&quot;:&quot;&quot;,&quot;created_timestamp&quot;:&quot;0&quot;,&quot;copyright&quot;:&quot;&quot;,&quot;focal_length&quot;:&quot;0&quot;,&quot;iso&quot;:&quot;0&quot;,&quot;shutter_speed&quot;:&quot;0&quot;,&quot;title&quot;:&quot;&quot;,&quot;orientation&quot;:&quot;0&quot;}\" data-image-title=\"Machado Nauar, estilismo de primer nivel\" data-image-description=\"\" data-image-caption=\"\" data-large-file=\"https:\/\/i0.wp.com\/empresasyeventos.com.uy\/wp-content\/uploads\/2026\/04\/WhatsApp-Image-2026-04-28-at-10.07.52-AM-1.jpeg?fit=800%2C1067&amp;ssl=1\" data-id=\"3853\" src=\"https:\/\/i0.wp.com\/empresasyeventos.com.uy\/wp-content\/uploads\/2026\/04\/WhatsApp-Image-2026-04-28-at-10.07.52-AM-1.jpeg?resize=696%2C928&#038;ssl=1\" alt=\"\" class=\"wp-image-3853\" srcset=\"https:\/\/i0.wp.com\/empresasyeventos.com.uy\/wp-content\/uploads\/2026\/04\/WhatsApp-Image-2026-04-28-at-10.07.52-AM-1.jpeg?w=800&amp;ssl=1 800w, https:\/\/i0.wp.com\/empresasyeventos.com.uy\/wp-content\/uploads\/2026\/04\/WhatsApp-Image-2026-04-28-at-10.07.52-AM-1.jpeg?resize=768%2C1024&amp;ssl=1 768w, https:\/\/i0.wp.com\/empresasyeventos.com.uy\/wp-content\/uploads\/2026\/04\/WhatsApp-Image-2026-04-28-at-10.07.52-AM-1.jpeg?resize=150%2C200&amp;ssl=1 150w, https:\/\/i0.wp.com\/empresasyeventos.com.uy\/wp-content\/uploads\/2026\/04\/WhatsApp-Image-2026-04-28-at-10.07.52-AM-1.jpeg?resize=300%2C400&amp;ssl=1 300w, https:\/\/i0.wp.com\/empresasyeventos.com.uy\/wp-content\/uploads\/2026\/04\/WhatsApp-Image-2026-04-28-at-10.07.52-AM-1.jpeg?resize=696%2C928&amp;ssl=1 696w\" sizes=\"(max-width: 696px) 100vw, 696px\" \/><\/figure>\n\n\n\n<figure class=\"wp-block-image size-large\"><img data-recalc-dims=\"1\" decoding=\"async\" width=\"696\" height=\"464\" data-attachment-id=\"3852\" data-permalink=\"https:\/\/empresasyeventos.com.uy\/index.php\/2026\/04\/29\/machado-nauar-estilismo-de-primer-nivel\/whatsapp-image-2026-04-28-at-10-07-54-am\/\" data-orig-file=\"https:\/\/i0.wp.com\/empresasyeventos.com.uy\/wp-content\/uploads\/2026\/04\/WhatsApp-Image-2026-04-28-at-10.07.54-AM.jpeg?fit=800%2C533&amp;ssl=1\" data-orig-size=\"800,533\" data-comments-opened=\"0\" data-image-meta=\"{&quot;aperture&quot;:&quot;0&quot;,&quot;credit&quot;:&quot;&quot;,&quot;camera&quot;:&quot;&quot;,&quot;caption&quot;:&quot;&quot;,&quot;created_timestamp&quot;:&quot;0&quot;,&quot;copyright&quot;:&quot;&quot;,&quot;focal_length&quot;:&quot;0&quot;,&quot;iso&quot;:&quot;0&quot;,&quot;shutter_speed&quot;:&quot;0&quot;,&quot;title&quot;:&quot;&quot;,&quot;orientation&quot;:&quot;0&quot;}\" data-image-title=\"Machado Nauar, estilismo de primer nivel\" data-image-description=\"\" data-image-caption=\"\" data-large-file=\"https:\/\/i0.wp.com\/empresasyeventos.com.uy\/wp-content\/uploads\/2026\/04\/WhatsApp-Image-2026-04-28-at-10.07.54-AM.jpeg?fit=800%2C533&amp;ssl=1\" data-id=\"3852\" src=\"https:\/\/i0.wp.com\/empresasyeventos.com.uy\/wp-content\/uploads\/2026\/04\/WhatsApp-Image-2026-04-28-at-10.07.54-AM.jpeg?resize=696%2C464&#038;ssl=1\" alt=\"\" class=\"wp-image-3852\" srcset=\"https:\/\/i0.wp.com\/empresasyeventos.com.uy\/wp-content\/uploads\/2026\/04\/WhatsApp-Image-2026-04-28-at-10.07.54-AM.jpeg?w=800&amp;ssl=1 800w, https:\/\/i0.wp.com\/empresasyeventos.com.uy\/wp-content\/uploads\/2026\/04\/WhatsApp-Image-2026-04-28-at-10.07.54-AM.jpeg?resize=768%2C512&amp;ssl=1 768w, https:\/\/i0.wp.com\/empresasyeventos.com.uy\/wp-content\/uploads\/2026\/04\/WhatsApp-Image-2026-04-28-at-10.07.54-AM.jpeg?resize=150%2C100&amp;ssl=1 150w, https:\/\/i0.wp.com\/empresasyeventos.com.uy\/wp-content\/uploads\/2026\/04\/WhatsApp-Image-2026-04-28-at-10.07.54-AM.jpeg?resize=300%2C200&amp;ssl=1 300w, https:\/\/i0.wp.com\/empresasyeventos.com.uy\/wp-content\/uploads\/2026\/04\/WhatsApp-Image-2026-04-28-at-10.07.54-AM.jpeg?resize=696%2C464&amp;ssl=1 696w\" sizes=\"(max-width: 696px) 100vw, 696px\" \/><\/figure>\n\n\n\n<figure class=\"wp-block-image size-large\"><img data-recalc-dims=\"1\" decoding=\"async\" width=\"696\" height=\"471\" data-attachment-id=\"3851\" data-permalink=\"https:\/\/empresasyeventos.com.uy\/index.php\/2026\/04\/29\/machado-nauar-estilismo-de-primer-nivel\/whatsapp-image-2026-04-28-at-10-07-53-am-2\/\" data-orig-file=\"https:\/\/i0.wp.com\/empresasyeventos.com.uy\/wp-content\/uploads\/2026\/04\/WhatsApp-Image-2026-04-28-at-10.07.53-AM-2.jpeg?fit=800%2C541&amp;ssl=1\" data-orig-size=\"800,541\" data-comments-opened=\"0\" data-image-meta=\"{&quot;aperture&quot;:&quot;0&quot;,&quot;credit&quot;:&quot;&quot;,&quot;camera&quot;:&quot;&quot;,&quot;caption&quot;:&quot;&quot;,&quot;created_timestamp&quot;:&quot;0&quot;,&quot;copyright&quot;:&quot;&quot;,&quot;focal_length&quot;:&quot;0&quot;,&quot;iso&quot;:&quot;0&quot;,&quot;shutter_speed&quot;:&quot;0&quot;,&quot;title&quot;:&quot;&quot;,&quot;orientation&quot;:&quot;0&quot;}\" data-image-title=\"Machado Nauar, estilismo de primer nivel\" data-image-description=\"\" data-image-caption=\"\" data-large-file=\"https:\/\/i0.wp.com\/empresasyeventos.com.uy\/wp-content\/uploads\/2026\/04\/WhatsApp-Image-2026-04-28-at-10.07.53-AM-2.jpeg?fit=800%2C541&amp;ssl=1\" data-id=\"3851\" src=\"https:\/\/i0.wp.com\/empresasyeventos.com.uy\/wp-content\/uploads\/2026\/04\/WhatsApp-Image-2026-04-28-at-10.07.53-AM-2.jpeg?resize=696%2C471&#038;ssl=1\" alt=\"\" class=\"wp-image-3851\" srcset=\"https:\/\/i0.wp.com\/empresasyeventos.com.uy\/wp-content\/uploads\/2026\/04\/WhatsApp-Image-2026-04-28-at-10.07.53-AM-2.jpeg?w=800&amp;ssl=1 800w, https:\/\/i0.wp.com\/empresasyeventos.com.uy\/wp-content\/uploads\/2026\/04\/WhatsApp-Image-2026-04-28-at-10.07.53-AM-2.jpeg?resize=768%2C519&amp;ssl=1 768w, https:\/\/i0.wp.com\/empresasyeventos.com.uy\/wp-content\/uploads\/2026\/04\/WhatsApp-Image-2026-04-28-at-10.07.53-AM-2.jpeg?resize=150%2C101&amp;ssl=1 150w, https:\/\/i0.wp.com\/empresasyeventos.com.uy\/wp-content\/uploads\/2026\/04\/WhatsApp-Image-2026-04-28-at-10.07.53-AM-2.jpeg?resize=300%2C203&amp;ssl=1 300w, https:\/\/i0.wp.com\/empresasyeventos.com.uy\/wp-content\/uploads\/2026\/04\/WhatsApp-Image-2026-04-28-at-10.07.53-AM-2.jpeg?resize=696%2C471&amp;ssl=1 696w\" sizes=\"(max-width: 696px) 100vw, 696px\" \/><\/figure>\n\n\n\n<figure class=\"wp-block-image size-large\"><img data-recalc-dims=\"1\" decoding=\"async\" width=\"696\" height=\"928\" data-attachment-id=\"3850\" data-permalink=\"https:\/\/empresasyeventos.com.uy\/index.php\/2026\/04\/29\/machado-nauar-estilismo-de-primer-nivel\/whatsapp-image-2026-04-28-at-10-07-53-am-1\/\" data-orig-file=\"https:\/\/i0.wp.com\/empresasyeventos.com.uy\/wp-content\/uploads\/2026\/04\/WhatsApp-Image-2026-04-28-at-10.07.53-AM-1.jpeg?fit=800%2C1067&amp;ssl=1\" data-orig-size=\"800,1067\" data-comments-opened=\"0\" data-image-meta=\"{&quot;aperture&quot;:&quot;0&quot;,&quot;credit&quot;:&quot;&quot;,&quot;camera&quot;:&quot;&quot;,&quot;caption&quot;:&quot;&quot;,&quot;created_timestamp&quot;:&quot;0&quot;,&quot;copyright&quot;:&quot;&quot;,&quot;focal_length&quot;:&quot;0&quot;,&quot;iso&quot;:&quot;0&quot;,&quot;shutter_speed&quot;:&quot;0&quot;,&quot;title&quot;:&quot;&quot;,&quot;orientation&quot;:&quot;0&quot;}\" data-image-title=\"Machado Nauar, estilismo de primer nivel\" data-image-description=\"\" data-image-caption=\"\" data-large-file=\"https:\/\/i0.wp.com\/empresasyeventos.com.uy\/wp-content\/uploads\/2026\/04\/WhatsApp-Image-2026-04-28-at-10.07.53-AM-1.jpeg?fit=800%2C1067&amp;ssl=1\" data-id=\"3850\" src=\"https:\/\/i0.wp.com\/empresasyeventos.com.uy\/wp-content\/uploads\/2026\/04\/WhatsApp-Image-2026-04-28-at-10.07.53-AM-1.jpeg?resize=696%2C928&#038;ssl=1\" alt=\"\" class=\"wp-image-3850\" srcset=\"https:\/\/i0.wp.com\/empresasyeventos.com.uy\/wp-content\/uploads\/2026\/04\/WhatsApp-Image-2026-04-28-at-10.07.53-AM-1.jpeg?w=800&amp;ssl=1 800w, https:\/\/i0.wp.com\/empresasyeventos.com.uy\/wp-content\/uploads\/2026\/04\/WhatsApp-Image-2026-04-28-at-10.07.53-AM-1.jpeg?resize=768%2C1024&amp;ssl=1 768w, https:\/\/i0.wp.com\/empresasyeventos.com.uy\/wp-content\/uploads\/2026\/04\/WhatsApp-Image-2026-04-28-at-10.07.53-AM-1.jpeg?resize=150%2C200&amp;ssl=1 150w, https:\/\/i0.wp.com\/empresasyeventos.com.uy\/wp-content\/uploads\/2026\/04\/WhatsApp-Image-2026-04-28-at-10.07.53-AM-1.jpeg?resize=300%2C400&amp;ssl=1 300w, https:\/\/i0.wp.com\/empresasyeventos.com.uy\/wp-content\/uploads\/2026\/04\/WhatsApp-Image-2026-04-28-at-10.07.53-AM-1.jpeg?resize=696%2C928&amp;ssl=1 696w\" sizes=\"(max-width: 696px) 100vw, 696px\" \/><\/figure>\n<\/figure>\n","protected":false},"excerpt":{"rendered":"<p>Empresas&amp;Eventos se junt\u00f3 con Jorge Machado Nauar, estilista de estirpe para hablar de un rubro que cada d\u00eda crece m\u00e1s en nuestro pa\u00eds. C\u00f3mo empezaste en el estilismo? Empec\u00e9 en [&hellip;]<\/p>\n","protected":false},"author":1,"featured_media":3849,"comment_status":"closed","ping_status":"open","sticky":false,"template":"","format":"standard","meta":{"_exactmetrics_skip_tracking":false,"_exactmetrics_sitenote_active":false,"_exactmetrics_sitenote_note":"","_exactmetrics_sitenote_category":0,"_jetpack_memberships_contains_paid_content":false,"footnotes":"","jetpack_publicize_message":"","jetpack_publicize_feature_enabled":true,"jetpack_social_post_already_shared":true,"jetpack_social_options":{"image_generator_settings":{"template":"highway","default_image_id":0,"font":"","enabled":false},"version":2}},"categories":[58],"tags":[],"class_list":["post-3848","post","type-post","status-publish","format-standard","has-post-thumbnail","category-buen-vivir"],"yoast_head":"<!-- This site is optimized with the Yoast SEO plugin v27.5 - https:\/\/yoast.com\/product\/yoast-seo-wordpress\/ -->\n<title>Machado Nauar, estilismo de primer nivel - Empresas &amp; Eventos<\/title>\n<meta name=\"robots\" content=\"index, follow, max-snippet:-1, max-image-preview:large, max-video-preview:-1\" \/>\n<link rel=\"canonical\" href=\"https:\/\/empresasyeventos.com.uy\/index.php\/2026\/04\/29\/machado-nauar-estilismo-de-primer-nivel\/\" \/>\n<meta property=\"og:locale\" content=\"es_ES\" \/>\n<meta property=\"og:type\" content=\"article\" \/>\n<meta property=\"og:title\" content=\"Machado Nauar, estilismo de primer nivel - Empresas &amp; Eventos\" \/>\n<meta property=\"og:description\" content=\"Empresas&amp;Eventos se junt\u00f3 con Jorge Machado Nauar, estilista de estirpe para hablar de un rubro que cada d\u00eda crece m\u00e1s en nuestro pa\u00eds. C\u00f3mo empezaste en el estilismo? Empec\u00e9 en [&hellip;]\" \/>\n<meta property=\"og:url\" content=\"https:\/\/empresasyeventos.com.uy\/index.php\/2026\/04\/29\/machado-nauar-estilismo-de-primer-nivel\/\" \/>\n<meta property=\"og:site_name\" content=\"Empresas &amp; Eventos\" \/>\n<meta property=\"article:published_time\" content=\"2026-04-29T11:32:23+00:00\" \/>\n<meta property=\"article:modified_time\" content=\"2026-04-29T11:32:27+00:00\" \/>\n<meta property=\"og:image\" content=\"http:\/\/empresasyeventos.com.uy\/wp-content\/uploads\/2026\/04\/WhatsApp-Image-2026-04-28-at-10.07.54-AM-1.jpeg\" \/>\n\t<meta property=\"og:image:width\" content=\"800\" \/>\n\t<meta property=\"og:image:height\" content=\"532\" \/>\n\t<meta property=\"og:image:type\" content=\"image\/jpeg\" \/>\n<meta name=\"author\" content=\"Alvaro\" \/>\n<meta name=\"twitter:card\" content=\"summary_large_image\" \/>\n<meta name=\"twitter:label1\" content=\"Escrito por\" \/>\n\t<meta name=\"twitter:data1\" content=\"Alvaro\" \/>\n\t<meta name=\"twitter:label2\" content=\"Tiempo de lectura\" \/>\n\t<meta name=\"twitter:data2\" content=\"5 minutos\" \/>\n<script type=\"application\/ld+json\" class=\"yoast-schema-graph\">{\"@context\":\"https:\\\/\\\/schema.org\",\"@graph\":[{\"@type\":\"Article\",\"@id\":\"https:\\\/\\\/empresasyeventos.com.uy\\\/index.php\\\/2026\\\/04\\\/29\\\/machado-nauar-estilismo-de-primer-nivel\\\/#article\",\"isPartOf\":{\"@id\":\"https:\\\/\\\/empresasyeventos.com.uy\\\/index.php\\\/2026\\\/04\\\/29\\\/machado-nauar-estilismo-de-primer-nivel\\\/\"},\"author\":{\"name\":\"Alvaro\",\"@id\":\"https:\\\/\\\/empresasyeventos.com.uy\\\/#\\\/schema\\\/person\\\/bad32f4c82dc0dcc552d9c237c4eabe2\"},\"headline\":\"Machado Nauar, estilismo de primer nivel\",\"datePublished\":\"2026-04-29T11:32:23+00:00\",\"dateModified\":\"2026-04-29T11:32:27+00:00\",\"mainEntityOfPage\":{\"@id\":\"https:\\\/\\\/empresasyeventos.com.uy\\\/index.php\\\/2026\\\/04\\\/29\\\/machado-nauar-estilismo-de-primer-nivel\\\/\"},\"wordCount\":579,\"image\":{\"@id\":\"https:\\\/\\\/empresasyeventos.com.uy\\\/index.php\\\/2026\\\/04\\\/29\\\/machado-nauar-estilismo-de-primer-nivel\\\/#primaryimage\"},\"thumbnailUrl\":\"https:\\\/\\\/i0.wp.com\\\/empresasyeventos.com.uy\\\/wp-content\\\/uploads\\\/2026\\\/04\\\/WhatsApp-Image-2026-04-28-at-10.07.54-AM-1.jpeg?fit=800%2C532&ssl=1\",\"articleSection\":[\"Buen Vivir\"],\"inLanguage\":\"es\"},{\"@type\":\"WebPage\",\"@id\":\"https:\\\/\\\/empresasyeventos.com.uy\\\/index.php\\\/2026\\\/04\\\/29\\\/machado-nauar-estilismo-de-primer-nivel\\\/\",\"url\":\"https:\\\/\\\/empresasyeventos.com.uy\\\/index.php\\\/2026\\\/04\\\/29\\\/machado-nauar-estilismo-de-primer-nivel\\\/\",\"name\":\"Machado Nauar, estilismo de primer nivel - Empresas &amp; Eventos\",\"isPartOf\":{\"@id\":\"https:\\\/\\\/empresasyeventos.com.uy\\\/#website\"},\"primaryImageOfPage\":{\"@id\":\"https:\\\/\\\/empresasyeventos.com.uy\\\/index.php\\\/2026\\\/04\\\/29\\\/machado-nauar-estilismo-de-primer-nivel\\\/#primaryimage\"},\"image\":{\"@id\":\"https:\\\/\\\/empresasyeventos.com.uy\\\/index.php\\\/2026\\\/04\\\/29\\\/machado-nauar-estilismo-de-primer-nivel\\\/#primaryimage\"},\"thumbnailUrl\":\"https:\\\/\\\/i0.wp.com\\\/empresasyeventos.com.uy\\\/wp-content\\\/uploads\\\/2026\\\/04\\\/WhatsApp-Image-2026-04-28-at-10.07.54-AM-1.jpeg?fit=800%2C532&ssl=1\",\"datePublished\":\"2026-04-29T11:32:23+00:00\",\"dateModified\":\"2026-04-29T11:32:27+00:00\",\"author\":{\"@id\":\"https:\\\/\\\/empresasyeventos.com.uy\\\/#\\\/schema\\\/person\\\/bad32f4c82dc0dcc552d9c237c4eabe2\"},\"breadcrumb\":{\"@id\":\"https:\\\/\\\/empresasyeventos.com.uy\\\/index.php\\\/2026\\\/04\\\/29\\\/machado-nauar-estilismo-de-primer-nivel\\\/#breadcrumb\"},\"inLanguage\":\"es\",\"potentialAction\":[{\"@type\":\"ReadAction\",\"target\":[\"https:\\\/\\\/empresasyeventos.com.uy\\\/index.php\\\/2026\\\/04\\\/29\\\/machado-nauar-estilismo-de-primer-nivel\\\/\"]}]},{\"@type\":\"ImageObject\",\"inLanguage\":\"es\",\"@id\":\"https:\\\/\\\/empresasyeventos.com.uy\\\/index.php\\\/2026\\\/04\\\/29\\\/machado-nauar-estilismo-de-primer-nivel\\\/#primaryimage\",\"url\":\"https:\\\/\\\/i0.wp.com\\\/empresasyeventos.com.uy\\\/wp-content\\\/uploads\\\/2026\\\/04\\\/WhatsApp-Image-2026-04-28-at-10.07.54-AM-1.jpeg?fit=800%2C532&ssl=1\",\"contentUrl\":\"https:\\\/\\\/i0.wp.com\\\/empresasyeventos.com.uy\\\/wp-content\\\/uploads\\\/2026\\\/04\\\/WhatsApp-Image-2026-04-28-at-10.07.54-AM-1.jpeg?fit=800%2C532&ssl=1\",\"width\":800,\"height\":532},{\"@type\":\"BreadcrumbList\",\"@id\":\"https:\\\/\\\/empresasyeventos.com.uy\\\/index.php\\\/2026\\\/04\\\/29\\\/machado-nauar-estilismo-de-primer-nivel\\\/#breadcrumb\",\"itemListElement\":[{\"@type\":\"ListItem\",\"position\":1,\"name\":\"Home\",\"item\":\"https:\\\/\\\/empresasyeventos.com.uy\\\/\"},{\"@type\":\"ListItem\",\"position\":2,\"name\":\"Machado Nauar, estilismo de primer nivel\"}]},{\"@type\":\"WebSite\",\"@id\":\"https:\\\/\\\/empresasyeventos.com.uy\\\/#website\",\"url\":\"https:\\\/\\\/empresasyeventos.com.uy\\\/\",\"name\":\"Empresas &amp; Eventos\",\"description\":\"Portal de noticias de Empresas y Eventos\",\"potentialAction\":[{\"@type\":\"SearchAction\",\"target\":{\"@type\":\"EntryPoint\",\"urlTemplate\":\"https:\\\/\\\/empresasyeventos.com.uy\\\/?s={search_term_string}\"},\"query-input\":{\"@type\":\"PropertyValueSpecification\",\"valueRequired\":true,\"valueName\":\"search_term_string\"}}],\"inLanguage\":\"es\"},{\"@type\":\"Person\",\"@id\":\"https:\\\/\\\/empresasyeventos.com.uy\\\/#\\\/schema\\\/person\\\/bad32f4c82dc0dcc552d9c237c4eabe2\",\"name\":\"Alvaro\",\"image\":{\"@type\":\"ImageObject\",\"inLanguage\":\"es\",\"@id\":\"https:\\\/\\\/empresasyeventos.com.uy\\\/wp-content\\\/litespeed\\\/avatar\\\/02be975608cf76e8c82ab3130f64f4e1.jpg?ver=1777400938\",\"url\":\"https:\\\/\\\/empresasyeventos.com.uy\\\/wp-content\\\/litespeed\\\/avatar\\\/02be975608cf76e8c82ab3130f64f4e1.jpg?ver=1777400938\",\"contentUrl\":\"https:\\\/\\\/empresasyeventos.com.uy\\\/wp-content\\\/litespeed\\\/avatar\\\/02be975608cf76e8c82ab3130f64f4e1.jpg?ver=1777400938\",\"caption\":\"Alvaro\"},\"url\":\"https:\\\/\\\/empresasyeventos.com.uy\\\/index.php\\\/author\\\/alvaro\\\/\"}]}<\/script>\n<!-- \/ Yoast SEO plugin. -->","yoast_head_json":{"title":"Machado Nauar, estilismo de primer nivel - Empresas &amp; Eventos","robots":{"index":"index","follow":"follow","max-snippet":"max-snippet:-1","max-image-preview":"max-image-preview:large","max-video-preview":"max-video-preview:-1"},"canonical":"https:\/\/empresasyeventos.com.uy\/index.php\/2026\/04\/29\/machado-nauar-estilismo-de-primer-nivel\/","og_locale":"es_ES","og_type":"article","og_title":"Machado Nauar, estilismo de primer nivel - Empresas &amp; Eventos","og_description":"Empresas&amp;Eventos se junt\u00f3 con Jorge Machado Nauar, estilista de estirpe para hablar de un rubro que cada d\u00eda crece m\u00e1s en nuestro pa\u00eds. C\u00f3mo empezaste en el estilismo? Empec\u00e9 en [&hellip;]","og_url":"https:\/\/empresasyeventos.com.uy\/index.php\/2026\/04\/29\/machado-nauar-estilismo-de-primer-nivel\/","og_site_name":"Empresas &amp; Eventos","article_published_time":"2026-04-29T11:32:23+00:00","article_modified_time":"2026-04-29T11:32:27+00:00","og_image":[{"width":800,"height":532,"url":"http:\/\/empresasyeventos.com.uy\/wp-content\/uploads\/2026\/04\/WhatsApp-Image-2026-04-28-at-10.07.54-AM-1.jpeg","type":"image\/jpeg"}],"author":"Alvaro","twitter_card":"summary_large_image","twitter_misc":{"Escrito por":"Alvaro","Tiempo de lectura":"5 minutos"},"schema":{"@context":"https:\/\/schema.org","@graph":[{"@type":"Article","@id":"https:\/\/empresasyeventos.com.uy\/index.php\/2026\/04\/29\/machado-nauar-estilismo-de-primer-nivel\/#article","isPartOf":{"@id":"https:\/\/empresasyeventos.com.uy\/index.php\/2026\/04\/29\/machado-nauar-estilismo-de-primer-nivel\/"},"author":{"name":"Alvaro","@id":"https:\/\/empresasyeventos.com.uy\/#\/schema\/person\/bad32f4c82dc0dcc552d9c237c4eabe2"},"headline":"Machado Nauar, estilismo de primer nivel","datePublished":"2026-04-29T11:32:23+00:00","dateModified":"2026-04-29T11:32:27+00:00","mainEntityOfPage":{"@id":"https:\/\/empresasyeventos.com.uy\/index.php\/2026\/04\/29\/machado-nauar-estilismo-de-primer-nivel\/"},"wordCount":579,"image":{"@id":"https:\/\/empresasyeventos.com.uy\/index.php\/2026\/04\/29\/machado-nauar-estilismo-de-primer-nivel\/#primaryimage"},"thumbnailUrl":"https:\/\/i0.wp.com\/empresasyeventos.com.uy\/wp-content\/uploads\/2026\/04\/WhatsApp-Image-2026-04-28-at-10.07.54-AM-1.jpeg?fit=800%2C532&ssl=1","articleSection":["Buen Vivir"],"inLanguage":"es"},{"@type":"WebPage","@id":"https:\/\/empresasyeventos.com.uy\/index.php\/2026\/04\/29\/machado-nauar-estilismo-de-primer-nivel\/","url":"https:\/\/empresasyeventos.com.uy\/index.php\/2026\/04\/29\/machado-nauar-estilismo-de-primer-nivel\/","name":"Machado Nauar, estilismo de primer nivel - Empresas &amp; Eventos","isPartOf":{"@id":"https:\/\/empresasyeventos.com.uy\/#website"},"primaryImageOfPage":{"@id":"https:\/\/empresasyeventos.com.uy\/index.php\/2026\/04\/29\/machado-nauar-estilismo-de-primer-nivel\/#primaryimage"},"image":{"@id":"https:\/\/empresasyeventos.com.uy\/index.php\/2026\/04\/29\/machado-nauar-estilismo-de-primer-nivel\/#primaryimage"},"thumbnailUrl":"https:\/\/i0.wp.com\/empresasyeventos.com.uy\/wp-content\/uploads\/2026\/04\/WhatsApp-Image-2026-04-28-at-10.07.54-AM-1.jpeg?fit=800%2C532&ssl=1","datePublished":"2026-04-29T11:32:23+00:00","dateModified":"2026-04-29T11:32:27+00:00","author":{"@id":"https:\/\/empresasyeventos.com.uy\/#\/schema\/person\/bad32f4c82dc0dcc552d9c237c4eabe2"},"breadcrumb":{"@id":"https:\/\/empresasyeventos.com.uy\/index.php\/2026\/04\/29\/machado-nauar-estilismo-de-primer-nivel\/#breadcrumb"},"inLanguage":"es","potentialAction":[{"@type":"ReadAction","target":["https:\/\/empresasyeventos.com.uy\/index.php\/2026\/04\/29\/machado-nauar-estilismo-de-primer-nivel\/"]}]},{"@type":"ImageObject","inLanguage":"es","@id":"https:\/\/empresasyeventos.com.uy\/index.php\/2026\/04\/29\/machado-nauar-estilismo-de-primer-nivel\/#primaryimage","url":"https:\/\/i0.wp.com\/empresasyeventos.com.uy\/wp-content\/uploads\/2026\/04\/WhatsApp-Image-2026-04-28-at-10.07.54-AM-1.jpeg?fit=800%2C532&ssl=1","contentUrl":"https:\/\/i0.wp.com\/empresasyeventos.com.uy\/wp-content\/uploads\/2026\/04\/WhatsApp-Image-2026-04-28-at-10.07.54-AM-1.jpeg?fit=800%2C532&ssl=1","width":800,"height":532},{"@type":"BreadcrumbList","@id":"https:\/\/empresasyeventos.com.uy\/index.php\/2026\/04\/29\/machado-nauar-estilismo-de-primer-nivel\/#breadcrumb","itemListElement":[{"@type":"ListItem","position":1,"name":"Home","item":"https:\/\/empresasyeventos.com.uy\/"},{"@type":"ListItem","position":2,"name":"Machado Nauar, estilismo de primer nivel"}]},{"@type":"WebSite","@id":"https:\/\/empresasyeventos.com.uy\/#website","url":"https:\/\/empresasyeventos.com.uy\/","name":"Empresas &amp; Eventos","description":"Portal de noticias de Empresas y Eventos","potentialAction":[{"@type":"SearchAction","target":{"@type":"EntryPoint","urlTemplate":"https:\/\/empresasyeventos.com.uy\/?s={search_term_string}"},"query-input":{"@type":"PropertyValueSpecification","valueRequired":true,"valueName":"search_term_string"}}],"inLanguage":"es"},{"@type":"Person","@id":"https:\/\/empresasyeventos.com.uy\/#\/schema\/person\/bad32f4c82dc0dcc552d9c237c4eabe2","name":"Alvaro","image":{"@type":"ImageObject","inLanguage":"es","@id":"https:\/\/empresasyeventos.com.uy\/wp-content\/litespeed\/avatar\/02be975608cf76e8c82ab3130f64f4e1.jpg?ver=1777400938","url":"https:\/\/empresasyeventos.com.uy\/wp-content\/litespeed\/avatar\/02be975608cf76e8c82ab3130f64f4e1.jpg?ver=1777400938","contentUrl":"https:\/\/empresasyeventos.com.uy\/wp-content\/litespeed\/avatar\/02be975608cf76e8c82ab3130f64f4e1.jpg?ver=1777400938","caption":"Alvaro"},"url":"https:\/\/empresasyeventos.com.uy\/index.php\/author\/alvaro\/"}]}},"jetpack_publicize_connections":[],"jetpack_featured_media_url":"https:\/\/i0.wp.com\/empresasyeventos.com.uy\/wp-content\/uploads\/2026\/04\/WhatsApp-Image-2026-04-28-at-10.07.54-AM-1.jpeg?fit=800%2C532&ssl=1","jetpack_sharing_enabled":true,"_links":{"self":[{"href":"https:\/\/empresasyeventos.com.uy\/index.php\/wp-json\/wp\/v2\/posts\/3848","targetHints":{"allow":["GET"]}}],"collection":[{"href":"https:\/\/empresasyeventos.com.uy\/index.php\/wp-json\/wp\/v2\/posts"}],"about":[{"href":"https:\/\/empresasyeventos.com.uy\/index.php\/wp-json\/wp\/v2\/types\/post"}],"author":[{"embeddable":true,"href":"https:\/\/empresasyeventos.com.uy\/index.php\/wp-json\/wp\/v2\/users\/1"}],"replies":[{"embeddable":true,"href":"https:\/\/empresasyeventos.com.uy\/index.php\/wp-json\/wp\/v2\/comments?post=3848"}],"version-history":[{"count":1,"href":"https:\/\/empresasyeventos.com.uy\/index.php\/wp-json\/wp\/v2\/posts\/3848\/revisions"}],"predecessor-version":[{"id":3858,"href":"https:\/\/empresasyeventos.com.uy\/index.php\/wp-json\/wp\/v2\/posts\/3848\/revisions\/3858"}],"wp:featuredmedia":[{"embeddable":true,"href":"https:\/\/empresasyeventos.com.uy\/index.php\/wp-json\/wp\/v2\/media\/3849"}],"wp:attachment":[{"href":"https:\/\/empresasyeventos.com.uy\/index.php\/wp-json\/wp\/v2\/media?parent=3848"}],"wp:term":[{"taxonomy":"category","embeddable":true,"href":"https:\/\/empresasyeventos.com.uy\/index.php\/wp-json\/wp\/v2\/categories?post=3848"},{"taxonomy":"post_tag","embeddable":true,"href":"https:\/\/empresasyeventos.com.uy\/index.php\/wp-json\/wp\/v2\/tags?post=3848"}],"curies":[{"name":"wp","href":"https:\/\/api.w.org\/{rel}","templated":true}]}}