{"id":3845,"date":"2026-04-29T13:28:05","date_gmt":"2026-04-29T11:28:05","guid":{"rendered":"https:\/\/empresasyeventos.com.uy\/?p=3845"},"modified":"2026-04-29T13:28:09","modified_gmt":"2026-04-29T11:28:09","slug":"coca-cola-femsa-uruguay-inauguro-su-nueva-linea-de-produccion-de-latas","status":"publish","type":"post","link":"https:\/\/empresasyeventos.com.uy\/index.php\/2026\/04\/29\/coca-cola-femsa-uruguay-inauguro-su-nueva-linea-de-produccion-de-latas\/","title":{"rendered":"Coca-Cola FEMSA Uruguay inaugur\u00f3 su nueva l\u00ednea de producci\u00f3n de latas"},"content":{"rendered":"\n<p>Coca-Cola FEMSA Uruguay inaugur\u00f3 su nueva l\u00ednea de producci\u00f3n de latas en la planta de Montevideo, incorporando por primera vez la fabricaci\u00f3n local de este formato. El proyecto implic\u00f3 una inversi\u00f3n de US$ 8,5 millones y permite producir en el pa\u00eds el 100% del portafolio de refrescos de la compa\u00f1\u00eda en todos sus empaques. El acto de inauguraci\u00f3n cont\u00f3 con la presencia del presidente de la Rep\u00fablica, Yamand\u00fa Orsi, junto a autoridades nacionales y representantes de Coca-Cola FEMSA, quienes participaron en el corte de cinta oficial.&nbsp;<\/p>\n\n\n\n<p>La nueva l\u00ednea tiene una capacidad de 1,5 millones de latas mensuales y estar\u00e1 destinada al portafolio de bebidas Coca-Cola en Uruguay. Incorpora tecnolog\u00eda de \u00faltima generaci\u00f3n, completamente automatizada, con altos est\u00e1ndares de seguridad, eficiencia operativa y energ\u00e9tica. Entre sus principales atributos se destacan el ahorro significativo de agua mediante un sistema de lubricaci\u00f3n en seco y una empacadora con sistemas autom\u00e1ticos de apertura y cierre de horno.<\/p>\n\n\n\n<p>Coca-Cola FEMSA refuerza su compromiso de largo plazo con Uruguay, impulsa el desarrollo industrial y fortalece sus capacidades productivas, con foco en el futuro y en las necesidades de los consumidores.<\/p>\n","protected":false},"excerpt":{"rendered":"<p>Coca-Cola FEMSA Uruguay inaugur\u00f3 su nueva l\u00ednea de producci\u00f3n de latas en la planta de Montevideo, incorporando por primera vez la fabricaci\u00f3n local de este formato. El proyecto implic\u00f3 una [&hellip;]<\/p>\n","protected":false},"author":1,"featured_media":3846,"comment_status":"closed","ping_status":"open","sticky":false,"template":"","format":"standard","meta":{"_exactmetrics_skip_tracking":false,"_exactmetrics_sitenote_active":false,"_exactmetrics_sitenote_note":"","_exactmetrics_sitenote_category":0,"_jetpack_memberships_contains_paid_content":false,"footnotes":"","jetpack_publicize_message":"","jetpack_publicize_feature_enabled":true,"jetpack_social_post_already_shared":true,"jetpack_social_options":{"image_generator_settings":{"template":"highway","default_image_id":0,"font":"","enabled":false},"version":2}},"categories":[56],"tags":[],"class_list":["post-3845","post","type-post","status-publish","format-standard","has-post-thumbnail","category-empresas"],"yoast_head":"<!-- This site is optimized with the Yoast SEO plugin v27.5 - https:\/\/yoast.com\/product\/yoast-seo-wordpress\/ -->\n<title>Coca-Cola FEMSA Uruguay inaugur\u00f3 su nueva l\u00ednea de producci\u00f3n de latas - Empresas &amp; Eventos<\/title>\n<meta name=\"robots\" content=\"index, follow, max-snippet:-1, max-image-preview:large, max-video-preview:-1\" \/>\n<link rel=\"canonical\" href=\"https:\/\/empresasyeventos.com.uy\/index.php\/2026\/04\/29\/coca-cola-femsa-uruguay-inauguro-su-nueva-linea-de-produccion-de-latas\/\" \/>\n<meta property=\"og:locale\" content=\"es_ES\" \/>\n<meta property=\"og:type\" content=\"article\" \/>\n<meta property=\"og:title\" content=\"Coca-Cola FEMSA Uruguay inaugur\u00f3 su nueva l\u00ednea de producci\u00f3n de latas - Empresas &amp; Eventos\" \/>\n<meta property=\"og:description\" content=\"Coca-Cola FEMSA Uruguay inaugur\u00f3 su nueva l\u00ednea de producci\u00f3n de latas en la planta de Montevideo, incorporando por primera vez la fabricaci\u00f3n local de este formato. El proyecto implic\u00f3 una [&hellip;]\" \/>\n<meta property=\"og:url\" content=\"https:\/\/empresasyeventos.com.uy\/index.php\/2026\/04\/29\/coca-cola-femsa-uruguay-inauguro-su-nueva-linea-de-produccion-de-latas\/\" \/>\n<meta property=\"og:site_name\" content=\"Empresas &amp; Eventos\" \/>\n<meta property=\"article:published_time\" content=\"2026-04-29T11:28:05+00:00\" \/>\n<meta property=\"article:modified_time\" content=\"2026-04-29T11:28:09+00:00\" \/>\n<meta property=\"og:image\" content=\"http:\/\/empresasyeventos.com.uy\/wp-content\/uploads\/2026\/04\/Coca-Cola-FEMSA-Uruguay-inauguro-su-nueva-linea-de-produccion-de-latas.jpg\" \/>\n\t<meta property=\"og:image:width\" content=\"800\" \/>\n\t<meta property=\"og:image:height\" content=\"534\" \/>\n\t<meta property=\"og:image:type\" content=\"image\/jpeg\" \/>\n<meta name=\"author\" content=\"Alvaro\" \/>\n<meta name=\"twitter:card\" content=\"summary_large_image\" \/>\n<meta name=\"twitter:label1\" content=\"Escrito por\" \/>\n\t<meta name=\"twitter:data1\" content=\"Alvaro\" \/>\n\t<meta name=\"twitter:label2\" content=\"Tiempo de lectura\" \/>\n\t<meta name=\"twitter:data2\" content=\"2 minutos\" \/>\n<script type=\"application\/ld+json\" class=\"yoast-schema-graph\">{\"@context\":\"https:\\\/\\\/schema.org\",\"@graph\":[{\"@type\":\"Article\",\"@id\":\"https:\\\/\\\/empresasyeventos.com.uy\\\/index.php\\\/2026\\\/04\\\/29\\\/coca-cola-femsa-uruguay-inauguro-su-nueva-linea-de-produccion-de-latas\\\/#article\",\"isPartOf\":{\"@id\":\"https:\\\/\\\/empresasyeventos.com.uy\\\/index.php\\\/2026\\\/04\\\/29\\\/coca-cola-femsa-uruguay-inauguro-su-nueva-linea-de-produccion-de-latas\\\/\"},\"author\":{\"name\":\"Alvaro\",\"@id\":\"https:\\\/\\\/empresasyeventos.com.uy\\\/#\\\/schema\\\/person\\\/bad32f4c82dc0dcc552d9c237c4eabe2\"},\"headline\":\"Coca-Cola FEMSA Uruguay inaugur\u00f3 su nueva l\u00ednea de producci\u00f3n de latas\",\"datePublished\":\"2026-04-29T11:28:05+00:00\",\"dateModified\":\"2026-04-29T11:28:09+00:00\",\"mainEntityOfPage\":{\"@id\":\"https:\\\/\\\/empresasyeventos.com.uy\\\/index.php\\\/2026\\\/04\\\/29\\\/coca-cola-femsa-uruguay-inauguro-su-nueva-linea-de-produccion-de-latas\\\/\"},\"wordCount\":211,\"image\":{\"@id\":\"https:\\\/\\\/empresasyeventos.com.uy\\\/index.php\\\/2026\\\/04\\\/29\\\/coca-cola-femsa-uruguay-inauguro-su-nueva-linea-de-produccion-de-latas\\\/#primaryimage\"},\"thumbnailUrl\":\"https:\\\/\\\/i0.wp.com\\\/empresasyeventos.com.uy\\\/wp-content\\\/uploads\\\/2026\\\/04\\\/Coca-Cola-FEMSA-Uruguay-inauguro-su-nueva-linea-de-produccion-de-latas.jpg?fit=800%2C534&ssl=1\",\"articleSection\":[\"Empresas\"],\"inLanguage\":\"es\"},{\"@type\":\"WebPage\",\"@id\":\"https:\\\/\\\/empresasyeventos.com.uy\\\/index.php\\\/2026\\\/04\\\/29\\\/coca-cola-femsa-uruguay-inauguro-su-nueva-linea-de-produccion-de-latas\\\/\",\"url\":\"https:\\\/\\\/empresasyeventos.com.uy\\\/index.php\\\/2026\\\/04\\\/29\\\/coca-cola-femsa-uruguay-inauguro-su-nueva-linea-de-produccion-de-latas\\\/\",\"name\":\"Coca-Cola FEMSA Uruguay inaugur\u00f3 su nueva l\u00ednea de producci\u00f3n de latas - Empresas &amp; Eventos\",\"isPartOf\":{\"@id\":\"https:\\\/\\\/empresasyeventos.com.uy\\\/#website\"},\"primaryImageOfPage\":{\"@id\":\"https:\\\/\\\/empresasyeventos.com.uy\\\/index.php\\\/2026\\\/04\\\/29\\\/coca-cola-femsa-uruguay-inauguro-su-nueva-linea-de-produccion-de-latas\\\/#primaryimage\"},\"image\":{\"@id\":\"https:\\\/\\\/empresasyeventos.com.uy\\\/index.php\\\/2026\\\/04\\\/29\\\/coca-cola-femsa-uruguay-inauguro-su-nueva-linea-de-produccion-de-latas\\\/#primaryimage\"},\"thumbnailUrl\":\"https:\\\/\\\/i0.wp.com\\\/empresasyeventos.com.uy\\\/wp-content\\\/uploads\\\/2026\\\/04\\\/Coca-Cola-FEMSA-Uruguay-inauguro-su-nueva-linea-de-produccion-de-latas.jpg?fit=800%2C534&ssl=1\",\"datePublished\":\"2026-04-29T11:28:05+00:00\",\"dateModified\":\"2026-04-29T11:28:09+00:00\",\"author\":{\"@id\":\"https:\\\/\\\/empresasyeventos.com.uy\\\/#\\\/schema\\\/person\\\/bad32f4c82dc0dcc552d9c237c4eabe2\"},\"breadcrumb\":{\"@id\":\"https:\\\/\\\/empresasyeventos.com.uy\\\/index.php\\\/2026\\\/04\\\/29\\\/coca-cola-femsa-uruguay-inauguro-su-nueva-linea-de-produccion-de-latas\\\/#breadcrumb\"},\"inLanguage\":\"es\",\"potentialAction\":[{\"@type\":\"ReadAction\",\"target\":[\"https:\\\/\\\/empresasyeventos.com.uy\\\/index.php\\\/2026\\\/04\\\/29\\\/coca-cola-femsa-uruguay-inauguro-su-nueva-linea-de-produccion-de-latas\\\/\"]}]},{\"@type\":\"ImageObject\",\"inLanguage\":\"es\",\"@id\":\"https:\\\/\\\/empresasyeventos.com.uy\\\/index.php\\\/2026\\\/04\\\/29\\\/coca-cola-femsa-uruguay-inauguro-su-nueva-linea-de-produccion-de-latas\\\/#primaryimage\",\"url\":\"https:\\\/\\\/i0.wp.com\\\/empresasyeventos.com.uy\\\/wp-content\\\/uploads\\\/2026\\\/04\\\/Coca-Cola-FEMSA-Uruguay-inauguro-su-nueva-linea-de-produccion-de-latas.jpg?fit=800%2C534&ssl=1\",\"contentUrl\":\"https:\\\/\\\/i0.wp.com\\\/empresasyeventos.com.uy\\\/wp-content\\\/uploads\\\/2026\\\/04\\\/Coca-Cola-FEMSA-Uruguay-inauguro-su-nueva-linea-de-produccion-de-latas.jpg?fit=800%2C534&ssl=1\",\"width\":800,\"height\":534},{\"@type\":\"BreadcrumbList\",\"@id\":\"https:\\\/\\\/empresasyeventos.com.uy\\\/index.php\\\/2026\\\/04\\\/29\\\/coca-cola-femsa-uruguay-inauguro-su-nueva-linea-de-produccion-de-latas\\\/#breadcrumb\",\"itemListElement\":[{\"@type\":\"ListItem\",\"position\":1,\"name\":\"Home\",\"item\":\"https:\\\/\\\/empresasyeventos.com.uy\\\/\"},{\"@type\":\"ListItem\",\"position\":2,\"name\":\"Coca-Cola FEMSA Uruguay inaugur\u00f3 su nueva l\u00ednea de producci\u00f3n de latas\"}]},{\"@type\":\"WebSite\",\"@id\":\"https:\\\/\\\/empresasyeventos.com.uy\\\/#website\",\"url\":\"https:\\\/\\\/empresasyeventos.com.uy\\\/\",\"name\":\"Empresas &amp; Eventos\",\"description\":\"Portal de noticias de Empresas y Eventos\",\"potentialAction\":[{\"@type\":\"SearchAction\",\"target\":{\"@type\":\"EntryPoint\",\"urlTemplate\":\"https:\\\/\\\/empresasyeventos.com.uy\\\/?s={search_term_string}\"},\"query-input\":{\"@type\":\"PropertyValueSpecification\",\"valueRequired\":true,\"valueName\":\"search_term_string\"}}],\"inLanguage\":\"es\"},{\"@type\":\"Person\",\"@id\":\"https:\\\/\\\/empresasyeventos.com.uy\\\/#\\\/schema\\\/person\\\/bad32f4c82dc0dcc552d9c237c4eabe2\",\"name\":\"Alvaro\",\"image\":{\"@type\":\"ImageObject\",\"inLanguage\":\"es\",\"@id\":\"https:\\\/\\\/empresasyeventos.com.uy\\\/wp-content\\\/litespeed\\\/avatar\\\/02be975608cf76e8c82ab3130f64f4e1.jpg?ver=1777400938\",\"url\":\"https:\\\/\\\/empresasyeventos.com.uy\\\/wp-content\\\/litespeed\\\/avatar\\\/02be975608cf76e8c82ab3130f64f4e1.jpg?ver=1777400938\",\"contentUrl\":\"https:\\\/\\\/empresasyeventos.com.uy\\\/wp-content\\\/litespeed\\\/avatar\\\/02be975608cf76e8c82ab3130f64f4e1.jpg?ver=1777400938\",\"caption\":\"Alvaro\"},\"url\":\"https:\\\/\\\/empresasyeventos.com.uy\\\/index.php\\\/author\\\/alvaro\\\/\"}]}<\/script>\n<!-- \/ Yoast SEO plugin. -->","yoast_head_json":{"title":"Coca-Cola FEMSA Uruguay inaugur\u00f3 su nueva l\u00ednea de producci\u00f3n de latas - Empresas &amp; Eventos","robots":{"index":"index","follow":"follow","max-snippet":"max-snippet:-1","max-image-preview":"max-image-preview:large","max-video-preview":"max-video-preview:-1"},"canonical":"https:\/\/empresasyeventos.com.uy\/index.php\/2026\/04\/29\/coca-cola-femsa-uruguay-inauguro-su-nueva-linea-de-produccion-de-latas\/","og_locale":"es_ES","og_type":"article","og_title":"Coca-Cola FEMSA Uruguay inaugur\u00f3 su nueva l\u00ednea de producci\u00f3n de latas - Empresas &amp; Eventos","og_description":"Coca-Cola FEMSA Uruguay inaugur\u00f3 su nueva l\u00ednea de producci\u00f3n de latas en la planta de Montevideo, incorporando por primera vez la fabricaci\u00f3n local de este formato. El proyecto implic\u00f3 una [&hellip;]","og_url":"https:\/\/empresasyeventos.com.uy\/index.php\/2026\/04\/29\/coca-cola-femsa-uruguay-inauguro-su-nueva-linea-de-produccion-de-latas\/","og_site_name":"Empresas &amp; Eventos","article_published_time":"2026-04-29T11:28:05+00:00","article_modified_time":"2026-04-29T11:28:09+00:00","og_image":[{"width":800,"height":534,"url":"http:\/\/empresasyeventos.com.uy\/wp-content\/uploads\/2026\/04\/Coca-Cola-FEMSA-Uruguay-inauguro-su-nueva-linea-de-produccion-de-latas.jpg","type":"image\/jpeg"}],"author":"Alvaro","twitter_card":"summary_large_image","twitter_misc":{"Escrito por":"Alvaro","Tiempo de lectura":"2 minutos"},"schema":{"@context":"https:\/\/schema.org","@graph":[{"@type":"Article","@id":"https:\/\/empresasyeventos.com.uy\/index.php\/2026\/04\/29\/coca-cola-femsa-uruguay-inauguro-su-nueva-linea-de-produccion-de-latas\/#article","isPartOf":{"@id":"https:\/\/empresasyeventos.com.uy\/index.php\/2026\/04\/29\/coca-cola-femsa-uruguay-inauguro-su-nueva-linea-de-produccion-de-latas\/"},"author":{"name":"Alvaro","@id":"https:\/\/empresasyeventos.com.uy\/#\/schema\/person\/bad32f4c82dc0dcc552d9c237c4eabe2"},"headline":"Coca-Cola FEMSA Uruguay inaugur\u00f3 su nueva l\u00ednea de producci\u00f3n de latas","datePublished":"2026-04-29T11:28:05+00:00","dateModified":"2026-04-29T11:28:09+00:00","mainEntityOfPage":{"@id":"https:\/\/empresasyeventos.com.uy\/index.php\/2026\/04\/29\/coca-cola-femsa-uruguay-inauguro-su-nueva-linea-de-produccion-de-latas\/"},"wordCount":211,"image":{"@id":"https:\/\/empresasyeventos.com.uy\/index.php\/2026\/04\/29\/coca-cola-femsa-uruguay-inauguro-su-nueva-linea-de-produccion-de-latas\/#primaryimage"},"thumbnailUrl":"https:\/\/i0.wp.com\/empresasyeventos.com.uy\/wp-content\/uploads\/2026\/04\/Coca-Cola-FEMSA-Uruguay-inauguro-su-nueva-linea-de-produccion-de-latas.jpg?fit=800%2C534&ssl=1","articleSection":["Empresas"],"inLanguage":"es"},{"@type":"WebPage","@id":"https:\/\/empresasyeventos.com.uy\/index.php\/2026\/04\/29\/coca-cola-femsa-uruguay-inauguro-su-nueva-linea-de-produccion-de-latas\/","url":"https:\/\/empresasyeventos.com.uy\/index.php\/2026\/04\/29\/coca-cola-femsa-uruguay-inauguro-su-nueva-linea-de-produccion-de-latas\/","name":"Coca-Cola FEMSA Uruguay inaugur\u00f3 su nueva l\u00ednea de producci\u00f3n de latas - Empresas &amp; Eventos","isPartOf":{"@id":"https:\/\/empresasyeventos.com.uy\/#website"},"primaryImageOfPage":{"@id":"https:\/\/empresasyeventos.com.uy\/index.php\/2026\/04\/29\/coca-cola-femsa-uruguay-inauguro-su-nueva-linea-de-produccion-de-latas\/#primaryimage"},"image":{"@id":"https:\/\/empresasyeventos.com.uy\/index.php\/2026\/04\/29\/coca-cola-femsa-uruguay-inauguro-su-nueva-linea-de-produccion-de-latas\/#primaryimage"},"thumbnailUrl":"https:\/\/i0.wp.com\/empresasyeventos.com.uy\/wp-content\/uploads\/2026\/04\/Coca-Cola-FEMSA-Uruguay-inauguro-su-nueva-linea-de-produccion-de-latas.jpg?fit=800%2C534&ssl=1","datePublished":"2026-04-29T11:28:05+00:00","dateModified":"2026-04-29T11:28:09+00:00","author":{"@id":"https:\/\/empresasyeventos.com.uy\/#\/schema\/person\/bad32f4c82dc0dcc552d9c237c4eabe2"},"breadcrumb":{"@id":"https:\/\/empresasyeventos.com.uy\/index.php\/2026\/04\/29\/coca-cola-femsa-uruguay-inauguro-su-nueva-linea-de-produccion-de-latas\/#breadcrumb"},"inLanguage":"es","potentialAction":[{"@type":"ReadAction","target":["https:\/\/empresasyeventos.com.uy\/index.php\/2026\/04\/29\/coca-cola-femsa-uruguay-inauguro-su-nueva-linea-de-produccion-de-latas\/"]}]},{"@type":"ImageObject","inLanguage":"es","@id":"https:\/\/empresasyeventos.com.uy\/index.php\/2026\/04\/29\/coca-cola-femsa-uruguay-inauguro-su-nueva-linea-de-produccion-de-latas\/#primaryimage","url":"https:\/\/i0.wp.com\/empresasyeventos.com.uy\/wp-content\/uploads\/2026\/04\/Coca-Cola-FEMSA-Uruguay-inauguro-su-nueva-linea-de-produccion-de-latas.jpg?fit=800%2C534&ssl=1","contentUrl":"https:\/\/i0.wp.com\/empresasyeventos.com.uy\/wp-content\/uploads\/2026\/04\/Coca-Cola-FEMSA-Uruguay-inauguro-su-nueva-linea-de-produccion-de-latas.jpg?fit=800%2C534&ssl=1","width":800,"height":534},{"@type":"BreadcrumbList","@id":"https:\/\/empresasyeventos.com.uy\/index.php\/2026\/04\/29\/coca-cola-femsa-uruguay-inauguro-su-nueva-linea-de-produccion-de-latas\/#breadcrumb","itemListElement":[{"@type":"ListItem","position":1,"name":"Home","item":"https:\/\/empresasyeventos.com.uy\/"},{"@type":"ListItem","position":2,"name":"Coca-Cola FEMSA Uruguay inaugur\u00f3 su nueva l\u00ednea de producci\u00f3n de latas"}]},{"@type":"WebSite","@id":"https:\/\/empresasyeventos.com.uy\/#website","url":"https:\/\/empresasyeventos.com.uy\/","name":"Empresas &amp; Eventos","description":"Portal de noticias de Empresas y Eventos","potentialAction":[{"@type":"SearchAction","target":{"@type":"EntryPoint","urlTemplate":"https:\/\/empresasyeventos.com.uy\/?s={search_term_string}"},"query-input":{"@type":"PropertyValueSpecification","valueRequired":true,"valueName":"search_term_string"}}],"inLanguage":"es"},{"@type":"Person","@id":"https:\/\/empresasyeventos.com.uy\/#\/schema\/person\/bad32f4c82dc0dcc552d9c237c4eabe2","name":"Alvaro","image":{"@type":"ImageObject","inLanguage":"es","@id":"https:\/\/empresasyeventos.com.uy\/wp-content\/litespeed\/avatar\/02be975608cf76e8c82ab3130f64f4e1.jpg?ver=1777400938","url":"https:\/\/empresasyeventos.com.uy\/wp-content\/litespeed\/avatar\/02be975608cf76e8c82ab3130f64f4e1.jpg?ver=1777400938","contentUrl":"https:\/\/empresasyeventos.com.uy\/wp-content\/litespeed\/avatar\/02be975608cf76e8c82ab3130f64f4e1.jpg?ver=1777400938","caption":"Alvaro"},"url":"https:\/\/empresasyeventos.com.uy\/index.php\/author\/alvaro\/"}]}},"jetpack_publicize_connections":[],"jetpack_featured_media_url":"https:\/\/i0.wp.com\/empresasyeventos.com.uy\/wp-content\/uploads\/2026\/04\/Coca-Cola-FEMSA-Uruguay-inauguro-su-nueva-linea-de-produccion-de-latas.jpg?fit=800%2C534&ssl=1","jetpack_sharing_enabled":true,"_links":{"self":[{"href":"https:\/\/empresasyeventos.com.uy\/index.php\/wp-json\/wp\/v2\/posts\/3845","targetHints":{"allow":["GET"]}}],"collection":[{"href":"https:\/\/empresasyeventos.com.uy\/index.php\/wp-json\/wp\/v2\/posts"}],"about":[{"href":"https:\/\/empresasyeventos.com.uy\/index.php\/wp-json\/wp\/v2\/types\/post"}],"author":[{"embeddable":true,"href":"https:\/\/empresasyeventos.com.uy\/index.php\/wp-json\/wp\/v2\/users\/1"}],"replies":[{"embeddable":true,"href":"https:\/\/empresasyeventos.com.uy\/index.php\/wp-json\/wp\/v2\/comments?post=3845"}],"version-history":[{"count":1,"href":"https:\/\/empresasyeventos.com.uy\/index.php\/wp-json\/wp\/v2\/posts\/3845\/revisions"}],"predecessor-version":[{"id":3847,"href":"https:\/\/empresasyeventos.com.uy\/index.php\/wp-json\/wp\/v2\/posts\/3845\/revisions\/3847"}],"wp:featuredmedia":[{"embeddable":true,"href":"https:\/\/empresasyeventos.com.uy\/index.php\/wp-json\/wp\/v2\/media\/3846"}],"wp:attachment":[{"href":"https:\/\/empresasyeventos.com.uy\/index.php\/wp-json\/wp\/v2\/media?parent=3845"}],"wp:term":[{"taxonomy":"category","embeddable":true,"href":"https:\/\/empresasyeventos.com.uy\/index.php\/wp-json\/wp\/v2\/categories?post=3845"},{"taxonomy":"post_tag","embeddable":true,"href":"https:\/\/empresasyeventos.com.uy\/index.php\/wp-json\/wp\/v2\/tags?post=3845"}],"curies":[{"name":"wp","href":"https:\/\/api.w.org\/{rel}","templated":true}]}}