{"id":3806,"date":"2026-03-13T14:52:01","date_gmt":"2026-03-13T13:52:01","guid":{"rendered":"https:\/\/empresasyeventos.com.uy\/?p=3806"},"modified":"2026-03-13T15:49:12","modified_gmt":"2026-03-13T14:49:12","slug":"expoturismo-uruguay-se-viene-en-abril","status":"publish","type":"post","link":"https:\/\/empresasyeventos.com.uy\/index.php\/2026\/03\/13\/expoturismo-uruguay-se-viene-en-abril\/","title":{"rendered":"Expoturismo Uruguay se viene en abril"},"content":{"rendered":"\n<p>Del 17 al 19 de abril, el LATU se transformar\u00e1 en el punto de encuentro donde todo el turismo se re\u00fane en un solo lugar. EXPOTURISMO URUGUAY 2026 llega con un formato \u00fanico en el pa\u00eds: una gran feria de turismo combinada con el Travel Sale m\u00e1s importante del mercado nacional, donde profesionales del sector, viajeros y amantes de descubrir el mundo podr\u00e1n explorar destinos, encontrar inspiraci\u00f3n y acceder a oportunidades exclusivas para viajar.<\/p>\n\n\n\n<p>El 17 de abril ser\u00e1 la jornada profesional, con conferencias, charlas y espacios de intercambio pensados para empresarios, operadores y especialistas de la industria tur\u00edstica. Los d\u00edas 18 y 19 de abril, la feria abrir\u00e1 sus puertas al p\u00fablico para vivir una experiencia de viaje sin salir del pa\u00eds.<\/p>\n\n\n\n<p>Desde el momento de ingresar, el recorrido ser\u00e1 una invitaci\u00f3n a viajar: el Ministerio de Turismo de Uruguay dar\u00e1 la bienvenida a trav\u00e9s de un impactante t\u00fanel LED, que conducir\u00e1 al coraz\u00f3n de la feria y al inicio de un recorrido por las experiencias tur\u00edsticas del pa\u00eds.<\/p>\n\n\n\n<p>Los visitantes podr\u00e1n descubrir:<\/p>\n\n\n\n<p>El universo del enoturismo uruguayo<\/p>\n\n\n\n<p>La riqueza del turismo rural y patrimonial, con Colonia como protagonista<\/p>\n\n\n\n<p>Los atractivos de Montevideo, Canelones y la Regi\u00f3n Centro Sur, que sorprenden tanto a visitantes como a quienes a\u00fan no los han explorado<\/p>\n\n\n\n<p>Las playas y paisajes de Rocha<\/p>\n\n\n\n<p>La propuesta termal y cultural de Salto y la Regi\u00f3n Norte<\/p>\n\n\n\n<p>Los mejores hoteles y experiencias del Uruguay<\/p>\n\n\n\n<p>EXPOTURISMO URUGUAY 2026 tambi\u00e9n abre la puerta al mundo. Despegando desde un piso LED auspiciado por Aeropuertos Internacionales y con Buenos Aires como destino invitado, Cuba, Curazao y Jamaica y con la participaci\u00f3n de las principales agencias de viajes del pa\u00eds, los visitantes podr\u00e1n acceder al mejor Travel Sale del mercado, con promociones especiales en vuelos, paquetes y experiencias internacionales.<\/p>\n\n\n\n<p>Durante tres d\u00edas, la feria ser\u00e1 un espacio para inspirarse, planificar y concretar el pr\u00f3ximo viaje.<\/p>\n\n\n\n<p>Porque EXPOTURISMO URUGUAY 2026 no es solo una feria:es un lugar para descubrir, so\u00f1ar\u2026 y empezar a viajar. El slogan es<\/p>\n\n\n\n<p>Ven\u00ed. Conoc\u00e9. Reserv\u00e1. Viaj\u00e1.<\/p>\n\n\n\n<p>Las entradas se consiguen en Redtickets<\/p>\n\n\n\n<p><\/p>\n","protected":false},"excerpt":{"rendered":"<p>Del 17 al 19 de abril, el LATU se transformar\u00e1 en el punto de encuentro donde todo el turismo se re\u00fane en un solo lugar. EXPOTURISMO URUGUAY 2026 llega con [&hellip;]<\/p>\n","protected":false},"author":1,"featured_media":3810,"comment_status":"closed","ping_status":"open","sticky":false,"template":"","format":"standard","meta":{"_exactmetrics_skip_tracking":false,"_exactmetrics_sitenote_active":false,"_exactmetrics_sitenote_note":"","_exactmetrics_sitenote_category":0,"_jetpack_memberships_contains_paid_content":false,"footnotes":"","jetpack_publicize_message":"","jetpack_publicize_feature_enabled":true,"jetpack_social_post_already_shared":true,"jetpack_social_options":{"image_generator_settings":{"template":"highway","default_image_id":0,"font":"","enabled":false},"version":2}},"categories":[59],"tags":[],"class_list":["post-3806","post","type-post","status-publish","format-standard","has-post-thumbnail","category-zona-vip"],"yoast_head":"<!-- This site is optimized with the Yoast SEO plugin v27.5 - https:\/\/yoast.com\/product\/yoast-seo-wordpress\/ -->\n<title>Expoturismo Uruguay se viene en abril - Empresas &amp; Eventos<\/title>\n<meta name=\"robots\" content=\"index, follow, max-snippet:-1, max-image-preview:large, max-video-preview:-1\" \/>\n<link rel=\"canonical\" href=\"https:\/\/empresasyeventos.com.uy\/index.php\/2026\/03\/13\/expoturismo-uruguay-se-viene-en-abril\/\" \/>\n<meta property=\"og:locale\" content=\"es_ES\" \/>\n<meta property=\"og:type\" content=\"article\" \/>\n<meta property=\"og:title\" content=\"Expoturismo Uruguay se viene en abril - Empresas &amp; Eventos\" \/>\n<meta property=\"og:description\" content=\"Del 17 al 19 de abril, el LATU se transformar\u00e1 en el punto de encuentro donde todo el turismo se re\u00fane en un solo lugar. EXPOTURISMO URUGUAY 2026 llega con [&hellip;]\" \/>\n<meta property=\"og:url\" content=\"https:\/\/empresasyeventos.com.uy\/index.php\/2026\/03\/13\/expoturismo-uruguay-se-viene-en-abril\/\" \/>\n<meta property=\"og:site_name\" content=\"Empresas &amp; Eventos\" \/>\n<meta property=\"article:published_time\" content=\"2026-03-13T13:52:01+00:00\" \/>\n<meta property=\"article:modified_time\" content=\"2026-03-13T14:49:12+00:00\" \/>\n<meta property=\"og:image\" content=\"http:\/\/empresasyeventos.com.uy\/wp-content\/uploads\/2026\/03\/Expo-Turismo-Uruguay-1.jpg\" \/>\n\t<meta property=\"og:image:width\" content=\"800\" \/>\n\t<meta property=\"og:image:height\" content=\"450\" \/>\n\t<meta property=\"og:image:type\" content=\"image\/jpeg\" \/>\n<meta name=\"author\" content=\"Alvaro\" \/>\n<meta name=\"twitter:card\" content=\"summary_large_image\" \/>\n<meta name=\"twitter:label1\" content=\"Escrito por\" \/>\n\t<meta name=\"twitter:data1\" content=\"Alvaro\" \/>\n\t<meta name=\"twitter:label2\" content=\"Tiempo de lectura\" \/>\n\t<meta name=\"twitter:data2\" content=\"2 minutos\" \/>\n<script type=\"application\/ld+json\" class=\"yoast-schema-graph\">{\"@context\":\"https:\\\/\\\/schema.org\",\"@graph\":[{\"@type\":\"Article\",\"@id\":\"https:\\\/\\\/empresasyeventos.com.uy\\\/index.php\\\/2026\\\/03\\\/13\\\/expoturismo-uruguay-se-viene-en-abril\\\/#article\",\"isPartOf\":{\"@id\":\"https:\\\/\\\/empresasyeventos.com.uy\\\/index.php\\\/2026\\\/03\\\/13\\\/expoturismo-uruguay-se-viene-en-abril\\\/\"},\"author\":{\"name\":\"Alvaro\",\"@id\":\"https:\\\/\\\/empresasyeventos.com.uy\\\/#\\\/schema\\\/person\\\/bad32f4c82dc0dcc552d9c237c4eabe2\"},\"headline\":\"Expoturismo Uruguay se viene en abril\",\"datePublished\":\"2026-03-13T13:52:01+00:00\",\"dateModified\":\"2026-03-13T14:49:12+00:00\",\"mainEntityOfPage\":{\"@id\":\"https:\\\/\\\/empresasyeventos.com.uy\\\/index.php\\\/2026\\\/03\\\/13\\\/expoturismo-uruguay-se-viene-en-abril\\\/\"},\"wordCount\":369,\"image\":{\"@id\":\"https:\\\/\\\/empresasyeventos.com.uy\\\/index.php\\\/2026\\\/03\\\/13\\\/expoturismo-uruguay-se-viene-en-abril\\\/#primaryimage\"},\"thumbnailUrl\":\"https:\\\/\\\/i0.wp.com\\\/empresasyeventos.com.uy\\\/wp-content\\\/uploads\\\/2026\\\/03\\\/Expo-Turismo-Uruguay-1.jpg?fit=800%2C450&ssl=1\",\"articleSection\":[\"Zona Vip\"],\"inLanguage\":\"es\"},{\"@type\":\"WebPage\",\"@id\":\"https:\\\/\\\/empresasyeventos.com.uy\\\/index.php\\\/2026\\\/03\\\/13\\\/expoturismo-uruguay-se-viene-en-abril\\\/\",\"url\":\"https:\\\/\\\/empresasyeventos.com.uy\\\/index.php\\\/2026\\\/03\\\/13\\\/expoturismo-uruguay-se-viene-en-abril\\\/\",\"name\":\"Expoturismo Uruguay se viene en abril - Empresas &amp; Eventos\",\"isPartOf\":{\"@id\":\"https:\\\/\\\/empresasyeventos.com.uy\\\/#website\"},\"primaryImageOfPage\":{\"@id\":\"https:\\\/\\\/empresasyeventos.com.uy\\\/index.php\\\/2026\\\/03\\\/13\\\/expoturismo-uruguay-se-viene-en-abril\\\/#primaryimage\"},\"image\":{\"@id\":\"https:\\\/\\\/empresasyeventos.com.uy\\\/index.php\\\/2026\\\/03\\\/13\\\/expoturismo-uruguay-se-viene-en-abril\\\/#primaryimage\"},\"thumbnailUrl\":\"https:\\\/\\\/i0.wp.com\\\/empresasyeventos.com.uy\\\/wp-content\\\/uploads\\\/2026\\\/03\\\/Expo-Turismo-Uruguay-1.jpg?fit=800%2C450&ssl=1\",\"datePublished\":\"2026-03-13T13:52:01+00:00\",\"dateModified\":\"2026-03-13T14:49:12+00:00\",\"author\":{\"@id\":\"https:\\\/\\\/empresasyeventos.com.uy\\\/#\\\/schema\\\/person\\\/bad32f4c82dc0dcc552d9c237c4eabe2\"},\"breadcrumb\":{\"@id\":\"https:\\\/\\\/empresasyeventos.com.uy\\\/index.php\\\/2026\\\/03\\\/13\\\/expoturismo-uruguay-se-viene-en-abril\\\/#breadcrumb\"},\"inLanguage\":\"es\",\"potentialAction\":[{\"@type\":\"ReadAction\",\"target\":[\"https:\\\/\\\/empresasyeventos.com.uy\\\/index.php\\\/2026\\\/03\\\/13\\\/expoturismo-uruguay-se-viene-en-abril\\\/\"]}]},{\"@type\":\"ImageObject\",\"inLanguage\":\"es\",\"@id\":\"https:\\\/\\\/empresasyeventos.com.uy\\\/index.php\\\/2026\\\/03\\\/13\\\/expoturismo-uruguay-se-viene-en-abril\\\/#primaryimage\",\"url\":\"https:\\\/\\\/i0.wp.com\\\/empresasyeventos.com.uy\\\/wp-content\\\/uploads\\\/2026\\\/03\\\/Expo-Turismo-Uruguay-1.jpg?fit=800%2C450&ssl=1\",\"contentUrl\":\"https:\\\/\\\/i0.wp.com\\\/empresasyeventos.com.uy\\\/wp-content\\\/uploads\\\/2026\\\/03\\\/Expo-Turismo-Uruguay-1.jpg?fit=800%2C450&ssl=1\",\"width\":800,\"height\":450},{\"@type\":\"BreadcrumbList\",\"@id\":\"https:\\\/\\\/empresasyeventos.com.uy\\\/index.php\\\/2026\\\/03\\\/13\\\/expoturismo-uruguay-se-viene-en-abril\\\/#breadcrumb\",\"itemListElement\":[{\"@type\":\"ListItem\",\"position\":1,\"name\":\"Home\",\"item\":\"https:\\\/\\\/empresasyeventos.com.uy\\\/\"},{\"@type\":\"ListItem\",\"position\":2,\"name\":\"Expoturismo Uruguay se viene en abril\"}]},{\"@type\":\"WebSite\",\"@id\":\"https:\\\/\\\/empresasyeventos.com.uy\\\/#website\",\"url\":\"https:\\\/\\\/empresasyeventos.com.uy\\\/\",\"name\":\"Empresas &amp; Eventos\",\"description\":\"Portal de noticias de Empresas y Eventos\",\"potentialAction\":[{\"@type\":\"SearchAction\",\"target\":{\"@type\":\"EntryPoint\",\"urlTemplate\":\"https:\\\/\\\/empresasyeventos.com.uy\\\/?s={search_term_string}\"},\"query-input\":{\"@type\":\"PropertyValueSpecification\",\"valueRequired\":true,\"valueName\":\"search_term_string\"}}],\"inLanguage\":\"es\"},{\"@type\":\"Person\",\"@id\":\"https:\\\/\\\/empresasyeventos.com.uy\\\/#\\\/schema\\\/person\\\/bad32f4c82dc0dcc552d9c237c4eabe2\",\"name\":\"Alvaro\",\"image\":{\"@type\":\"ImageObject\",\"inLanguage\":\"es\",\"@id\":\"https:\\\/\\\/empresasyeventos.com.uy\\\/wp-content\\\/litespeed\\\/avatar\\\/02be975608cf76e8c82ab3130f64f4e1.jpg?ver=1777400938\",\"url\":\"https:\\\/\\\/empresasyeventos.com.uy\\\/wp-content\\\/litespeed\\\/avatar\\\/02be975608cf76e8c82ab3130f64f4e1.jpg?ver=1777400938\",\"contentUrl\":\"https:\\\/\\\/empresasyeventos.com.uy\\\/wp-content\\\/litespeed\\\/avatar\\\/02be975608cf76e8c82ab3130f64f4e1.jpg?ver=1777400938\",\"caption\":\"Alvaro\"},\"url\":\"https:\\\/\\\/empresasyeventos.com.uy\\\/index.php\\\/author\\\/alvaro\\\/\"}]}<\/script>\n<!-- \/ Yoast SEO plugin. -->","yoast_head_json":{"title":"Expoturismo Uruguay se viene en abril - Empresas &amp; Eventos","robots":{"index":"index","follow":"follow","max-snippet":"max-snippet:-1","max-image-preview":"max-image-preview:large","max-video-preview":"max-video-preview:-1"},"canonical":"https:\/\/empresasyeventos.com.uy\/index.php\/2026\/03\/13\/expoturismo-uruguay-se-viene-en-abril\/","og_locale":"es_ES","og_type":"article","og_title":"Expoturismo Uruguay se viene en abril - Empresas &amp; Eventos","og_description":"Del 17 al 19 de abril, el LATU se transformar\u00e1 en el punto de encuentro donde todo el turismo se re\u00fane en un solo lugar. EXPOTURISMO URUGUAY 2026 llega con [&hellip;]","og_url":"https:\/\/empresasyeventos.com.uy\/index.php\/2026\/03\/13\/expoturismo-uruguay-se-viene-en-abril\/","og_site_name":"Empresas &amp; Eventos","article_published_time":"2026-03-13T13:52:01+00:00","article_modified_time":"2026-03-13T14:49:12+00:00","og_image":[{"width":800,"height":450,"url":"http:\/\/empresasyeventos.com.uy\/wp-content\/uploads\/2026\/03\/Expo-Turismo-Uruguay-1.jpg","type":"image\/jpeg"}],"author":"Alvaro","twitter_card":"summary_large_image","twitter_misc":{"Escrito por":"Alvaro","Tiempo de lectura":"2 minutos"},"schema":{"@context":"https:\/\/schema.org","@graph":[{"@type":"Article","@id":"https:\/\/empresasyeventos.com.uy\/index.php\/2026\/03\/13\/expoturismo-uruguay-se-viene-en-abril\/#article","isPartOf":{"@id":"https:\/\/empresasyeventos.com.uy\/index.php\/2026\/03\/13\/expoturismo-uruguay-se-viene-en-abril\/"},"author":{"name":"Alvaro","@id":"https:\/\/empresasyeventos.com.uy\/#\/schema\/person\/bad32f4c82dc0dcc552d9c237c4eabe2"},"headline":"Expoturismo Uruguay se viene en abril","datePublished":"2026-03-13T13:52:01+00:00","dateModified":"2026-03-13T14:49:12+00:00","mainEntityOfPage":{"@id":"https:\/\/empresasyeventos.com.uy\/index.php\/2026\/03\/13\/expoturismo-uruguay-se-viene-en-abril\/"},"wordCount":369,"image":{"@id":"https:\/\/empresasyeventos.com.uy\/index.php\/2026\/03\/13\/expoturismo-uruguay-se-viene-en-abril\/#primaryimage"},"thumbnailUrl":"https:\/\/i0.wp.com\/empresasyeventos.com.uy\/wp-content\/uploads\/2026\/03\/Expo-Turismo-Uruguay-1.jpg?fit=800%2C450&ssl=1","articleSection":["Zona Vip"],"inLanguage":"es"},{"@type":"WebPage","@id":"https:\/\/empresasyeventos.com.uy\/index.php\/2026\/03\/13\/expoturismo-uruguay-se-viene-en-abril\/","url":"https:\/\/empresasyeventos.com.uy\/index.php\/2026\/03\/13\/expoturismo-uruguay-se-viene-en-abril\/","name":"Expoturismo Uruguay se viene en abril - Empresas &amp; Eventos","isPartOf":{"@id":"https:\/\/empresasyeventos.com.uy\/#website"},"primaryImageOfPage":{"@id":"https:\/\/empresasyeventos.com.uy\/index.php\/2026\/03\/13\/expoturismo-uruguay-se-viene-en-abril\/#primaryimage"},"image":{"@id":"https:\/\/empresasyeventos.com.uy\/index.php\/2026\/03\/13\/expoturismo-uruguay-se-viene-en-abril\/#primaryimage"},"thumbnailUrl":"https:\/\/i0.wp.com\/empresasyeventos.com.uy\/wp-content\/uploads\/2026\/03\/Expo-Turismo-Uruguay-1.jpg?fit=800%2C450&ssl=1","datePublished":"2026-03-13T13:52:01+00:00","dateModified":"2026-03-13T14:49:12+00:00","author":{"@id":"https:\/\/empresasyeventos.com.uy\/#\/schema\/person\/bad32f4c82dc0dcc552d9c237c4eabe2"},"breadcrumb":{"@id":"https:\/\/empresasyeventos.com.uy\/index.php\/2026\/03\/13\/expoturismo-uruguay-se-viene-en-abril\/#breadcrumb"},"inLanguage":"es","potentialAction":[{"@type":"ReadAction","target":["https:\/\/empresasyeventos.com.uy\/index.php\/2026\/03\/13\/expoturismo-uruguay-se-viene-en-abril\/"]}]},{"@type":"ImageObject","inLanguage":"es","@id":"https:\/\/empresasyeventos.com.uy\/index.php\/2026\/03\/13\/expoturismo-uruguay-se-viene-en-abril\/#primaryimage","url":"https:\/\/i0.wp.com\/empresasyeventos.com.uy\/wp-content\/uploads\/2026\/03\/Expo-Turismo-Uruguay-1.jpg?fit=800%2C450&ssl=1","contentUrl":"https:\/\/i0.wp.com\/empresasyeventos.com.uy\/wp-content\/uploads\/2026\/03\/Expo-Turismo-Uruguay-1.jpg?fit=800%2C450&ssl=1","width":800,"height":450},{"@type":"BreadcrumbList","@id":"https:\/\/empresasyeventos.com.uy\/index.php\/2026\/03\/13\/expoturismo-uruguay-se-viene-en-abril\/#breadcrumb","itemListElement":[{"@type":"ListItem","position":1,"name":"Home","item":"https:\/\/empresasyeventos.com.uy\/"},{"@type":"ListItem","position":2,"name":"Expoturismo Uruguay se viene en abril"}]},{"@type":"WebSite","@id":"https:\/\/empresasyeventos.com.uy\/#website","url":"https:\/\/empresasyeventos.com.uy\/","name":"Empresas &amp; Eventos","description":"Portal de noticias de Empresas y Eventos","potentialAction":[{"@type":"SearchAction","target":{"@type":"EntryPoint","urlTemplate":"https:\/\/empresasyeventos.com.uy\/?s={search_term_string}"},"query-input":{"@type":"PropertyValueSpecification","valueRequired":true,"valueName":"search_term_string"}}],"inLanguage":"es"},{"@type":"Person","@id":"https:\/\/empresasyeventos.com.uy\/#\/schema\/person\/bad32f4c82dc0dcc552d9c237c4eabe2","name":"Alvaro","image":{"@type":"ImageObject","inLanguage":"es","@id":"https:\/\/empresasyeventos.com.uy\/wp-content\/litespeed\/avatar\/02be975608cf76e8c82ab3130f64f4e1.jpg?ver=1777400938","url":"https:\/\/empresasyeventos.com.uy\/wp-content\/litespeed\/avatar\/02be975608cf76e8c82ab3130f64f4e1.jpg?ver=1777400938","contentUrl":"https:\/\/empresasyeventos.com.uy\/wp-content\/litespeed\/avatar\/02be975608cf76e8c82ab3130f64f4e1.jpg?ver=1777400938","caption":"Alvaro"},"url":"https:\/\/empresasyeventos.com.uy\/index.php\/author\/alvaro\/"}]}},"jetpack_publicize_connections":[],"jetpack_featured_media_url":"https:\/\/i0.wp.com\/empresasyeventos.com.uy\/wp-content\/uploads\/2026\/03\/Expo-Turismo-Uruguay-1.jpg?fit=800%2C450&ssl=1","jetpack_sharing_enabled":true,"_links":{"self":[{"href":"https:\/\/empresasyeventos.com.uy\/index.php\/wp-json\/wp\/v2\/posts\/3806","targetHints":{"allow":["GET"]}}],"collection":[{"href":"https:\/\/empresasyeventos.com.uy\/index.php\/wp-json\/wp\/v2\/posts"}],"about":[{"href":"https:\/\/empresasyeventos.com.uy\/index.php\/wp-json\/wp\/v2\/types\/post"}],"author":[{"embeddable":true,"href":"https:\/\/empresasyeventos.com.uy\/index.php\/wp-json\/wp\/v2\/users\/1"}],"replies":[{"embeddable":true,"href":"https:\/\/empresasyeventos.com.uy\/index.php\/wp-json\/wp\/v2\/comments?post=3806"}],"version-history":[{"count":3,"href":"https:\/\/empresasyeventos.com.uy\/index.php\/wp-json\/wp\/v2\/posts\/3806\/revisions"}],"predecessor-version":[{"id":3811,"href":"https:\/\/empresasyeventos.com.uy\/index.php\/wp-json\/wp\/v2\/posts\/3806\/revisions\/3811"}],"wp:featuredmedia":[{"embeddable":true,"href":"https:\/\/empresasyeventos.com.uy\/index.php\/wp-json\/wp\/v2\/media\/3810"}],"wp:attachment":[{"href":"https:\/\/empresasyeventos.com.uy\/index.php\/wp-json\/wp\/v2\/media?parent=3806"}],"wp:term":[{"taxonomy":"category","embeddable":true,"href":"https:\/\/empresasyeventos.com.uy\/index.php\/wp-json\/wp\/v2\/categories?post=3806"},{"taxonomy":"post_tag","embeddable":true,"href":"https:\/\/empresasyeventos.com.uy\/index.php\/wp-json\/wp\/v2\/tags?post=3806"}],"curies":[{"name":"wp","href":"https:\/\/api.w.org\/{rel}","templated":true}]}}