{"id":3802,"date":"2026-03-09T16:08:32","date_gmt":"2026-03-09T15:08:32","guid":{"rendered":"https:\/\/empresasyeventos.com.uy\/?p=3802"},"modified":"2026-03-09T16:08:35","modified_gmt":"2026-03-09T15:08:35","slug":"expo-construye-fue-un-exito-de-publico","status":"publish","type":"post","link":"https:\/\/empresasyeventos.com.uy\/index.php\/2026\/03\/09\/expo-construye-fue-un-exito-de-publico\/","title":{"rendered":"Expo Construye fue un \u00e9xito de p\u00fablico"},"content":{"rendered":"\n<p>La segunda edici\u00f3n de la EXPO Construye fue un verdadero \u00e9xito en el Centro de Convenciones de Punta del Este, donde en tres jornadas fue visitada por m\u00e1s de 20.000 personas.<\/p>\n\n\n\n<p>La muestra cont\u00f3 con la presencia del intendente de Maldonado, Miguel Abella, junto a autoridades nacionales y departamentales, empresarios y desarrolladore.<\/p>\n\n\n\n<p>\u00abEste evento es muy importante para nuestro departamento, porque trae conocimiento y nuevas tecnolog\u00edas, demostrando que el avance tecnol\u00f3gico puede facilitar al sector de la construcci\u00f3n. Celebramos que esta iniciativa haya crecido respecto al a\u00f1o anterior, y esperamos que siga por este camino\u00bb, expres\u00f3 Abella.<\/p>\n\n\n\n<p>Por su parte, Sebasti\u00e1n Barbato, organizador del evento, destac\u00f3 que Maldonado \u00abvive un momento hist\u00f3rico en la construcci\u00f3n, con inversores de todo el mundo eligiendo al departamento y a Uruguay para vivir o desarrollar sus proyectos. Expo Construye busca reunir en un solo lugar a empresas, marcas e innovaciones que muestran todo el ecosistema del sector, y acercar oportunidades tanto a inversores como al p\u00fablico en general\u00bb, se\u00f1al\u00f3.<\/p>\n\n\n\n<p>Entre las principales novedades de esta edici\u00f3n se destacaron nuevos sistemas de construcci\u00f3n en hierro y galpones, herramientas, maquinaria tendencias en piscinas y espacios de spa, y una ampliaci\u00f3n del espacio dedicado al dise\u00f1o de interiores, mobiliario a medida y cocinas personalizadas.<\/p>\n\n\n\n<p>La exposici\u00f3n tambi\u00e9n cont\u00f3 con presencia internacional, con empresas de M\u00e9xico, Argentina y Brasil que presentaron lanzamientos en soluciones sanitarias, herramientas especializadas y tecnolog\u00eda de \u00faltima generaci\u00f3n. Adem\u00e1s, se suman propuestas vinculadas a movilidad, maquinaria agr\u00edcola y tr\u00e1ilers.<\/p>\n\n\n\n<p><strong>Foto: Javier Guadalupe Organizador de la Expo, Intendente Miguel Abella, Sebasti\u00e1n Barbato Organizador de la Expo, Pablo Atchugarry y Mario Lev.<\/strong><\/p>\n\n\n\n<figure class=\"wp-block-image size-full\"><img data-recalc-dims=\"1\" decoding=\"async\" width=\"696\" height=\"393\" data-attachment-id=\"3803\" data-permalink=\"https:\/\/empresasyeventos.com.uy\/index.php\/2026\/03\/09\/expo-construye-fue-un-exito-de-publico\/inauguracion-expo-construye_-aerea\/\" data-orig-file=\"https:\/\/i0.wp.com\/empresasyeventos.com.uy\/wp-content\/uploads\/2026\/03\/Inauguracion-Expo-Construye_-aerea-.jpg?fit=1000%2C564&amp;ssl=1\" data-orig-size=\"1000,564\" data-comments-opened=\"0\" data-image-meta=\"{&quot;aperture&quot;:&quot;0&quot;,&quot;credit&quot;:&quot;&quot;,&quot;camera&quot;:&quot;&quot;,&quot;caption&quot;:&quot;&quot;,&quot;created_timestamp&quot;:&quot;0&quot;,&quot;copyright&quot;:&quot;&quot;,&quot;focal_length&quot;:&quot;0&quot;,&quot;iso&quot;:&quot;0&quot;,&quot;shutter_speed&quot;:&quot;0&quot;,&quot;title&quot;:&quot;&quot;,&quot;orientation&quot;:&quot;0&quot;}\" data-image-title=\"Inauguraci\u00f3n Expo Construye_ a\u00e9rea\" data-image-description=\"\" data-image-caption=\"\" data-large-file=\"https:\/\/i0.wp.com\/empresasyeventos.com.uy\/wp-content\/uploads\/2026\/03\/Inauguracion-Expo-Construye_-aerea-.jpg?fit=1000%2C564&amp;ssl=1\" src=\"https:\/\/i0.wp.com\/empresasyeventos.com.uy\/wp-content\/uploads\/2026\/03\/Inauguracion-Expo-Construye_-aerea-.jpg?resize=696%2C393\" alt=\"\" class=\"wp-image-3803\" srcset=\"https:\/\/i0.wp.com\/empresasyeventos.com.uy\/wp-content\/uploads\/2026\/03\/Inauguracion-Expo-Construye_-aerea-.jpg?w=1000&amp;ssl=1 1000w, https:\/\/i0.wp.com\/empresasyeventos.com.uy\/wp-content\/uploads\/2026\/03\/Inauguracion-Expo-Construye_-aerea-.jpg?resize=768%2C433&amp;ssl=1 768w, https:\/\/i0.wp.com\/empresasyeventos.com.uy\/wp-content\/uploads\/2026\/03\/Inauguracion-Expo-Construye_-aerea-.jpg?resize=150%2C85&amp;ssl=1 150w, https:\/\/i0.wp.com\/empresasyeventos.com.uy\/wp-content\/uploads\/2026\/03\/Inauguracion-Expo-Construye_-aerea-.jpg?resize=300%2C169&amp;ssl=1 300w, https:\/\/i0.wp.com\/empresasyeventos.com.uy\/wp-content\/uploads\/2026\/03\/Inauguracion-Expo-Construye_-aerea-.jpg?resize=696%2C393&amp;ssl=1 696w\" sizes=\"(max-width: 696px) 100vw, 696px\" \/><\/figure>\n","protected":false},"excerpt":{"rendered":"<p>La segunda edici\u00f3n de la EXPO Construye fue un verdadero \u00e9xito en el Centro de Convenciones de Punta del Este, donde en tres jornadas fue visitada por m\u00e1s de 20.000 [&hellip;]<\/p>\n","protected":false},"author":1,"featured_media":3804,"comment_status":"closed","ping_status":"open","sticky":false,"template":"","format":"standard","meta":{"_exactmetrics_skip_tracking":false,"_exactmetrics_sitenote_active":false,"_exactmetrics_sitenote_note":"","_exactmetrics_sitenote_category":0,"_jetpack_memberships_contains_paid_content":false,"footnotes":"","jetpack_publicize_message":"","jetpack_publicize_feature_enabled":true,"jetpack_social_post_already_shared":true,"jetpack_social_options":{"image_generator_settings":{"template":"highway","default_image_id":0,"font":"","enabled":false},"version":2}},"categories":[57],"tags":[],"class_list":["post-3802","post","type-post","status-publish","format-standard","has-post-thumbnail","category-eventos"],"yoast_head":"<!-- This site is optimized with the Yoast SEO plugin v27.4 - https:\/\/yoast.com\/product\/yoast-seo-wordpress\/ -->\n<title>Expo Construye fue un \u00e9xito de p\u00fablico - Empresas &amp; Eventos<\/title>\n<meta name=\"robots\" content=\"index, follow, max-snippet:-1, max-image-preview:large, max-video-preview:-1\" \/>\n<link rel=\"canonical\" href=\"https:\/\/empresasyeventos.com.uy\/index.php\/2026\/03\/09\/expo-construye-fue-un-exito-de-publico\/\" \/>\n<meta property=\"og:locale\" content=\"es_ES\" \/>\n<meta property=\"og:type\" content=\"article\" \/>\n<meta property=\"og:title\" content=\"Expo Construye fue un \u00e9xito de p\u00fablico - Empresas &amp; Eventos\" \/>\n<meta property=\"og:description\" content=\"La segunda edici\u00f3n de la EXPO Construye fue un verdadero \u00e9xito en el Centro de Convenciones de Punta del Este, donde en tres jornadas fue visitada por m\u00e1s de 20.000 [&hellip;]\" \/>\n<meta property=\"og:url\" content=\"https:\/\/empresasyeventos.com.uy\/index.php\/2026\/03\/09\/expo-construye-fue-un-exito-de-publico\/\" \/>\n<meta property=\"og:site_name\" content=\"Empresas &amp; Eventos\" \/>\n<meta property=\"article:published_time\" content=\"2026-03-09T15:08:32+00:00\" \/>\n<meta property=\"article:modified_time\" content=\"2026-03-09T15:08:35+00:00\" \/>\n<meta property=\"og:image\" content=\"http:\/\/empresasyeventos.com.uy\/wp-content\/uploads\/2026\/03\/Inauguracion_corte-de-cinta.jpg\" \/>\n\t<meta property=\"og:image:width\" content=\"1000\" \/>\n\t<meta property=\"og:image:height\" content=\"666\" \/>\n\t<meta property=\"og:image:type\" content=\"image\/jpeg\" \/>\n<meta name=\"author\" content=\"Alvaro\" \/>\n<meta name=\"twitter:card\" content=\"summary_large_image\" \/>\n<meta name=\"twitter:label1\" content=\"Escrito por\" \/>\n\t<meta name=\"twitter:data1\" content=\"Alvaro\" \/>\n\t<meta name=\"twitter:label2\" content=\"Tiempo de lectura\" \/>\n\t<meta name=\"twitter:data2\" content=\"2 minutos\" \/>\n<script type=\"application\/ld+json\" class=\"yoast-schema-graph\">{\"@context\":\"https:\\\/\\\/schema.org\",\"@graph\":[{\"@type\":\"Article\",\"@id\":\"https:\\\/\\\/empresasyeventos.com.uy\\\/index.php\\\/2026\\\/03\\\/09\\\/expo-construye-fue-un-exito-de-publico\\\/#article\",\"isPartOf\":{\"@id\":\"https:\\\/\\\/empresasyeventos.com.uy\\\/index.php\\\/2026\\\/03\\\/09\\\/expo-construye-fue-un-exito-de-publico\\\/\"},\"author\":{\"name\":\"Alvaro\",\"@id\":\"https:\\\/\\\/empresasyeventos.com.uy\\\/#\\\/schema\\\/person\\\/bad32f4c82dc0dcc552d9c237c4eabe2\"},\"headline\":\"Expo Construye fue un \u00e9xito de p\u00fablico\",\"datePublished\":\"2026-03-09T15:08:32+00:00\",\"dateModified\":\"2026-03-09T15:08:35+00:00\",\"mainEntityOfPage\":{\"@id\":\"https:\\\/\\\/empresasyeventos.com.uy\\\/index.php\\\/2026\\\/03\\\/09\\\/expo-construye-fue-un-exito-de-publico\\\/\"},\"wordCount\":297,\"image\":{\"@id\":\"https:\\\/\\\/empresasyeventos.com.uy\\\/index.php\\\/2026\\\/03\\\/09\\\/expo-construye-fue-un-exito-de-publico\\\/#primaryimage\"},\"thumbnailUrl\":\"https:\\\/\\\/i0.wp.com\\\/empresasyeventos.com.uy\\\/wp-content\\\/uploads\\\/2026\\\/03\\\/Inauguracion_corte-de-cinta.jpg?fit=1000%2C666&ssl=1\",\"articleSection\":[\"Eventos\"],\"inLanguage\":\"es\"},{\"@type\":\"WebPage\",\"@id\":\"https:\\\/\\\/empresasyeventos.com.uy\\\/index.php\\\/2026\\\/03\\\/09\\\/expo-construye-fue-un-exito-de-publico\\\/\",\"url\":\"https:\\\/\\\/empresasyeventos.com.uy\\\/index.php\\\/2026\\\/03\\\/09\\\/expo-construye-fue-un-exito-de-publico\\\/\",\"name\":\"Expo Construye fue un \u00e9xito de p\u00fablico - Empresas &amp; Eventos\",\"isPartOf\":{\"@id\":\"https:\\\/\\\/empresasyeventos.com.uy\\\/#website\"},\"primaryImageOfPage\":{\"@id\":\"https:\\\/\\\/empresasyeventos.com.uy\\\/index.php\\\/2026\\\/03\\\/09\\\/expo-construye-fue-un-exito-de-publico\\\/#primaryimage\"},\"image\":{\"@id\":\"https:\\\/\\\/empresasyeventos.com.uy\\\/index.php\\\/2026\\\/03\\\/09\\\/expo-construye-fue-un-exito-de-publico\\\/#primaryimage\"},\"thumbnailUrl\":\"https:\\\/\\\/i0.wp.com\\\/empresasyeventos.com.uy\\\/wp-content\\\/uploads\\\/2026\\\/03\\\/Inauguracion_corte-de-cinta.jpg?fit=1000%2C666&ssl=1\",\"datePublished\":\"2026-03-09T15:08:32+00:00\",\"dateModified\":\"2026-03-09T15:08:35+00:00\",\"author\":{\"@id\":\"https:\\\/\\\/empresasyeventos.com.uy\\\/#\\\/schema\\\/person\\\/bad32f4c82dc0dcc552d9c237c4eabe2\"},\"breadcrumb\":{\"@id\":\"https:\\\/\\\/empresasyeventos.com.uy\\\/index.php\\\/2026\\\/03\\\/09\\\/expo-construye-fue-un-exito-de-publico\\\/#breadcrumb\"},\"inLanguage\":\"es\",\"potentialAction\":[{\"@type\":\"ReadAction\",\"target\":[\"https:\\\/\\\/empresasyeventos.com.uy\\\/index.php\\\/2026\\\/03\\\/09\\\/expo-construye-fue-un-exito-de-publico\\\/\"]}]},{\"@type\":\"ImageObject\",\"inLanguage\":\"es\",\"@id\":\"https:\\\/\\\/empresasyeventos.com.uy\\\/index.php\\\/2026\\\/03\\\/09\\\/expo-construye-fue-un-exito-de-publico\\\/#primaryimage\",\"url\":\"https:\\\/\\\/i0.wp.com\\\/empresasyeventos.com.uy\\\/wp-content\\\/uploads\\\/2026\\\/03\\\/Inauguracion_corte-de-cinta.jpg?fit=1000%2C666&ssl=1\",\"contentUrl\":\"https:\\\/\\\/i0.wp.com\\\/empresasyeventos.com.uy\\\/wp-content\\\/uploads\\\/2026\\\/03\\\/Inauguracion_corte-de-cinta.jpg?fit=1000%2C666&ssl=1\",\"width\":1000,\"height\":666},{\"@type\":\"BreadcrumbList\",\"@id\":\"https:\\\/\\\/empresasyeventos.com.uy\\\/index.php\\\/2026\\\/03\\\/09\\\/expo-construye-fue-un-exito-de-publico\\\/#breadcrumb\",\"itemListElement\":[{\"@type\":\"ListItem\",\"position\":1,\"name\":\"Home\",\"item\":\"https:\\\/\\\/empresasyeventos.com.uy\\\/\"},{\"@type\":\"ListItem\",\"position\":2,\"name\":\"Expo Construye fue un \u00e9xito de p\u00fablico\"}]},{\"@type\":\"WebSite\",\"@id\":\"https:\\\/\\\/empresasyeventos.com.uy\\\/#website\",\"url\":\"https:\\\/\\\/empresasyeventos.com.uy\\\/\",\"name\":\"Empresas &amp; Eventos\",\"description\":\"Portal de noticias de Empresas y Eventos\",\"potentialAction\":[{\"@type\":\"SearchAction\",\"target\":{\"@type\":\"EntryPoint\",\"urlTemplate\":\"https:\\\/\\\/empresasyeventos.com.uy\\\/?s={search_term_string}\"},\"query-input\":{\"@type\":\"PropertyValueSpecification\",\"valueRequired\":true,\"valueName\":\"search_term_string\"}}],\"inLanguage\":\"es\"},{\"@type\":\"Person\",\"@id\":\"https:\\\/\\\/empresasyeventos.com.uy\\\/#\\\/schema\\\/person\\\/bad32f4c82dc0dcc552d9c237c4eabe2\",\"name\":\"Alvaro\",\"image\":{\"@type\":\"ImageObject\",\"inLanguage\":\"es\",\"@id\":\"https:\\\/\\\/empresasyeventos.com.uy\\\/wp-content\\\/litespeed\\\/avatar\\\/02be975608cf76e8c82ab3130f64f4e1.jpg?ver=1776795965\",\"url\":\"https:\\\/\\\/empresasyeventos.com.uy\\\/wp-content\\\/litespeed\\\/avatar\\\/02be975608cf76e8c82ab3130f64f4e1.jpg?ver=1776795965\",\"contentUrl\":\"https:\\\/\\\/empresasyeventos.com.uy\\\/wp-content\\\/litespeed\\\/avatar\\\/02be975608cf76e8c82ab3130f64f4e1.jpg?ver=1776795965\",\"caption\":\"Alvaro\"},\"url\":\"https:\\\/\\\/empresasyeventos.com.uy\\\/index.php\\\/author\\\/alvaro\\\/\"}]}<\/script>\n<!-- \/ Yoast SEO plugin. -->","yoast_head_json":{"title":"Expo Construye fue un \u00e9xito de p\u00fablico - Empresas &amp; Eventos","robots":{"index":"index","follow":"follow","max-snippet":"max-snippet:-1","max-image-preview":"max-image-preview:large","max-video-preview":"max-video-preview:-1"},"canonical":"https:\/\/empresasyeventos.com.uy\/index.php\/2026\/03\/09\/expo-construye-fue-un-exito-de-publico\/","og_locale":"es_ES","og_type":"article","og_title":"Expo Construye fue un \u00e9xito de p\u00fablico - Empresas &amp; Eventos","og_description":"La segunda edici\u00f3n de la EXPO Construye fue un verdadero \u00e9xito en el Centro de Convenciones de Punta del Este, donde en tres jornadas fue visitada por m\u00e1s de 20.000 [&hellip;]","og_url":"https:\/\/empresasyeventos.com.uy\/index.php\/2026\/03\/09\/expo-construye-fue-un-exito-de-publico\/","og_site_name":"Empresas &amp; Eventos","article_published_time":"2026-03-09T15:08:32+00:00","article_modified_time":"2026-03-09T15:08:35+00:00","og_image":[{"width":1000,"height":666,"url":"http:\/\/empresasyeventos.com.uy\/wp-content\/uploads\/2026\/03\/Inauguracion_corte-de-cinta.jpg","type":"image\/jpeg"}],"author":"Alvaro","twitter_card":"summary_large_image","twitter_misc":{"Escrito por":"Alvaro","Tiempo de lectura":"2 minutos"},"schema":{"@context":"https:\/\/schema.org","@graph":[{"@type":"Article","@id":"https:\/\/empresasyeventos.com.uy\/index.php\/2026\/03\/09\/expo-construye-fue-un-exito-de-publico\/#article","isPartOf":{"@id":"https:\/\/empresasyeventos.com.uy\/index.php\/2026\/03\/09\/expo-construye-fue-un-exito-de-publico\/"},"author":{"name":"Alvaro","@id":"https:\/\/empresasyeventos.com.uy\/#\/schema\/person\/bad32f4c82dc0dcc552d9c237c4eabe2"},"headline":"Expo Construye fue un \u00e9xito de p\u00fablico","datePublished":"2026-03-09T15:08:32+00:00","dateModified":"2026-03-09T15:08:35+00:00","mainEntityOfPage":{"@id":"https:\/\/empresasyeventos.com.uy\/index.php\/2026\/03\/09\/expo-construye-fue-un-exito-de-publico\/"},"wordCount":297,"image":{"@id":"https:\/\/empresasyeventos.com.uy\/index.php\/2026\/03\/09\/expo-construye-fue-un-exito-de-publico\/#primaryimage"},"thumbnailUrl":"https:\/\/i0.wp.com\/empresasyeventos.com.uy\/wp-content\/uploads\/2026\/03\/Inauguracion_corte-de-cinta.jpg?fit=1000%2C666&ssl=1","articleSection":["Eventos"],"inLanguage":"es"},{"@type":"WebPage","@id":"https:\/\/empresasyeventos.com.uy\/index.php\/2026\/03\/09\/expo-construye-fue-un-exito-de-publico\/","url":"https:\/\/empresasyeventos.com.uy\/index.php\/2026\/03\/09\/expo-construye-fue-un-exito-de-publico\/","name":"Expo Construye fue un \u00e9xito de p\u00fablico - Empresas &amp; Eventos","isPartOf":{"@id":"https:\/\/empresasyeventos.com.uy\/#website"},"primaryImageOfPage":{"@id":"https:\/\/empresasyeventos.com.uy\/index.php\/2026\/03\/09\/expo-construye-fue-un-exito-de-publico\/#primaryimage"},"image":{"@id":"https:\/\/empresasyeventos.com.uy\/index.php\/2026\/03\/09\/expo-construye-fue-un-exito-de-publico\/#primaryimage"},"thumbnailUrl":"https:\/\/i0.wp.com\/empresasyeventos.com.uy\/wp-content\/uploads\/2026\/03\/Inauguracion_corte-de-cinta.jpg?fit=1000%2C666&ssl=1","datePublished":"2026-03-09T15:08:32+00:00","dateModified":"2026-03-09T15:08:35+00:00","author":{"@id":"https:\/\/empresasyeventos.com.uy\/#\/schema\/person\/bad32f4c82dc0dcc552d9c237c4eabe2"},"breadcrumb":{"@id":"https:\/\/empresasyeventos.com.uy\/index.php\/2026\/03\/09\/expo-construye-fue-un-exito-de-publico\/#breadcrumb"},"inLanguage":"es","potentialAction":[{"@type":"ReadAction","target":["https:\/\/empresasyeventos.com.uy\/index.php\/2026\/03\/09\/expo-construye-fue-un-exito-de-publico\/"]}]},{"@type":"ImageObject","inLanguage":"es","@id":"https:\/\/empresasyeventos.com.uy\/index.php\/2026\/03\/09\/expo-construye-fue-un-exito-de-publico\/#primaryimage","url":"https:\/\/i0.wp.com\/empresasyeventos.com.uy\/wp-content\/uploads\/2026\/03\/Inauguracion_corte-de-cinta.jpg?fit=1000%2C666&ssl=1","contentUrl":"https:\/\/i0.wp.com\/empresasyeventos.com.uy\/wp-content\/uploads\/2026\/03\/Inauguracion_corte-de-cinta.jpg?fit=1000%2C666&ssl=1","width":1000,"height":666},{"@type":"BreadcrumbList","@id":"https:\/\/empresasyeventos.com.uy\/index.php\/2026\/03\/09\/expo-construye-fue-un-exito-de-publico\/#breadcrumb","itemListElement":[{"@type":"ListItem","position":1,"name":"Home","item":"https:\/\/empresasyeventos.com.uy\/"},{"@type":"ListItem","position":2,"name":"Expo Construye fue un \u00e9xito de p\u00fablico"}]},{"@type":"WebSite","@id":"https:\/\/empresasyeventos.com.uy\/#website","url":"https:\/\/empresasyeventos.com.uy\/","name":"Empresas &amp; Eventos","description":"Portal de noticias de Empresas y Eventos","potentialAction":[{"@type":"SearchAction","target":{"@type":"EntryPoint","urlTemplate":"https:\/\/empresasyeventos.com.uy\/?s={search_term_string}"},"query-input":{"@type":"PropertyValueSpecification","valueRequired":true,"valueName":"search_term_string"}}],"inLanguage":"es"},{"@type":"Person","@id":"https:\/\/empresasyeventos.com.uy\/#\/schema\/person\/bad32f4c82dc0dcc552d9c237c4eabe2","name":"Alvaro","image":{"@type":"ImageObject","inLanguage":"es","@id":"https:\/\/empresasyeventos.com.uy\/wp-content\/litespeed\/avatar\/02be975608cf76e8c82ab3130f64f4e1.jpg?ver=1776795965","url":"https:\/\/empresasyeventos.com.uy\/wp-content\/litespeed\/avatar\/02be975608cf76e8c82ab3130f64f4e1.jpg?ver=1776795965","contentUrl":"https:\/\/empresasyeventos.com.uy\/wp-content\/litespeed\/avatar\/02be975608cf76e8c82ab3130f64f4e1.jpg?ver=1776795965","caption":"Alvaro"},"url":"https:\/\/empresasyeventos.com.uy\/index.php\/author\/alvaro\/"}]}},"jetpack_publicize_connections":[],"jetpack_featured_media_url":"https:\/\/i0.wp.com\/empresasyeventos.com.uy\/wp-content\/uploads\/2026\/03\/Inauguracion_corte-de-cinta.jpg?fit=1000%2C666&ssl=1","jetpack_sharing_enabled":true,"_links":{"self":[{"href":"https:\/\/empresasyeventos.com.uy\/index.php\/wp-json\/wp\/v2\/posts\/3802","targetHints":{"allow":["GET"]}}],"collection":[{"href":"https:\/\/empresasyeventos.com.uy\/index.php\/wp-json\/wp\/v2\/posts"}],"about":[{"href":"https:\/\/empresasyeventos.com.uy\/index.php\/wp-json\/wp\/v2\/types\/post"}],"author":[{"embeddable":true,"href":"https:\/\/empresasyeventos.com.uy\/index.php\/wp-json\/wp\/v2\/users\/1"}],"replies":[{"embeddable":true,"href":"https:\/\/empresasyeventos.com.uy\/index.php\/wp-json\/wp\/v2\/comments?post=3802"}],"version-history":[{"count":1,"href":"https:\/\/empresasyeventos.com.uy\/index.php\/wp-json\/wp\/v2\/posts\/3802\/revisions"}],"predecessor-version":[{"id":3805,"href":"https:\/\/empresasyeventos.com.uy\/index.php\/wp-json\/wp\/v2\/posts\/3802\/revisions\/3805"}],"wp:featuredmedia":[{"embeddable":true,"href":"https:\/\/empresasyeventos.com.uy\/index.php\/wp-json\/wp\/v2\/media\/3804"}],"wp:attachment":[{"href":"https:\/\/empresasyeventos.com.uy\/index.php\/wp-json\/wp\/v2\/media?parent=3802"}],"wp:term":[{"taxonomy":"category","embeddable":true,"href":"https:\/\/empresasyeventos.com.uy\/index.php\/wp-json\/wp\/v2\/categories?post=3802"},{"taxonomy":"post_tag","embeddable":true,"href":"https:\/\/empresasyeventos.com.uy\/index.php\/wp-json\/wp\/v2\/tags?post=3802"}],"curies":[{"name":"wp","href":"https:\/\/api.w.org\/{rel}","templated":true}]}}