{"id":3648,"date":"2025-11-19T11:56:14","date_gmt":"2025-11-19T10:56:14","guid":{"rendered":"https:\/\/empresasyeventos.com.uy\/?p=3648"},"modified":"2025-11-19T11:56:16","modified_gmt":"2025-11-19T10:56:16","slug":"foro-mujeres-lideres-omeu-la-evolucion-del-liderazgo-femenino","status":"publish","type":"post","link":"https:\/\/empresasyeventos.com.uy\/index.php\/2025\/11\/19\/foro-mujeres-lideres-omeu-la-evolucion-del-liderazgo-femenino\/","title":{"rendered":"Foro Mujeres L\u00edderes OMEU: la evoluci\u00f3n del liderazgo femenino"},"content":{"rendered":"\n<p>El liderazgo femenino cambia, evoluciona y se redefine con el tiempo. Lo hace a partir de la experiencia, la capacidad de gesti\u00f3n y la convicci\u00f3n de que la presencia de m\u00e1s mujeres en todos los espacios de decisi\u00f3n fortalece a las organizaciones y a<br>la sociedad en su conjunto. Con esa mirada, la Organizaci\u00f3n de Mujeres Empresarias del Uruguay (OMEU) celebrar\u00e1 el pr\u00f3ximo martes 2 de diciembre a las 16:30 horas en el Teatro Sol\u00eds la 4\u00aa edici\u00f3n del Foro Mujeres L\u00edderes, su principal evento anual, que se ha consolidado como un espacio de encuentro y reflexi\u00f3n sobre el papel de las mujeres en los distintos \u00e1mbitos.<br>Durante el foro se presentar\u00e1 la ampliaci\u00f3n del Informe de Medici\u00f3n de Impacto 2023\u20132025, que analiza los resultados obtenidos por los programas de OMEU en todo el pa\u00eds hasta el cierre de este a\u00f1o.<br>Una de las conclusiones m\u00e1s relevantes del estudio confirma que los programas de OMEU no solo mejoran los resultados econ\u00f3micos de las participantes, sino que tambi\u00e9n transforman su autopercepci\u00f3n, confianza y capacidad de liderazgo.<br>Las mujeres que participan en los programas se consolidan como protagonistas de su desarrollo personal y profesional, generando un impacto econ\u00f3mico, social y simb\u00f3lico en sus comunidades.<br>Datos globales de impacto 2023\u20132025:<br>\u25cf M\u00e1s de 2.000 mujeres impactadas por a\u00f1o.<br>\u25cf El 85% de las participantes de M\u00e1s Emprendedoras aument\u00f3 su autonom\u00eda econ\u00f3mica; 52% de las mujeres que pasaron por el programa M\u00e1s Ejecutivas manifestaron sentirse muy fortalecidas en su confianza; y m\u00e1s del 90% de las participantes de Entre Todas afirm\u00f3 haber fortalecido su confianza y visi\u00f3n emprendedora.<br>\u25cf M\u00e1s del 88% de las participantes quiere seguir vinculada a OMEU, reflejo del valor de una comunidad que trasciende los programas y multiplica su impacto.<br>\u201cLos resultados del informe confirman el valor y el impacto de los programas de OMEU en todo el pa\u00eds. Cada avance individual se traduce en un progreso colectivo que fortalece la econom\u00eda y la sociedad. El Foro Mujeres L\u00edderes es, precisamente, el espacio donde ese impacto se hace visible: un punto de encuentro para reconocer logros, compartir experiencias y proyectar nuevos desaf\u00edos para el liderazgo femenino en Uruguay\u201d, se\u00f1al\u00f3 Florencia Herrera, presidenta de OMEU.<br>El Foro ser\u00e1 tambi\u00e9n el punto de partida de nuevos contenidos y campa\u00f1as que ampl\u00edan el alcance de OMEU m\u00e1s all\u00e1 del evento, entre ellos el lanzamiento del podcast \u201cY vos, \u00bfqui\u00e9n te cre\u00e9s que sos?\u201d, conducido por Carolina Garc\u00eda y Fernanda Ariceta, con conversaciones que celebran el liderazgo, la innovaci\u00f3n y el impacto de las mujeres en distintos \u00e1mbitos.<br>Se presentar\u00e1 adem\u00e1s la campa\u00f1a + mujeres OMEU que invita a sumarse a la comunidad OMEU, un espacio que transforma, une, en d\u00f3nde las mujeres se apoyan entre s\u00ed, se potencian y crecen juntas.<\/p>\n\n\n\n<p>OMEU es una organizaci\u00f3n social fundada en 2009 que promueve la autonom\u00eda econ\u00f3mica y el liderazgo de las mujeres en el \u00e1mbito empresarial y laboral. Su prop\u00f3sito es derribar las desigualdades de g\u00e9nero y acompa\u00f1ar a las mujeres en el camino de liderar el cambio cultural necesario para alcanzar la equidad, siendo protagonistas de la vida que elijan construir.<br>Con una comunidad en expansi\u00f3n, m\u00e1s de 950 mujeres pasan por los programas de OMEU cada a\u00f1o, impulsando el desarrollo de sus proyectos mediante mentor\u00edas, talleres, capacitaciones y espacios de networking que fomentan la colaboraci\u00f3n, el aprendizaje y la generaci\u00f3n de oportunidades de negocio.<\/p>\n\n\n\n<p>En los \u00faltimos a\u00f1os, la organizaci\u00f3n dio un paso m\u00e1s en su contribuci\u00f3n a las Pol\u00edticas P\u00fablicas de G\u00e9nero, participando en el Consejo Nacional de G\u00e9nero con proyectos orientados a fortalecer la autonom\u00eda econ\u00f3mica de las mujeres uruguayas.<br>Adem\u00e1s, integra el Comit\u00e9 de Equidad y Calidad, desde donde impulsa la Certificaci\u00f3n en el Modelo de Calidad con Equidad de g\u00e9nero, un sello pa\u00eds que promueve los mismos derechos y oportunidades para todas las\u00a0mujeres.<\/p>\n","protected":false},"excerpt":{"rendered":"<p>El liderazgo femenino cambia, evoluciona y se redefine con el tiempo. Lo hace a partir de la experiencia, la capacidad de gesti\u00f3n y la convicci\u00f3n de que la presencia de [&hellip;]<\/p>\n","protected":false},"author":1,"featured_media":3649,"comment_status":"closed","ping_status":"open","sticky":false,"template":"","format":"standard","meta":{"_exactmetrics_skip_tracking":false,"_exactmetrics_sitenote_active":false,"_exactmetrics_sitenote_note":"","_exactmetrics_sitenote_category":0,"_jetpack_memberships_contains_paid_content":false,"footnotes":"","jetpack_publicize_message":"","jetpack_publicize_feature_enabled":true,"jetpack_social_post_already_shared":true,"jetpack_social_options":{"image_generator_settings":{"template":"highway","default_image_id":0,"font":"","enabled":false},"version":2}},"categories":[57],"tags":[],"class_list":["post-3648","post","type-post","status-publish","format-standard","has-post-thumbnail","category-eventos"],"yoast_head":"<!-- This site is optimized with the Yoast SEO plugin v27.5 - https:\/\/yoast.com\/product\/yoast-seo-wordpress\/ -->\n<title>Foro Mujeres L\u00edderes OMEU: la evoluci\u00f3n del liderazgo femenino - Empresas &amp; Eventos<\/title>\n<meta name=\"robots\" content=\"index, follow, max-snippet:-1, max-image-preview:large, max-video-preview:-1\" \/>\n<link rel=\"canonical\" href=\"https:\/\/empresasyeventos.com.uy\/index.php\/2025\/11\/19\/foro-mujeres-lideres-omeu-la-evolucion-del-liderazgo-femenino\/\" \/>\n<meta property=\"og:locale\" content=\"es_ES\" \/>\n<meta property=\"og:type\" content=\"article\" \/>\n<meta property=\"og:title\" content=\"Foro Mujeres L\u00edderes OMEU: la evoluci\u00f3n del liderazgo femenino - Empresas &amp; Eventos\" \/>\n<meta property=\"og:description\" content=\"El liderazgo femenino cambia, evoluciona y se redefine con el tiempo. Lo hace a partir de la experiencia, la capacidad de gesti\u00f3n y la convicci\u00f3n de que la presencia de [&hellip;]\" \/>\n<meta property=\"og:url\" content=\"https:\/\/empresasyeventos.com.uy\/index.php\/2025\/11\/19\/foro-mujeres-lideres-omeu-la-evolucion-del-liderazgo-femenino\/\" \/>\n<meta property=\"og:site_name\" content=\"Empresas &amp; Eventos\" \/>\n<meta property=\"article:published_time\" content=\"2025-11-19T10:56:14+00:00\" \/>\n<meta property=\"article:modified_time\" content=\"2025-11-19T10:56:16+00:00\" \/>\n<meta property=\"og:image\" content=\"http:\/\/empresasyeventos.com.uy\/wp-content\/uploads\/2025\/11\/Foro-Mujeres-Lideres-OMEU.jpg\" \/>\n\t<meta property=\"og:image:width\" content=\"800\" \/>\n\t<meta property=\"og:image:height\" content=\"640\" \/>\n\t<meta property=\"og:image:type\" content=\"image\/jpeg\" \/>\n<meta name=\"author\" content=\"Alvaro\" \/>\n<meta name=\"twitter:card\" content=\"summary_large_image\" \/>\n<meta name=\"twitter:label1\" content=\"Escrito por\" \/>\n\t<meta name=\"twitter:data1\" content=\"Alvaro\" \/>\n\t<meta name=\"twitter:label2\" content=\"Tiempo de lectura\" \/>\n\t<meta name=\"twitter:data2\" content=\"4 minutos\" \/>\n<script type=\"application\/ld+json\" class=\"yoast-schema-graph\">{\"@context\":\"https:\\\/\\\/schema.org\",\"@graph\":[{\"@type\":\"Article\",\"@id\":\"https:\\\/\\\/empresasyeventos.com.uy\\\/index.php\\\/2025\\\/11\\\/19\\\/foro-mujeres-lideres-omeu-la-evolucion-del-liderazgo-femenino\\\/#article\",\"isPartOf\":{\"@id\":\"https:\\\/\\\/empresasyeventos.com.uy\\\/index.php\\\/2025\\\/11\\\/19\\\/foro-mujeres-lideres-omeu-la-evolucion-del-liderazgo-femenino\\\/\"},\"author\":{\"name\":\"Alvaro\",\"@id\":\"https:\\\/\\\/empresasyeventos.com.uy\\\/#\\\/schema\\\/person\\\/bad32f4c82dc0dcc552d9c237c4eabe2\"},\"headline\":\"Foro Mujeres L\u00edderes OMEU: la evoluci\u00f3n del liderazgo femenino\",\"datePublished\":\"2025-11-19T10:56:14+00:00\",\"dateModified\":\"2025-11-19T10:56:16+00:00\",\"mainEntityOfPage\":{\"@id\":\"https:\\\/\\\/empresasyeventos.com.uy\\\/index.php\\\/2025\\\/11\\\/19\\\/foro-mujeres-lideres-omeu-la-evolucion-del-liderazgo-femenino\\\/\"},\"wordCount\":700,\"image\":{\"@id\":\"https:\\\/\\\/empresasyeventos.com.uy\\\/index.php\\\/2025\\\/11\\\/19\\\/foro-mujeres-lideres-omeu-la-evolucion-del-liderazgo-femenino\\\/#primaryimage\"},\"thumbnailUrl\":\"https:\\\/\\\/i0.wp.com\\\/empresasyeventos.com.uy\\\/wp-content\\\/uploads\\\/2025\\\/11\\\/Foro-Mujeres-Lideres-OMEU.jpg?fit=800%2C640&ssl=1\",\"articleSection\":[\"Eventos\"],\"inLanguage\":\"es\"},{\"@type\":\"WebPage\",\"@id\":\"https:\\\/\\\/empresasyeventos.com.uy\\\/index.php\\\/2025\\\/11\\\/19\\\/foro-mujeres-lideres-omeu-la-evolucion-del-liderazgo-femenino\\\/\",\"url\":\"https:\\\/\\\/empresasyeventos.com.uy\\\/index.php\\\/2025\\\/11\\\/19\\\/foro-mujeres-lideres-omeu-la-evolucion-del-liderazgo-femenino\\\/\",\"name\":\"Foro Mujeres L\u00edderes OMEU: la evoluci\u00f3n del liderazgo femenino - Empresas &amp; Eventos\",\"isPartOf\":{\"@id\":\"https:\\\/\\\/empresasyeventos.com.uy\\\/#website\"},\"primaryImageOfPage\":{\"@id\":\"https:\\\/\\\/empresasyeventos.com.uy\\\/index.php\\\/2025\\\/11\\\/19\\\/foro-mujeres-lideres-omeu-la-evolucion-del-liderazgo-femenino\\\/#primaryimage\"},\"image\":{\"@id\":\"https:\\\/\\\/empresasyeventos.com.uy\\\/index.php\\\/2025\\\/11\\\/19\\\/foro-mujeres-lideres-omeu-la-evolucion-del-liderazgo-femenino\\\/#primaryimage\"},\"thumbnailUrl\":\"https:\\\/\\\/i0.wp.com\\\/empresasyeventos.com.uy\\\/wp-content\\\/uploads\\\/2025\\\/11\\\/Foro-Mujeres-Lideres-OMEU.jpg?fit=800%2C640&ssl=1\",\"datePublished\":\"2025-11-19T10:56:14+00:00\",\"dateModified\":\"2025-11-19T10:56:16+00:00\",\"author\":{\"@id\":\"https:\\\/\\\/empresasyeventos.com.uy\\\/#\\\/schema\\\/person\\\/bad32f4c82dc0dcc552d9c237c4eabe2\"},\"breadcrumb\":{\"@id\":\"https:\\\/\\\/empresasyeventos.com.uy\\\/index.php\\\/2025\\\/11\\\/19\\\/foro-mujeres-lideres-omeu-la-evolucion-del-liderazgo-femenino\\\/#breadcrumb\"},\"inLanguage\":\"es\",\"potentialAction\":[{\"@type\":\"ReadAction\",\"target\":[\"https:\\\/\\\/empresasyeventos.com.uy\\\/index.php\\\/2025\\\/11\\\/19\\\/foro-mujeres-lideres-omeu-la-evolucion-del-liderazgo-femenino\\\/\"]}]},{\"@type\":\"ImageObject\",\"inLanguage\":\"es\",\"@id\":\"https:\\\/\\\/empresasyeventos.com.uy\\\/index.php\\\/2025\\\/11\\\/19\\\/foro-mujeres-lideres-omeu-la-evolucion-del-liderazgo-femenino\\\/#primaryimage\",\"url\":\"https:\\\/\\\/i0.wp.com\\\/empresasyeventos.com.uy\\\/wp-content\\\/uploads\\\/2025\\\/11\\\/Foro-Mujeres-Lideres-OMEU.jpg?fit=800%2C640&ssl=1\",\"contentUrl\":\"https:\\\/\\\/i0.wp.com\\\/empresasyeventos.com.uy\\\/wp-content\\\/uploads\\\/2025\\\/11\\\/Foro-Mujeres-Lideres-OMEU.jpg?fit=800%2C640&ssl=1\",\"width\":800,\"height\":640},{\"@type\":\"BreadcrumbList\",\"@id\":\"https:\\\/\\\/empresasyeventos.com.uy\\\/index.php\\\/2025\\\/11\\\/19\\\/foro-mujeres-lideres-omeu-la-evolucion-del-liderazgo-femenino\\\/#breadcrumb\",\"itemListElement\":[{\"@type\":\"ListItem\",\"position\":1,\"name\":\"Home\",\"item\":\"https:\\\/\\\/empresasyeventos.com.uy\\\/\"},{\"@type\":\"ListItem\",\"position\":2,\"name\":\"Foro Mujeres L\u00edderes OMEU: la evoluci\u00f3n del liderazgo femenino\"}]},{\"@type\":\"WebSite\",\"@id\":\"https:\\\/\\\/empresasyeventos.com.uy\\\/#website\",\"url\":\"https:\\\/\\\/empresasyeventos.com.uy\\\/\",\"name\":\"Empresas &amp; Eventos\",\"description\":\"Portal de noticias de Empresas y Eventos\",\"potentialAction\":[{\"@type\":\"SearchAction\",\"target\":{\"@type\":\"EntryPoint\",\"urlTemplate\":\"https:\\\/\\\/empresasyeventos.com.uy\\\/?s={search_term_string}\"},\"query-input\":{\"@type\":\"PropertyValueSpecification\",\"valueRequired\":true,\"valueName\":\"search_term_string\"}}],\"inLanguage\":\"es\"},{\"@type\":\"Person\",\"@id\":\"https:\\\/\\\/empresasyeventos.com.uy\\\/#\\\/schema\\\/person\\\/bad32f4c82dc0dcc552d9c237c4eabe2\",\"name\":\"Alvaro\",\"image\":{\"@type\":\"ImageObject\",\"inLanguage\":\"es\",\"@id\":\"https:\\\/\\\/empresasyeventos.com.uy\\\/wp-content\\\/litespeed\\\/avatar\\\/02be975608cf76e8c82ab3130f64f4e1.jpg?ver=1777400938\",\"url\":\"https:\\\/\\\/empresasyeventos.com.uy\\\/wp-content\\\/litespeed\\\/avatar\\\/02be975608cf76e8c82ab3130f64f4e1.jpg?ver=1777400938\",\"contentUrl\":\"https:\\\/\\\/empresasyeventos.com.uy\\\/wp-content\\\/litespeed\\\/avatar\\\/02be975608cf76e8c82ab3130f64f4e1.jpg?ver=1777400938\",\"caption\":\"Alvaro\"},\"url\":\"https:\\\/\\\/empresasyeventos.com.uy\\\/index.php\\\/author\\\/alvaro\\\/\"}]}<\/script>\n<!-- \/ Yoast SEO plugin. -->","yoast_head_json":{"title":"Foro Mujeres L\u00edderes OMEU: la evoluci\u00f3n del liderazgo femenino - Empresas &amp; Eventos","robots":{"index":"index","follow":"follow","max-snippet":"max-snippet:-1","max-image-preview":"max-image-preview:large","max-video-preview":"max-video-preview:-1"},"canonical":"https:\/\/empresasyeventos.com.uy\/index.php\/2025\/11\/19\/foro-mujeres-lideres-omeu-la-evolucion-del-liderazgo-femenino\/","og_locale":"es_ES","og_type":"article","og_title":"Foro Mujeres L\u00edderes OMEU: la evoluci\u00f3n del liderazgo femenino - Empresas &amp; Eventos","og_description":"El liderazgo femenino cambia, evoluciona y se redefine con el tiempo. Lo hace a partir de la experiencia, la capacidad de gesti\u00f3n y la convicci\u00f3n de que la presencia de [&hellip;]","og_url":"https:\/\/empresasyeventos.com.uy\/index.php\/2025\/11\/19\/foro-mujeres-lideres-omeu-la-evolucion-del-liderazgo-femenino\/","og_site_name":"Empresas &amp; Eventos","article_published_time":"2025-11-19T10:56:14+00:00","article_modified_time":"2025-11-19T10:56:16+00:00","og_image":[{"width":800,"height":640,"url":"http:\/\/empresasyeventos.com.uy\/wp-content\/uploads\/2025\/11\/Foro-Mujeres-Lideres-OMEU.jpg","type":"image\/jpeg"}],"author":"Alvaro","twitter_card":"summary_large_image","twitter_misc":{"Escrito por":"Alvaro","Tiempo de lectura":"4 minutos"},"schema":{"@context":"https:\/\/schema.org","@graph":[{"@type":"Article","@id":"https:\/\/empresasyeventos.com.uy\/index.php\/2025\/11\/19\/foro-mujeres-lideres-omeu-la-evolucion-del-liderazgo-femenino\/#article","isPartOf":{"@id":"https:\/\/empresasyeventos.com.uy\/index.php\/2025\/11\/19\/foro-mujeres-lideres-omeu-la-evolucion-del-liderazgo-femenino\/"},"author":{"name":"Alvaro","@id":"https:\/\/empresasyeventos.com.uy\/#\/schema\/person\/bad32f4c82dc0dcc552d9c237c4eabe2"},"headline":"Foro Mujeres L\u00edderes OMEU: la evoluci\u00f3n del liderazgo femenino","datePublished":"2025-11-19T10:56:14+00:00","dateModified":"2025-11-19T10:56:16+00:00","mainEntityOfPage":{"@id":"https:\/\/empresasyeventos.com.uy\/index.php\/2025\/11\/19\/foro-mujeres-lideres-omeu-la-evolucion-del-liderazgo-femenino\/"},"wordCount":700,"image":{"@id":"https:\/\/empresasyeventos.com.uy\/index.php\/2025\/11\/19\/foro-mujeres-lideres-omeu-la-evolucion-del-liderazgo-femenino\/#primaryimage"},"thumbnailUrl":"https:\/\/i0.wp.com\/empresasyeventos.com.uy\/wp-content\/uploads\/2025\/11\/Foro-Mujeres-Lideres-OMEU.jpg?fit=800%2C640&ssl=1","articleSection":["Eventos"],"inLanguage":"es"},{"@type":"WebPage","@id":"https:\/\/empresasyeventos.com.uy\/index.php\/2025\/11\/19\/foro-mujeres-lideres-omeu-la-evolucion-del-liderazgo-femenino\/","url":"https:\/\/empresasyeventos.com.uy\/index.php\/2025\/11\/19\/foro-mujeres-lideres-omeu-la-evolucion-del-liderazgo-femenino\/","name":"Foro Mujeres L\u00edderes OMEU: la evoluci\u00f3n del liderazgo femenino - Empresas &amp; Eventos","isPartOf":{"@id":"https:\/\/empresasyeventos.com.uy\/#website"},"primaryImageOfPage":{"@id":"https:\/\/empresasyeventos.com.uy\/index.php\/2025\/11\/19\/foro-mujeres-lideres-omeu-la-evolucion-del-liderazgo-femenino\/#primaryimage"},"image":{"@id":"https:\/\/empresasyeventos.com.uy\/index.php\/2025\/11\/19\/foro-mujeres-lideres-omeu-la-evolucion-del-liderazgo-femenino\/#primaryimage"},"thumbnailUrl":"https:\/\/i0.wp.com\/empresasyeventos.com.uy\/wp-content\/uploads\/2025\/11\/Foro-Mujeres-Lideres-OMEU.jpg?fit=800%2C640&ssl=1","datePublished":"2025-11-19T10:56:14+00:00","dateModified":"2025-11-19T10:56:16+00:00","author":{"@id":"https:\/\/empresasyeventos.com.uy\/#\/schema\/person\/bad32f4c82dc0dcc552d9c237c4eabe2"},"breadcrumb":{"@id":"https:\/\/empresasyeventos.com.uy\/index.php\/2025\/11\/19\/foro-mujeres-lideres-omeu-la-evolucion-del-liderazgo-femenino\/#breadcrumb"},"inLanguage":"es","potentialAction":[{"@type":"ReadAction","target":["https:\/\/empresasyeventos.com.uy\/index.php\/2025\/11\/19\/foro-mujeres-lideres-omeu-la-evolucion-del-liderazgo-femenino\/"]}]},{"@type":"ImageObject","inLanguage":"es","@id":"https:\/\/empresasyeventos.com.uy\/index.php\/2025\/11\/19\/foro-mujeres-lideres-omeu-la-evolucion-del-liderazgo-femenino\/#primaryimage","url":"https:\/\/i0.wp.com\/empresasyeventos.com.uy\/wp-content\/uploads\/2025\/11\/Foro-Mujeres-Lideres-OMEU.jpg?fit=800%2C640&ssl=1","contentUrl":"https:\/\/i0.wp.com\/empresasyeventos.com.uy\/wp-content\/uploads\/2025\/11\/Foro-Mujeres-Lideres-OMEU.jpg?fit=800%2C640&ssl=1","width":800,"height":640},{"@type":"BreadcrumbList","@id":"https:\/\/empresasyeventos.com.uy\/index.php\/2025\/11\/19\/foro-mujeres-lideres-omeu-la-evolucion-del-liderazgo-femenino\/#breadcrumb","itemListElement":[{"@type":"ListItem","position":1,"name":"Home","item":"https:\/\/empresasyeventos.com.uy\/"},{"@type":"ListItem","position":2,"name":"Foro Mujeres L\u00edderes OMEU: la evoluci\u00f3n del liderazgo femenino"}]},{"@type":"WebSite","@id":"https:\/\/empresasyeventos.com.uy\/#website","url":"https:\/\/empresasyeventos.com.uy\/","name":"Empresas &amp; Eventos","description":"Portal de noticias de Empresas y Eventos","potentialAction":[{"@type":"SearchAction","target":{"@type":"EntryPoint","urlTemplate":"https:\/\/empresasyeventos.com.uy\/?s={search_term_string}"},"query-input":{"@type":"PropertyValueSpecification","valueRequired":true,"valueName":"search_term_string"}}],"inLanguage":"es"},{"@type":"Person","@id":"https:\/\/empresasyeventos.com.uy\/#\/schema\/person\/bad32f4c82dc0dcc552d9c237c4eabe2","name":"Alvaro","image":{"@type":"ImageObject","inLanguage":"es","@id":"https:\/\/empresasyeventos.com.uy\/wp-content\/litespeed\/avatar\/02be975608cf76e8c82ab3130f64f4e1.jpg?ver=1777400938","url":"https:\/\/empresasyeventos.com.uy\/wp-content\/litespeed\/avatar\/02be975608cf76e8c82ab3130f64f4e1.jpg?ver=1777400938","contentUrl":"https:\/\/empresasyeventos.com.uy\/wp-content\/litespeed\/avatar\/02be975608cf76e8c82ab3130f64f4e1.jpg?ver=1777400938","caption":"Alvaro"},"url":"https:\/\/empresasyeventos.com.uy\/index.php\/author\/alvaro\/"}]}},"jetpack_publicize_connections":[],"jetpack_featured_media_url":"https:\/\/i0.wp.com\/empresasyeventos.com.uy\/wp-content\/uploads\/2025\/11\/Foro-Mujeres-Lideres-OMEU.jpg?fit=800%2C640&ssl=1","jetpack_sharing_enabled":true,"_links":{"self":[{"href":"https:\/\/empresasyeventos.com.uy\/index.php\/wp-json\/wp\/v2\/posts\/3648","targetHints":{"allow":["GET"]}}],"collection":[{"href":"https:\/\/empresasyeventos.com.uy\/index.php\/wp-json\/wp\/v2\/posts"}],"about":[{"href":"https:\/\/empresasyeventos.com.uy\/index.php\/wp-json\/wp\/v2\/types\/post"}],"author":[{"embeddable":true,"href":"https:\/\/empresasyeventos.com.uy\/index.php\/wp-json\/wp\/v2\/users\/1"}],"replies":[{"embeddable":true,"href":"https:\/\/empresasyeventos.com.uy\/index.php\/wp-json\/wp\/v2\/comments?post=3648"}],"version-history":[{"count":1,"href":"https:\/\/empresasyeventos.com.uy\/index.php\/wp-json\/wp\/v2\/posts\/3648\/revisions"}],"predecessor-version":[{"id":3650,"href":"https:\/\/empresasyeventos.com.uy\/index.php\/wp-json\/wp\/v2\/posts\/3648\/revisions\/3650"}],"wp:featuredmedia":[{"embeddable":true,"href":"https:\/\/empresasyeventos.com.uy\/index.php\/wp-json\/wp\/v2\/media\/3649"}],"wp:attachment":[{"href":"https:\/\/empresasyeventos.com.uy\/index.php\/wp-json\/wp\/v2\/media?parent=3648"}],"wp:term":[{"taxonomy":"category","embeddable":true,"href":"https:\/\/empresasyeventos.com.uy\/index.php\/wp-json\/wp\/v2\/categories?post=3648"},{"taxonomy":"post_tag","embeddable":true,"href":"https:\/\/empresasyeventos.com.uy\/index.php\/wp-json\/wp\/v2\/tags?post=3648"}],"curies":[{"name":"wp","href":"https:\/\/api.w.org\/{rel}","templated":true}]}}