{"id":3621,"date":"2025-10-30T13:46:28","date_gmt":"2025-10-30T12:46:28","guid":{"rendered":"https:\/\/empresasyeventos.com.uy\/?p=3621"},"modified":"2025-10-30T13:46:31","modified_gmt":"2025-10-30T12:46:31","slug":"buenos-aires-inaugura-el-mirador-obelisco","status":"publish","type":"post","link":"https:\/\/empresasyeventos.com.uy\/index.php\/2025\/10\/30\/buenos-aires-inaugura-el-mirador-obelisco\/","title":{"rendered":"Buenos Aires inaugura el Mirador Obelisco"},"content":{"rendered":"\n<p>La Ciudad de Buenos Aires anunci\u00f3 la apertura del Mirador Obelisco, un nuevo atractivo tur\u00edstico que ofrecer\u00e1 vistas panor\u00e1micas \u00fanicas de la capital argentina. La preventa de entradas ya est\u00e1 disponible en <a href=\"https:\/\/comunicacionavc-dot-yamm-track.appspot.com\/2F3e8tFJ4jR-1hr3-iy7UC7FuM6FJsQwnJep2kzqE8VP1x7ErmgFilQPDhjrlpd8AA5rNtv9nz0N9Bv3pWrliosq1IhajYs844Xxp9cZyBIhqA0XzM1SDk3Ixe7lnU9VclwU3G1FzhNTF_VlkYoQX-0Gc886gbXOCibY0MHf8_Uy1iwvwBydkiBnFeMQA\" rel=\"noreferrer noopener\" target=\"_blank\">miradorobelisco.com.ar<\/a>, y la apertura al p\u00fablico ser\u00e1 el1\u00b0 de noviembre, fecha en la que el monumento m\u00e1s emblem\u00e1tico de Buenos Aires abrir\u00e1 sus puertas por primera vez en sus 89 a\u00f1os de historia.<\/p>\n\n\n\n<p>\u00abEl mirador panor\u00e1mico es un nuevo atractivo tur\u00edstico que cambiar\u00e1 la manera de ver nuestra Ciudad y su patrimonio, como en las grandes metr\u00f3polis del mundo\u00bb, sostuvo el Jefe de Gobierno de la Ciudad de Buenos Aires, Jorge Macri.<\/p>\n\n\n\n<p>Por su parte, el presidente de Visit Buenos Aires y del Ente de Turismo de la Ciudad de Buenos Aires, Valent\u00edn D\u00edaz Gilligan, destac\u00f3: \u00abEste avance es un hito tur\u00edstico y cultural que posiciona a la Ciudad en el circuito global de grandes miradores urbanos. Es el resultado de un trabajo en conjunto con el sector privado que nos va a permitir seguir dando a conocer nuestra identidad al mundo\u00bb.<\/p>\n\n\n\n<p>Dentro del Obelisco se instal\u00f3 un ascensor vidriado que permitir\u00e1 el ascenso y descenso en grupos de cuatro personas. Cada visita durar\u00e1 aproximadamente 15 minutos, ofreciendo una experiencia inmersiva con vistas panor\u00e1micas de la Ciudad.<\/p>\n\n\n\n<p>La experiencia incluye adem\u00e1s contenido cultural y patrimonial, y una base operativa al servicio de vecinos y turistas. Todas las obras se realizaron respetando la estructura original del monumento, declarado Monumento Hist\u00f3rico Nacional, garantizando su preservaci\u00f3n.<\/p>\n\n\n\n<p>Buenos Aires contin\u00faa consolid\u00e1ndose como un destino de experiencias, abierto todo el a\u00f1o para que visitantes de todo el mundo disfruten de su variada oferta: m\u00e1s de 7.000 locales gastron\u00f3micos, 287 teatros, 380 librer\u00edas y 150 museos, adem\u00e1s de una vibrante agenda cultural y musical que la posiciona como una de las capitales m\u00e1s atractivas del continente.<\/p>\n\n\n\n<figure class=\"wp-block-image size-full\"><img data-recalc-dims=\"1\" decoding=\"async\" width=\"696\" height=\"392\" data-attachment-id=\"3622\" data-permalink=\"https:\/\/empresasyeventos.com.uy\/index.php\/2025\/10\/30\/buenos-aires-inaugura-el-mirador-obelisco\/mirador-obelisco\/\" data-orig-file=\"https:\/\/i0.wp.com\/empresasyeventos.com.uy\/wp-content\/uploads\/2025\/10\/Mirador-Obelisco.jpg?fit=800%2C450&ssl=1\" data-orig-size=\"800,450\" data-comments-opened=\"0\" data-image-meta=\"{&quot;aperture&quot;:&quot;0&quot;,&quot;credit&quot;:&quot;&quot;,&quot;camera&quot;:&quot;&quot;,&quot;caption&quot;:&quot;&quot;,&quot;created_timestamp&quot;:&quot;0&quot;,&quot;copyright&quot;:&quot;&quot;,&quot;focal_length&quot;:&quot;0&quot;,&quot;iso&quot;:&quot;0&quot;,&quot;shutter_speed&quot;:&quot;0&quot;,&quot;title&quot;:&quot;&quot;,&quot;orientation&quot;:&quot;0&quot;}\" data-image-title=\"Mirador Obelisco\" data-image-description=\"\" data-image-caption=\"\" data-large-file=\"https:\/\/i0.wp.com\/empresasyeventos.com.uy\/wp-content\/uploads\/2025\/10\/Mirador-Obelisco.jpg?fit=800%2C450&ssl=1\" src=\"https:\/\/i0.wp.com\/empresasyeventos.com.uy\/wp-content\/uploads\/2025\/10\/Mirador-Obelisco.jpg?resize=696%2C392\" alt=\"\" class=\"wp-image-3622\" srcset=\"https:\/\/i0.wp.com\/empresasyeventos.com.uy\/wp-content\/uploads\/2025\/10\/Mirador-Obelisco.jpg?w=800&ssl=1 800w, https:\/\/i0.wp.com\/empresasyeventos.com.uy\/wp-content\/uploads\/2025\/10\/Mirador-Obelisco.jpg?resize=768%2C432&ssl=1 768w, https:\/\/i0.wp.com\/empresasyeventos.com.uy\/wp-content\/uploads\/2025\/10\/Mirador-Obelisco.jpg?resize=150%2C84&ssl=1 150w, https:\/\/i0.wp.com\/empresasyeventos.com.uy\/wp-content\/uploads\/2025\/10\/Mirador-Obelisco.jpg?resize=300%2C169&ssl=1 300w, https:\/\/i0.wp.com\/empresasyeventos.com.uy\/wp-content\/uploads\/2025\/10\/Mirador-Obelisco.jpg?resize=696%2C392&ssl=1 696w\" sizes=\"(max-width: 696px) 100vw, 696px\" \/><\/figure>\n","protected":false},"excerpt":{"rendered":"<p>La Ciudad de Buenos Aires anunci\u00f3 la apertura del Mirador Obelisco, un nuevo atractivo tur\u00edstico que ofrecer\u00e1 vistas panor\u00e1micas \u00fanicas de la capital argentina. La preventa de entradas ya est\u00e1 [&hellip;]<\/p>\n","protected":false},"author":1,"featured_media":3623,"comment_status":"closed","ping_status":"open","sticky":false,"template":"","format":"standard","meta":{"_exactmetrics_skip_tracking":false,"_exactmetrics_sitenote_active":false,"_exactmetrics_sitenote_note":"","_exactmetrics_sitenote_category":0,"_jetpack_memberships_contains_paid_content":false,"footnotes":"","jetpack_publicize_message":"","jetpack_publicize_feature_enabled":true,"jetpack_social_post_already_shared":true,"jetpack_social_options":{"image_generator_settings":{"template":"highway","default_image_id":0,"font":"","enabled":false},"version":2}},"categories":[487],"tags":[],"class_list":["post-3621","post","type-post","status-publish","format-standard","has-post-thumbnail","category-internacional"],"yoast_head":"<!-- This site is optimized with the Yoast SEO plugin v27.5 - https:\/\/yoast.com\/product\/yoast-seo-wordpress\/ -->\n<title>Buenos Aires inaugura el Mirador Obelisco - Empresas &amp; Eventos<\/title>\n<meta name=\"robots\" content=\"index, follow, max-snippet:-1, max-image-preview:large, max-video-preview:-1\" \/>\n<link rel=\"canonical\" href=\"https:\/\/empresasyeventos.com.uy\/index.php\/2025\/10\/30\/buenos-aires-inaugura-el-mirador-obelisco\/\" \/>\n<meta property=\"og:locale\" content=\"es_ES\" \/>\n<meta property=\"og:type\" content=\"article\" \/>\n<meta property=\"og:title\" content=\"Buenos Aires inaugura el Mirador Obelisco - Empresas &amp; Eventos\" \/>\n<meta property=\"og:description\" content=\"La Ciudad de Buenos Aires anunci\u00f3 la apertura del Mirador Obelisco, un nuevo atractivo tur\u00edstico que ofrecer\u00e1 vistas panor\u00e1micas \u00fanicas de la capital argentina. La preventa de entradas ya est\u00e1 [&hellip;]\" \/>\n<meta property=\"og:url\" content=\"https:\/\/empresasyeventos.com.uy\/index.php\/2025\/10\/30\/buenos-aires-inaugura-el-mirador-obelisco\/\" \/>\n<meta property=\"og:site_name\" content=\"Empresas &amp; Eventos\" \/>\n<meta property=\"article:published_time\" content=\"2025-10-30T12:46:28+00:00\" \/>\n<meta property=\"article:modified_time\" content=\"2025-10-30T12:46:31+00:00\" \/>\n<meta property=\"og:image\" content=\"http:\/\/empresasyeventos.com.uy\/wp-content\/uploads\/2025\/10\/Obelisco.jpg\" \/>\n\t<meta property=\"og:image:width\" content=\"800\" \/>\n\t<meta property=\"og:image:height\" content=\"596\" \/>\n\t<meta property=\"og:image:type\" content=\"image\/jpeg\" \/>\n<meta name=\"author\" content=\"Alvaro\" \/>\n<meta name=\"twitter:card\" content=\"summary_large_image\" \/>\n<meta name=\"twitter:label1\" content=\"Escrito por\" \/>\n\t<meta name=\"twitter:data1\" content=\"Alvaro\" \/>\n\t<meta name=\"twitter:label2\" content=\"Tiempo de lectura\" \/>\n\t<meta name=\"twitter:data2\" content=\"2 minutos\" \/>\n<script type=\"application\/ld+json\" class=\"yoast-schema-graph\">{\"@context\":\"https:\\\/\\\/schema.org\",\"@graph\":[{\"@type\":\"Article\",\"@id\":\"https:\\\/\\\/empresasyeventos.com.uy\\\/index.php\\\/2025\\\/10\\\/30\\\/buenos-aires-inaugura-el-mirador-obelisco\\\/#article\",\"isPartOf\":{\"@id\":\"https:\\\/\\\/empresasyeventos.com.uy\\\/index.php\\\/2025\\\/10\\\/30\\\/buenos-aires-inaugura-el-mirador-obelisco\\\/\"},\"author\":{\"name\":\"Alvaro\",\"@id\":\"https:\\\/\\\/empresasyeventos.com.uy\\\/#\\\/schema\\\/person\\\/bad32f4c82dc0dcc552d9c237c4eabe2\"},\"headline\":\"Buenos Aires inaugura el Mirador Obelisco\",\"datePublished\":\"2025-10-30T12:46:28+00:00\",\"dateModified\":\"2025-10-30T12:46:31+00:00\",\"mainEntityOfPage\":{\"@id\":\"https:\\\/\\\/empresasyeventos.com.uy\\\/index.php\\\/2025\\\/10\\\/30\\\/buenos-aires-inaugura-el-mirador-obelisco\\\/\"},\"wordCount\":328,\"image\":{\"@id\":\"https:\\\/\\\/empresasyeventos.com.uy\\\/index.php\\\/2025\\\/10\\\/30\\\/buenos-aires-inaugura-el-mirador-obelisco\\\/#primaryimage\"},\"thumbnailUrl\":\"https:\\\/\\\/i0.wp.com\\\/empresasyeventos.com.uy\\\/wp-content\\\/uploads\\\/2025\\\/10\\\/Obelisco.jpg?fit=800%2C596&ssl=1\",\"articleSection\":[\"Internacional\"],\"inLanguage\":\"es\"},{\"@type\":\"WebPage\",\"@id\":\"https:\\\/\\\/empresasyeventos.com.uy\\\/index.php\\\/2025\\\/10\\\/30\\\/buenos-aires-inaugura-el-mirador-obelisco\\\/\",\"url\":\"https:\\\/\\\/empresasyeventos.com.uy\\\/index.php\\\/2025\\\/10\\\/30\\\/buenos-aires-inaugura-el-mirador-obelisco\\\/\",\"name\":\"Buenos Aires inaugura el Mirador Obelisco - Empresas &amp; Eventos\",\"isPartOf\":{\"@id\":\"https:\\\/\\\/empresasyeventos.com.uy\\\/#website\"},\"primaryImageOfPage\":{\"@id\":\"https:\\\/\\\/empresasyeventos.com.uy\\\/index.php\\\/2025\\\/10\\\/30\\\/buenos-aires-inaugura-el-mirador-obelisco\\\/#primaryimage\"},\"image\":{\"@id\":\"https:\\\/\\\/empresasyeventos.com.uy\\\/index.php\\\/2025\\\/10\\\/30\\\/buenos-aires-inaugura-el-mirador-obelisco\\\/#primaryimage\"},\"thumbnailUrl\":\"https:\\\/\\\/i0.wp.com\\\/empresasyeventos.com.uy\\\/wp-content\\\/uploads\\\/2025\\\/10\\\/Obelisco.jpg?fit=800%2C596&ssl=1\",\"datePublished\":\"2025-10-30T12:46:28+00:00\",\"dateModified\":\"2025-10-30T12:46:31+00:00\",\"author\":{\"@id\":\"https:\\\/\\\/empresasyeventos.com.uy\\\/#\\\/schema\\\/person\\\/bad32f4c82dc0dcc552d9c237c4eabe2\"},\"breadcrumb\":{\"@id\":\"https:\\\/\\\/empresasyeventos.com.uy\\\/index.php\\\/2025\\\/10\\\/30\\\/buenos-aires-inaugura-el-mirador-obelisco\\\/#breadcrumb\"},\"inLanguage\":\"es\",\"potentialAction\":[{\"@type\":\"ReadAction\",\"target\":[\"https:\\\/\\\/empresasyeventos.com.uy\\\/index.php\\\/2025\\\/10\\\/30\\\/buenos-aires-inaugura-el-mirador-obelisco\\\/\"]}]},{\"@type\":\"ImageObject\",\"inLanguage\":\"es\",\"@id\":\"https:\\\/\\\/empresasyeventos.com.uy\\\/index.php\\\/2025\\\/10\\\/30\\\/buenos-aires-inaugura-el-mirador-obelisco\\\/#primaryimage\",\"url\":\"https:\\\/\\\/i0.wp.com\\\/empresasyeventos.com.uy\\\/wp-content\\\/uploads\\\/2025\\\/10\\\/Obelisco.jpg?fit=800%2C596&ssl=1\",\"contentUrl\":\"https:\\\/\\\/i0.wp.com\\\/empresasyeventos.com.uy\\\/wp-content\\\/uploads\\\/2025\\\/10\\\/Obelisco.jpg?fit=800%2C596&ssl=1\",\"width\":800,\"height\":596},{\"@type\":\"BreadcrumbList\",\"@id\":\"https:\\\/\\\/empresasyeventos.com.uy\\\/index.php\\\/2025\\\/10\\\/30\\\/buenos-aires-inaugura-el-mirador-obelisco\\\/#breadcrumb\",\"itemListElement\":[{\"@type\":\"ListItem\",\"position\":1,\"name\":\"Home\",\"item\":\"https:\\\/\\\/empresasyeventos.com.uy\\\/\"},{\"@type\":\"ListItem\",\"position\":2,\"name\":\"Buenos Aires inaugura el Mirador Obelisco\"}]},{\"@type\":\"WebSite\",\"@id\":\"https:\\\/\\\/empresasyeventos.com.uy\\\/#website\",\"url\":\"https:\\\/\\\/empresasyeventos.com.uy\\\/\",\"name\":\"Empresas &amp; Eventos\",\"description\":\"Portal de noticias de Empresas y Eventos\",\"potentialAction\":[{\"@type\":\"SearchAction\",\"target\":{\"@type\":\"EntryPoint\",\"urlTemplate\":\"https:\\\/\\\/empresasyeventos.com.uy\\\/?s={search_term_string}\"},\"query-input\":{\"@type\":\"PropertyValueSpecification\",\"valueRequired\":true,\"valueName\":\"search_term_string\"}}],\"inLanguage\":\"es\"},{\"@type\":\"Person\",\"@id\":\"https:\\\/\\\/empresasyeventos.com.uy\\\/#\\\/schema\\\/person\\\/bad32f4c82dc0dcc552d9c237c4eabe2\",\"name\":\"Alvaro\",\"image\":{\"@type\":\"ImageObject\",\"inLanguage\":\"es\",\"@id\":\"https:\\\/\\\/empresasyeventos.com.uy\\\/wp-content\\\/litespeed\\\/avatar\\\/02be975608cf76e8c82ab3130f64f4e1.jpg?ver=1777400938\",\"url\":\"https:\\\/\\\/empresasyeventos.com.uy\\\/wp-content\\\/litespeed\\\/avatar\\\/02be975608cf76e8c82ab3130f64f4e1.jpg?ver=1777400938\",\"contentUrl\":\"https:\\\/\\\/empresasyeventos.com.uy\\\/wp-content\\\/litespeed\\\/avatar\\\/02be975608cf76e8c82ab3130f64f4e1.jpg?ver=1777400938\",\"caption\":\"Alvaro\"},\"url\":\"https:\\\/\\\/empresasyeventos.com.uy\\\/index.php\\\/author\\\/alvaro\\\/\"}]}<\/script>\n<!-- \/ Yoast SEO plugin. -->","yoast_head_json":{"title":"Buenos Aires inaugura el Mirador Obelisco - Empresas &amp; Eventos","robots":{"index":"index","follow":"follow","max-snippet":"max-snippet:-1","max-image-preview":"max-image-preview:large","max-video-preview":"max-video-preview:-1"},"canonical":"https:\/\/empresasyeventos.com.uy\/index.php\/2025\/10\/30\/buenos-aires-inaugura-el-mirador-obelisco\/","og_locale":"es_ES","og_type":"article","og_title":"Buenos Aires inaugura el Mirador Obelisco - Empresas &amp; Eventos","og_description":"La Ciudad de Buenos Aires anunci\u00f3 la apertura del Mirador Obelisco, un nuevo atractivo tur\u00edstico que ofrecer\u00e1 vistas panor\u00e1micas \u00fanicas de la capital argentina. La preventa de entradas ya est\u00e1 [&hellip;]","og_url":"https:\/\/empresasyeventos.com.uy\/index.php\/2025\/10\/30\/buenos-aires-inaugura-el-mirador-obelisco\/","og_site_name":"Empresas &amp; Eventos","article_published_time":"2025-10-30T12:46:28+00:00","article_modified_time":"2025-10-30T12:46:31+00:00","og_image":[{"width":800,"height":596,"url":"http:\/\/empresasyeventos.com.uy\/wp-content\/uploads\/2025\/10\/Obelisco.jpg","type":"image\/jpeg"}],"author":"Alvaro","twitter_card":"summary_large_image","twitter_misc":{"Escrito por":"Alvaro","Tiempo de lectura":"2 minutos"},"schema":{"@context":"https:\/\/schema.org","@graph":[{"@type":"Article","@id":"https:\/\/empresasyeventos.com.uy\/index.php\/2025\/10\/30\/buenos-aires-inaugura-el-mirador-obelisco\/#article","isPartOf":{"@id":"https:\/\/empresasyeventos.com.uy\/index.php\/2025\/10\/30\/buenos-aires-inaugura-el-mirador-obelisco\/"},"author":{"name":"Alvaro","@id":"https:\/\/empresasyeventos.com.uy\/#\/schema\/person\/bad32f4c82dc0dcc552d9c237c4eabe2"},"headline":"Buenos Aires inaugura el Mirador Obelisco","datePublished":"2025-10-30T12:46:28+00:00","dateModified":"2025-10-30T12:46:31+00:00","mainEntityOfPage":{"@id":"https:\/\/empresasyeventos.com.uy\/index.php\/2025\/10\/30\/buenos-aires-inaugura-el-mirador-obelisco\/"},"wordCount":328,"image":{"@id":"https:\/\/empresasyeventos.com.uy\/index.php\/2025\/10\/30\/buenos-aires-inaugura-el-mirador-obelisco\/#primaryimage"},"thumbnailUrl":"https:\/\/i0.wp.com\/empresasyeventos.com.uy\/wp-content\/uploads\/2025\/10\/Obelisco.jpg?fit=800%2C596&ssl=1","articleSection":["Internacional"],"inLanguage":"es"},{"@type":"WebPage","@id":"https:\/\/empresasyeventos.com.uy\/index.php\/2025\/10\/30\/buenos-aires-inaugura-el-mirador-obelisco\/","url":"https:\/\/empresasyeventos.com.uy\/index.php\/2025\/10\/30\/buenos-aires-inaugura-el-mirador-obelisco\/","name":"Buenos Aires inaugura el Mirador Obelisco - Empresas &amp; Eventos","isPartOf":{"@id":"https:\/\/empresasyeventos.com.uy\/#website"},"primaryImageOfPage":{"@id":"https:\/\/empresasyeventos.com.uy\/index.php\/2025\/10\/30\/buenos-aires-inaugura-el-mirador-obelisco\/#primaryimage"},"image":{"@id":"https:\/\/empresasyeventos.com.uy\/index.php\/2025\/10\/30\/buenos-aires-inaugura-el-mirador-obelisco\/#primaryimage"},"thumbnailUrl":"https:\/\/i0.wp.com\/empresasyeventos.com.uy\/wp-content\/uploads\/2025\/10\/Obelisco.jpg?fit=800%2C596&ssl=1","datePublished":"2025-10-30T12:46:28+00:00","dateModified":"2025-10-30T12:46:31+00:00","author":{"@id":"https:\/\/empresasyeventos.com.uy\/#\/schema\/person\/bad32f4c82dc0dcc552d9c237c4eabe2"},"breadcrumb":{"@id":"https:\/\/empresasyeventos.com.uy\/index.php\/2025\/10\/30\/buenos-aires-inaugura-el-mirador-obelisco\/#breadcrumb"},"inLanguage":"es","potentialAction":[{"@type":"ReadAction","target":["https:\/\/empresasyeventos.com.uy\/index.php\/2025\/10\/30\/buenos-aires-inaugura-el-mirador-obelisco\/"]}]},{"@type":"ImageObject","inLanguage":"es","@id":"https:\/\/empresasyeventos.com.uy\/index.php\/2025\/10\/30\/buenos-aires-inaugura-el-mirador-obelisco\/#primaryimage","url":"https:\/\/i0.wp.com\/empresasyeventos.com.uy\/wp-content\/uploads\/2025\/10\/Obelisco.jpg?fit=800%2C596&ssl=1","contentUrl":"https:\/\/i0.wp.com\/empresasyeventos.com.uy\/wp-content\/uploads\/2025\/10\/Obelisco.jpg?fit=800%2C596&ssl=1","width":800,"height":596},{"@type":"BreadcrumbList","@id":"https:\/\/empresasyeventos.com.uy\/index.php\/2025\/10\/30\/buenos-aires-inaugura-el-mirador-obelisco\/#breadcrumb","itemListElement":[{"@type":"ListItem","position":1,"name":"Home","item":"https:\/\/empresasyeventos.com.uy\/"},{"@type":"ListItem","position":2,"name":"Buenos Aires inaugura el Mirador Obelisco"}]},{"@type":"WebSite","@id":"https:\/\/empresasyeventos.com.uy\/#website","url":"https:\/\/empresasyeventos.com.uy\/","name":"Empresas &amp; Eventos","description":"Portal de noticias de Empresas y Eventos","potentialAction":[{"@type":"SearchAction","target":{"@type":"EntryPoint","urlTemplate":"https:\/\/empresasyeventos.com.uy\/?s={search_term_string}"},"query-input":{"@type":"PropertyValueSpecification","valueRequired":true,"valueName":"search_term_string"}}],"inLanguage":"es"},{"@type":"Person","@id":"https:\/\/empresasyeventos.com.uy\/#\/schema\/person\/bad32f4c82dc0dcc552d9c237c4eabe2","name":"Alvaro","image":{"@type":"ImageObject","inLanguage":"es","@id":"https:\/\/empresasyeventos.com.uy\/wp-content\/litespeed\/avatar\/02be975608cf76e8c82ab3130f64f4e1.jpg?ver=1777400938","url":"https:\/\/empresasyeventos.com.uy\/wp-content\/litespeed\/avatar\/02be975608cf76e8c82ab3130f64f4e1.jpg?ver=1777400938","contentUrl":"https:\/\/empresasyeventos.com.uy\/wp-content\/litespeed\/avatar\/02be975608cf76e8c82ab3130f64f4e1.jpg?ver=1777400938","caption":"Alvaro"},"url":"https:\/\/empresasyeventos.com.uy\/index.php\/author\/alvaro\/"}]}},"jetpack_publicize_connections":[],"jetpack_featured_media_url":"https:\/\/i0.wp.com\/empresasyeventos.com.uy\/wp-content\/uploads\/2025\/10\/Obelisco.jpg?fit=800%2C596&ssl=1","jetpack_sharing_enabled":true,"_links":{"self":[{"href":"https:\/\/empresasyeventos.com.uy\/index.php\/wp-json\/wp\/v2\/posts\/3621","targetHints":{"allow":["GET"]}}],"collection":[{"href":"https:\/\/empresasyeventos.com.uy\/index.php\/wp-json\/wp\/v2\/posts"}],"about":[{"href":"https:\/\/empresasyeventos.com.uy\/index.php\/wp-json\/wp\/v2\/types\/post"}],"author":[{"embeddable":true,"href":"https:\/\/empresasyeventos.com.uy\/index.php\/wp-json\/wp\/v2\/users\/1"}],"replies":[{"embeddable":true,"href":"https:\/\/empresasyeventos.com.uy\/index.php\/wp-json\/wp\/v2\/comments?post=3621"}],"version-history":[{"count":1,"href":"https:\/\/empresasyeventos.com.uy\/index.php\/wp-json\/wp\/v2\/posts\/3621\/revisions"}],"predecessor-version":[{"id":3624,"href":"https:\/\/empresasyeventos.com.uy\/index.php\/wp-json\/wp\/v2\/posts\/3621\/revisions\/3624"}],"wp:featuredmedia":[{"embeddable":true,"href":"https:\/\/empresasyeventos.com.uy\/index.php\/wp-json\/wp\/v2\/media\/3623"}],"wp:attachment":[{"href":"https:\/\/empresasyeventos.com.uy\/index.php\/wp-json\/wp\/v2\/media?parent=3621"}],"wp:term":[{"taxonomy":"category","embeddable":true,"href":"https:\/\/empresasyeventos.com.uy\/index.php\/wp-json\/wp\/v2\/categories?post=3621"},{"taxonomy":"post_tag","embeddable":true,"href":"https:\/\/empresasyeventos.com.uy\/index.php\/wp-json\/wp\/v2\/tags?post=3621"}],"curies":[{"name":"wp","href":"https:\/\/api.w.org\/{rel}","templated":true}]}}