{"id":3543,"date":"2025-08-08T13:53:42","date_gmt":"2025-08-08T11:53:42","guid":{"rendered":"https:\/\/empresasyeventos.com.uy\/?p=3543"},"modified":"2025-08-08T13:53:44","modified_gmt":"2025-08-08T11:53:44","slug":"miranda-vuelve-en-diciembre-a-montevideo","status":"publish","type":"post","link":"https:\/\/empresasyeventos.com.uy\/index.php\/2025\/08\/08\/miranda-vuelve-en-diciembre-a-montevideo\/","title":{"rendered":"Miranda vuelve en diciembre a Montevideo\u00a0"},"content":{"rendered":"\n<p>Despu\u00e9s del exitos\u00edsimo estreno de su flamante \u00e1lbum Nuevo Hotel Miranda!, cuyo focus track \u00abMe Gusta\u00bb junto a Tini a s\u00f3lo 7 d\u00edas de su lanzamiento debut\u00f3 en el puesto n\u00famero 20 del Top 50 Spotify Argentina y cuenta con m\u00e1s de 5 millones de reproducciones entre todas las plataformas ocupando actualmente el 2do puesto en tendencias de m\u00fasica en Youtube,\u00a0<strong>Miranda!<\/strong>\u00a0anuncia nuevas fechas para este 2025.<\/p>\n\n\n\n<p>Luego de confirmar sus shows de estadios donde har\u00e1n la presentaci\u00f3n oficial del disco en Argentina 22\u00a0y 23 de noviembre en Ferro,\u00a0 en Chile 8 de noviembre en Claro Arena, y en Uruguay 14 de diciembre en el Teatro de Verano.<\/p>\n\n\n\n<p>El d\u00fao pop m\u00e1s ic\u00f3nico de la m\u00fasica actual en Latinoam\u00e9rica vuelve a brillar en los escenarios con una nueva gira nacional. Miranda! regresa con una serie de shows explosivos que combinan fiesta, drama y una identidad visual que no se parece a nada.<\/p>\n\n\n\n<p>El espect\u00e1culo incorpora varios temas de su reciente producci\u00f3n, Nuevo Hotel Miranda!, un disco de canciones in\u00e9ditas con colaboraciones explosivas, con el gran repertorio de hits que supieron crear en m\u00e1s de veinte a\u00f1os de carrera.<\/p>\n\n\n\n<figure class=\"wp-block-image size-full\"><img data-recalc-dims=\"1\" decoding=\"async\" width=\"696\" height=\"868\" data-attachment-id=\"3544\" data-permalink=\"https:\/\/empresasyeventos.com.uy\/index.php\/2025\/08\/08\/miranda-vuelve-en-diciembre-a-montevideo\/miranda-en-el-teatro-de-verano\/\" data-orig-file=\"https:\/\/i0.wp.com\/empresasyeventos.com.uy\/wp-content\/uploads\/2025\/08\/Miranda-en-el-Teatro-de-Verano.jpg?fit=800%2C998&ssl=1\" data-orig-size=\"800,998\" data-comments-opened=\"0\" data-image-meta=\"{&quot;aperture&quot;:&quot;0&quot;,&quot;credit&quot;:&quot;&quot;,&quot;camera&quot;:&quot;&quot;,&quot;caption&quot;:&quot;&quot;,&quot;created_timestamp&quot;:&quot;0&quot;,&quot;copyright&quot;:&quot;&quot;,&quot;focal_length&quot;:&quot;0&quot;,&quot;iso&quot;:&quot;0&quot;,&quot;shutter_speed&quot;:&quot;0&quot;,&quot;title&quot;:&quot;&quot;,&quot;orientation&quot;:&quot;0&quot;}\" data-image-title=\"Miranda en el Teatro de Verano\" data-image-description=\"\" data-image-caption=\"\" data-large-file=\"https:\/\/i0.wp.com\/empresasyeventos.com.uy\/wp-content\/uploads\/2025\/08\/Miranda-en-el-Teatro-de-Verano.jpg?fit=800%2C998&ssl=1\" src=\"https:\/\/i0.wp.com\/empresasyeventos.com.uy\/wp-content\/uploads\/2025\/08\/Miranda-en-el-Teatro-de-Verano.jpg?resize=696%2C868\" alt=\"\" class=\"wp-image-3544\" srcset=\"https:\/\/i0.wp.com\/empresasyeventos.com.uy\/wp-content\/uploads\/2025\/08\/Miranda-en-el-Teatro-de-Verano.jpg?w=800&ssl=1 800w, https:\/\/i0.wp.com\/empresasyeventos.com.uy\/wp-content\/uploads\/2025\/08\/Miranda-en-el-Teatro-de-Verano.jpg?resize=768%2C958&ssl=1 768w, https:\/\/i0.wp.com\/empresasyeventos.com.uy\/wp-content\/uploads\/2025\/08\/Miranda-en-el-Teatro-de-Verano.jpg?resize=150%2C187&ssl=1 150w, https:\/\/i0.wp.com\/empresasyeventos.com.uy\/wp-content\/uploads\/2025\/08\/Miranda-en-el-Teatro-de-Verano.jpg?resize=300%2C374&ssl=1 300w, https:\/\/i0.wp.com\/empresasyeventos.com.uy\/wp-content\/uploads\/2025\/08\/Miranda-en-el-Teatro-de-Verano.jpg?resize=696%2C868&ssl=1 696w\" sizes=\"(max-width: 696px) 100vw, 696px\" \/><\/figure>\n","protected":false},"excerpt":{"rendered":"<p>Despu\u00e9s del exitos\u00edsimo estreno de su flamante \u00e1lbum Nuevo Hotel Miranda!, cuyo focus track \u00abMe Gusta\u00bb junto a Tini a s\u00f3lo 7 d\u00edas de su lanzamiento debut\u00f3 en el puesto [&hellip;]<\/p>\n","protected":false},"author":1,"featured_media":3545,"comment_status":"closed","ping_status":"open","sticky":false,"template":"","format":"standard","meta":{"_exactmetrics_skip_tracking":false,"_exactmetrics_sitenote_active":false,"_exactmetrics_sitenote_note":"","_exactmetrics_sitenote_category":0,"_jetpack_memberships_contains_paid_content":false,"footnotes":"","jetpack_publicize_message":"","jetpack_publicize_feature_enabled":true,"jetpack_social_post_already_shared":true,"jetpack_social_options":{"image_generator_settings":{"template":"highway","default_image_id":0,"font":"","enabled":false},"version":2}},"categories":[57],"tags":[],"class_list":["post-3543","post","type-post","status-publish","format-standard","has-post-thumbnail","category-eventos"],"yoast_head":"<!-- This site is optimized with the Yoast SEO plugin v27.5 - https:\/\/yoast.com\/product\/yoast-seo-wordpress\/ -->\n<title>Miranda vuelve en diciembre a Montevideo\u00a0 - Empresas &amp; Eventos<\/title>\n<meta name=\"robots\" content=\"index, follow, max-snippet:-1, max-image-preview:large, max-video-preview:-1\" \/>\n<link rel=\"canonical\" href=\"https:\/\/empresasyeventos.com.uy\/index.php\/2025\/08\/08\/miranda-vuelve-en-diciembre-a-montevideo\/\" \/>\n<meta property=\"og:locale\" content=\"es_ES\" \/>\n<meta property=\"og:type\" content=\"article\" \/>\n<meta property=\"og:title\" content=\"Miranda vuelve en diciembre a Montevideo\u00a0 - Empresas &amp; Eventos\" \/>\n<meta property=\"og:description\" content=\"Despu\u00e9s del exitos\u00edsimo estreno de su flamante \u00e1lbum Nuevo Hotel Miranda!, cuyo focus track \u00abMe Gusta\u00bb junto a Tini a s\u00f3lo 7 d\u00edas de su lanzamiento debut\u00f3 en el puesto [&hellip;]\" \/>\n<meta property=\"og:url\" content=\"https:\/\/empresasyeventos.com.uy\/index.php\/2025\/08\/08\/miranda-vuelve-en-diciembre-a-montevideo\/\" \/>\n<meta property=\"og:site_name\" content=\"Empresas &amp; Eventos\" \/>\n<meta property=\"article:published_time\" content=\"2025-08-08T11:53:42+00:00\" \/>\n<meta property=\"article:modified_time\" content=\"2025-08-08T11:53:44+00:00\" \/>\n<meta property=\"og:image\" content=\"http:\/\/empresasyeventos.com.uy\/wp-content\/uploads\/2025\/08\/Miranda.jpg\" \/>\n\t<meta property=\"og:image:width\" content=\"800\" \/>\n\t<meta property=\"og:image:height\" content=\"636\" \/>\n\t<meta property=\"og:image:type\" content=\"image\/jpeg\" \/>\n<meta name=\"author\" content=\"Alvaro\" \/>\n<meta name=\"twitter:card\" content=\"summary_large_image\" \/>\n<meta name=\"twitter:label1\" content=\"Escrito por\" \/>\n\t<meta name=\"twitter:data1\" content=\"Alvaro\" \/>\n\t<meta name=\"twitter:label2\" content=\"Tiempo de lectura\" \/>\n\t<meta name=\"twitter:data2\" content=\"2 minutos\" \/>\n<script type=\"application\/ld+json\" class=\"yoast-schema-graph\">{\"@context\":\"https:\\\/\\\/schema.org\",\"@graph\":[{\"@type\":\"Article\",\"@id\":\"https:\\\/\\\/empresasyeventos.com.uy\\\/index.php\\\/2025\\\/08\\\/08\\\/miranda-vuelve-en-diciembre-a-montevideo\\\/#article\",\"isPartOf\":{\"@id\":\"https:\\\/\\\/empresasyeventos.com.uy\\\/index.php\\\/2025\\\/08\\\/08\\\/miranda-vuelve-en-diciembre-a-montevideo\\\/\"},\"author\":{\"name\":\"Alvaro\",\"@id\":\"https:\\\/\\\/empresasyeventos.com.uy\\\/#\\\/schema\\\/person\\\/bad32f4c82dc0dcc552d9c237c4eabe2\"},\"headline\":\"Miranda vuelve en diciembre a Montevideo\u00a0\",\"datePublished\":\"2025-08-08T11:53:42+00:00\",\"dateModified\":\"2025-08-08T11:53:44+00:00\",\"mainEntityOfPage\":{\"@id\":\"https:\\\/\\\/empresasyeventos.com.uy\\\/index.php\\\/2025\\\/08\\\/08\\\/miranda-vuelve-en-diciembre-a-montevideo\\\/\"},\"wordCount\":210,\"image\":{\"@id\":\"https:\\\/\\\/empresasyeventos.com.uy\\\/index.php\\\/2025\\\/08\\\/08\\\/miranda-vuelve-en-diciembre-a-montevideo\\\/#primaryimage\"},\"thumbnailUrl\":\"https:\\\/\\\/i0.wp.com\\\/empresasyeventos.com.uy\\\/wp-content\\\/uploads\\\/2025\\\/08\\\/Miranda.jpg?fit=800%2C636&ssl=1\",\"articleSection\":[\"Eventos\"],\"inLanguage\":\"es\"},{\"@type\":\"WebPage\",\"@id\":\"https:\\\/\\\/empresasyeventos.com.uy\\\/index.php\\\/2025\\\/08\\\/08\\\/miranda-vuelve-en-diciembre-a-montevideo\\\/\",\"url\":\"https:\\\/\\\/empresasyeventos.com.uy\\\/index.php\\\/2025\\\/08\\\/08\\\/miranda-vuelve-en-diciembre-a-montevideo\\\/\",\"name\":\"Miranda vuelve en diciembre a Montevideo\u00a0 - Empresas &amp; Eventos\",\"isPartOf\":{\"@id\":\"https:\\\/\\\/empresasyeventos.com.uy\\\/#website\"},\"primaryImageOfPage\":{\"@id\":\"https:\\\/\\\/empresasyeventos.com.uy\\\/index.php\\\/2025\\\/08\\\/08\\\/miranda-vuelve-en-diciembre-a-montevideo\\\/#primaryimage\"},\"image\":{\"@id\":\"https:\\\/\\\/empresasyeventos.com.uy\\\/index.php\\\/2025\\\/08\\\/08\\\/miranda-vuelve-en-diciembre-a-montevideo\\\/#primaryimage\"},\"thumbnailUrl\":\"https:\\\/\\\/i0.wp.com\\\/empresasyeventos.com.uy\\\/wp-content\\\/uploads\\\/2025\\\/08\\\/Miranda.jpg?fit=800%2C636&ssl=1\",\"datePublished\":\"2025-08-08T11:53:42+00:00\",\"dateModified\":\"2025-08-08T11:53:44+00:00\",\"author\":{\"@id\":\"https:\\\/\\\/empresasyeventos.com.uy\\\/#\\\/schema\\\/person\\\/bad32f4c82dc0dcc552d9c237c4eabe2\"},\"breadcrumb\":{\"@id\":\"https:\\\/\\\/empresasyeventos.com.uy\\\/index.php\\\/2025\\\/08\\\/08\\\/miranda-vuelve-en-diciembre-a-montevideo\\\/#breadcrumb\"},\"inLanguage\":\"es\",\"potentialAction\":[{\"@type\":\"ReadAction\",\"target\":[\"https:\\\/\\\/empresasyeventos.com.uy\\\/index.php\\\/2025\\\/08\\\/08\\\/miranda-vuelve-en-diciembre-a-montevideo\\\/\"]}]},{\"@type\":\"ImageObject\",\"inLanguage\":\"es\",\"@id\":\"https:\\\/\\\/empresasyeventos.com.uy\\\/index.php\\\/2025\\\/08\\\/08\\\/miranda-vuelve-en-diciembre-a-montevideo\\\/#primaryimage\",\"url\":\"https:\\\/\\\/i0.wp.com\\\/empresasyeventos.com.uy\\\/wp-content\\\/uploads\\\/2025\\\/08\\\/Miranda.jpg?fit=800%2C636&ssl=1\",\"contentUrl\":\"https:\\\/\\\/i0.wp.com\\\/empresasyeventos.com.uy\\\/wp-content\\\/uploads\\\/2025\\\/08\\\/Miranda.jpg?fit=800%2C636&ssl=1\",\"width\":800,\"height\":636},{\"@type\":\"BreadcrumbList\",\"@id\":\"https:\\\/\\\/empresasyeventos.com.uy\\\/index.php\\\/2025\\\/08\\\/08\\\/miranda-vuelve-en-diciembre-a-montevideo\\\/#breadcrumb\",\"itemListElement\":[{\"@type\":\"ListItem\",\"position\":1,\"name\":\"Home\",\"item\":\"https:\\\/\\\/empresasyeventos.com.uy\\\/\"},{\"@type\":\"ListItem\",\"position\":2,\"name\":\"Miranda vuelve en diciembre a Montevideo\u00a0\"}]},{\"@type\":\"WebSite\",\"@id\":\"https:\\\/\\\/empresasyeventos.com.uy\\\/#website\",\"url\":\"https:\\\/\\\/empresasyeventos.com.uy\\\/\",\"name\":\"Empresas &amp; Eventos\",\"description\":\"Portal de noticias de Empresas y Eventos\",\"potentialAction\":[{\"@type\":\"SearchAction\",\"target\":{\"@type\":\"EntryPoint\",\"urlTemplate\":\"https:\\\/\\\/empresasyeventos.com.uy\\\/?s={search_term_string}\"},\"query-input\":{\"@type\":\"PropertyValueSpecification\",\"valueRequired\":true,\"valueName\":\"search_term_string\"}}],\"inLanguage\":\"es\"},{\"@type\":\"Person\",\"@id\":\"https:\\\/\\\/empresasyeventos.com.uy\\\/#\\\/schema\\\/person\\\/bad32f4c82dc0dcc552d9c237c4eabe2\",\"name\":\"Alvaro\",\"image\":{\"@type\":\"ImageObject\",\"inLanguage\":\"es\",\"@id\":\"https:\\\/\\\/empresasyeventos.com.uy\\\/wp-content\\\/litespeed\\\/avatar\\\/02be975608cf76e8c82ab3130f64f4e1.jpg?ver=1777400938\",\"url\":\"https:\\\/\\\/empresasyeventos.com.uy\\\/wp-content\\\/litespeed\\\/avatar\\\/02be975608cf76e8c82ab3130f64f4e1.jpg?ver=1777400938\",\"contentUrl\":\"https:\\\/\\\/empresasyeventos.com.uy\\\/wp-content\\\/litespeed\\\/avatar\\\/02be975608cf76e8c82ab3130f64f4e1.jpg?ver=1777400938\",\"caption\":\"Alvaro\"},\"url\":\"https:\\\/\\\/empresasyeventos.com.uy\\\/index.php\\\/author\\\/alvaro\\\/\"}]}<\/script>\n<!-- \/ Yoast SEO plugin. -->","yoast_head_json":{"title":"Miranda vuelve en diciembre a Montevideo\u00a0 - Empresas &amp; Eventos","robots":{"index":"index","follow":"follow","max-snippet":"max-snippet:-1","max-image-preview":"max-image-preview:large","max-video-preview":"max-video-preview:-1"},"canonical":"https:\/\/empresasyeventos.com.uy\/index.php\/2025\/08\/08\/miranda-vuelve-en-diciembre-a-montevideo\/","og_locale":"es_ES","og_type":"article","og_title":"Miranda vuelve en diciembre a Montevideo\u00a0 - Empresas &amp; Eventos","og_description":"Despu\u00e9s del exitos\u00edsimo estreno de su flamante \u00e1lbum Nuevo Hotel Miranda!, cuyo focus track \u00abMe Gusta\u00bb junto a Tini a s\u00f3lo 7 d\u00edas de su lanzamiento debut\u00f3 en el puesto [&hellip;]","og_url":"https:\/\/empresasyeventos.com.uy\/index.php\/2025\/08\/08\/miranda-vuelve-en-diciembre-a-montevideo\/","og_site_name":"Empresas &amp; Eventos","article_published_time":"2025-08-08T11:53:42+00:00","article_modified_time":"2025-08-08T11:53:44+00:00","og_image":[{"width":800,"height":636,"url":"http:\/\/empresasyeventos.com.uy\/wp-content\/uploads\/2025\/08\/Miranda.jpg","type":"image\/jpeg"}],"author":"Alvaro","twitter_card":"summary_large_image","twitter_misc":{"Escrito por":"Alvaro","Tiempo de lectura":"2 minutos"},"schema":{"@context":"https:\/\/schema.org","@graph":[{"@type":"Article","@id":"https:\/\/empresasyeventos.com.uy\/index.php\/2025\/08\/08\/miranda-vuelve-en-diciembre-a-montevideo\/#article","isPartOf":{"@id":"https:\/\/empresasyeventos.com.uy\/index.php\/2025\/08\/08\/miranda-vuelve-en-diciembre-a-montevideo\/"},"author":{"name":"Alvaro","@id":"https:\/\/empresasyeventos.com.uy\/#\/schema\/person\/bad32f4c82dc0dcc552d9c237c4eabe2"},"headline":"Miranda vuelve en diciembre a Montevideo\u00a0","datePublished":"2025-08-08T11:53:42+00:00","dateModified":"2025-08-08T11:53:44+00:00","mainEntityOfPage":{"@id":"https:\/\/empresasyeventos.com.uy\/index.php\/2025\/08\/08\/miranda-vuelve-en-diciembre-a-montevideo\/"},"wordCount":210,"image":{"@id":"https:\/\/empresasyeventos.com.uy\/index.php\/2025\/08\/08\/miranda-vuelve-en-diciembre-a-montevideo\/#primaryimage"},"thumbnailUrl":"https:\/\/i0.wp.com\/empresasyeventos.com.uy\/wp-content\/uploads\/2025\/08\/Miranda.jpg?fit=800%2C636&ssl=1","articleSection":["Eventos"],"inLanguage":"es"},{"@type":"WebPage","@id":"https:\/\/empresasyeventos.com.uy\/index.php\/2025\/08\/08\/miranda-vuelve-en-diciembre-a-montevideo\/","url":"https:\/\/empresasyeventos.com.uy\/index.php\/2025\/08\/08\/miranda-vuelve-en-diciembre-a-montevideo\/","name":"Miranda vuelve en diciembre a Montevideo\u00a0 - Empresas &amp; Eventos","isPartOf":{"@id":"https:\/\/empresasyeventos.com.uy\/#website"},"primaryImageOfPage":{"@id":"https:\/\/empresasyeventos.com.uy\/index.php\/2025\/08\/08\/miranda-vuelve-en-diciembre-a-montevideo\/#primaryimage"},"image":{"@id":"https:\/\/empresasyeventos.com.uy\/index.php\/2025\/08\/08\/miranda-vuelve-en-diciembre-a-montevideo\/#primaryimage"},"thumbnailUrl":"https:\/\/i0.wp.com\/empresasyeventos.com.uy\/wp-content\/uploads\/2025\/08\/Miranda.jpg?fit=800%2C636&ssl=1","datePublished":"2025-08-08T11:53:42+00:00","dateModified":"2025-08-08T11:53:44+00:00","author":{"@id":"https:\/\/empresasyeventos.com.uy\/#\/schema\/person\/bad32f4c82dc0dcc552d9c237c4eabe2"},"breadcrumb":{"@id":"https:\/\/empresasyeventos.com.uy\/index.php\/2025\/08\/08\/miranda-vuelve-en-diciembre-a-montevideo\/#breadcrumb"},"inLanguage":"es","potentialAction":[{"@type":"ReadAction","target":["https:\/\/empresasyeventos.com.uy\/index.php\/2025\/08\/08\/miranda-vuelve-en-diciembre-a-montevideo\/"]}]},{"@type":"ImageObject","inLanguage":"es","@id":"https:\/\/empresasyeventos.com.uy\/index.php\/2025\/08\/08\/miranda-vuelve-en-diciembre-a-montevideo\/#primaryimage","url":"https:\/\/i0.wp.com\/empresasyeventos.com.uy\/wp-content\/uploads\/2025\/08\/Miranda.jpg?fit=800%2C636&ssl=1","contentUrl":"https:\/\/i0.wp.com\/empresasyeventos.com.uy\/wp-content\/uploads\/2025\/08\/Miranda.jpg?fit=800%2C636&ssl=1","width":800,"height":636},{"@type":"BreadcrumbList","@id":"https:\/\/empresasyeventos.com.uy\/index.php\/2025\/08\/08\/miranda-vuelve-en-diciembre-a-montevideo\/#breadcrumb","itemListElement":[{"@type":"ListItem","position":1,"name":"Home","item":"https:\/\/empresasyeventos.com.uy\/"},{"@type":"ListItem","position":2,"name":"Miranda vuelve en diciembre a Montevideo\u00a0"}]},{"@type":"WebSite","@id":"https:\/\/empresasyeventos.com.uy\/#website","url":"https:\/\/empresasyeventos.com.uy\/","name":"Empresas &amp; Eventos","description":"Portal de noticias de Empresas y Eventos","potentialAction":[{"@type":"SearchAction","target":{"@type":"EntryPoint","urlTemplate":"https:\/\/empresasyeventos.com.uy\/?s={search_term_string}"},"query-input":{"@type":"PropertyValueSpecification","valueRequired":true,"valueName":"search_term_string"}}],"inLanguage":"es"},{"@type":"Person","@id":"https:\/\/empresasyeventos.com.uy\/#\/schema\/person\/bad32f4c82dc0dcc552d9c237c4eabe2","name":"Alvaro","image":{"@type":"ImageObject","inLanguage":"es","@id":"https:\/\/empresasyeventos.com.uy\/wp-content\/litespeed\/avatar\/02be975608cf76e8c82ab3130f64f4e1.jpg?ver=1777400938","url":"https:\/\/empresasyeventos.com.uy\/wp-content\/litespeed\/avatar\/02be975608cf76e8c82ab3130f64f4e1.jpg?ver=1777400938","contentUrl":"https:\/\/empresasyeventos.com.uy\/wp-content\/litespeed\/avatar\/02be975608cf76e8c82ab3130f64f4e1.jpg?ver=1777400938","caption":"Alvaro"},"url":"https:\/\/empresasyeventos.com.uy\/index.php\/author\/alvaro\/"}]}},"jetpack_publicize_connections":[],"jetpack_featured_media_url":"https:\/\/i0.wp.com\/empresasyeventos.com.uy\/wp-content\/uploads\/2025\/08\/Miranda.jpg?fit=800%2C636&ssl=1","jetpack_sharing_enabled":true,"_links":{"self":[{"href":"https:\/\/empresasyeventos.com.uy\/index.php\/wp-json\/wp\/v2\/posts\/3543","targetHints":{"allow":["GET"]}}],"collection":[{"href":"https:\/\/empresasyeventos.com.uy\/index.php\/wp-json\/wp\/v2\/posts"}],"about":[{"href":"https:\/\/empresasyeventos.com.uy\/index.php\/wp-json\/wp\/v2\/types\/post"}],"author":[{"embeddable":true,"href":"https:\/\/empresasyeventos.com.uy\/index.php\/wp-json\/wp\/v2\/users\/1"}],"replies":[{"embeddable":true,"href":"https:\/\/empresasyeventos.com.uy\/index.php\/wp-json\/wp\/v2\/comments?post=3543"}],"version-history":[{"count":1,"href":"https:\/\/empresasyeventos.com.uy\/index.php\/wp-json\/wp\/v2\/posts\/3543\/revisions"}],"predecessor-version":[{"id":3546,"href":"https:\/\/empresasyeventos.com.uy\/index.php\/wp-json\/wp\/v2\/posts\/3543\/revisions\/3546"}],"wp:featuredmedia":[{"embeddable":true,"href":"https:\/\/empresasyeventos.com.uy\/index.php\/wp-json\/wp\/v2\/media\/3545"}],"wp:attachment":[{"href":"https:\/\/empresasyeventos.com.uy\/index.php\/wp-json\/wp\/v2\/media?parent=3543"}],"wp:term":[{"taxonomy":"category","embeddable":true,"href":"https:\/\/empresasyeventos.com.uy\/index.php\/wp-json\/wp\/v2\/categories?post=3543"},{"taxonomy":"post_tag","embeddable":true,"href":"https:\/\/empresasyeventos.com.uy\/index.php\/wp-json\/wp\/v2\/tags?post=3543"}],"curies":[{"name":"wp","href":"https:\/\/api.w.org\/{rel}","templated":true}]}}