{"id":3502,"date":"2025-06-23T22:18:45","date_gmt":"2025-06-23T20:18:45","guid":{"rendered":"https:\/\/empresasyeventos.com.uy\/?p=3502"},"modified":"2025-06-23T22:18:47","modified_gmt":"2025-06-23T20:18:47","slug":"la-fiesta-del-vino-vuelve-a-tienda-inglesa","status":"publish","type":"post","link":"https:\/\/empresasyeventos.com.uy\/index.php\/2025\/06\/23\/la-fiesta-del-vino-vuelve-a-tienda-inglesa\/","title":{"rendered":"La Fiesta del Vino vuelve a Tienda Inglesa\u00a0"},"content":{"rendered":"\n<p>Con el prop\u00f3sito de acercar a sus clientes las cepas m\u00e1s destacadas de Uruguay y del mundo,\u00a0Tienda Inglesa celebra una nueva edici\u00f3n de la Fiesta del Vino. La propuesta, que se extender\u00e1 desde el\u00a0jueves 19 de junio hasta el domingo 6 de julio,\u00a0incluir\u00e1 una cuidada selecci\u00f3n de etiquetas\u00a0provenientes de bodegas reconocidas tanto a nivel nacional como internacional.<\/p>\n\n\n\n<p>Durante esta edici\u00f3n,\u00a0los clientes de la Tienda podr\u00e1n acceder a promociones de 6\u00d75, 4\u00d73 y 3\u00d72 en vinos seleccionados y mucho m\u00e1s. Adem\u00e1s, quienes abonen con tarjetas Club Card Cr\u00e9dito de Scotiabank tendr\u00e1n un 20% de descuento en promociones seleccionadas.<\/p>\n\n\n\n<p>Tambi\u00e9n habr\u00e1 descuentos exclusivos en los vinos de la Cava Premium, con un 30% off, y un adicional del 10% off para los socios de Unique Club del Vino, que se suman a otros beneficios permanentes. Para formar parte de este club es necesario registrarse en el sitio web de Tienda Inglesa:<br><a href=\"https:\/\/www.tiendainglesa.com.uy\/supermercado\/grupo?40\" rel=\"noreferrer noopener\" target=\"_blank\">https:\/\/www.tiendainglesa.com.uy\/supermercado\/grupo?40<\/a><\/p>\n\n\n\n<p>Adem\u00e1s, con sus compras los clientes participar\u00e1n del sorteo \u201cSegu\u00ed la ruta Tienda\u201d,\u00a0que ofrece la posibilidad de ganar una entre tres experiencias enotur\u00edsticas:\u00a0Chile para dos personas con degustaci\u00f3n de vinos en Vi\u00f1a Undurraga, Salta para dos personas con degustaci\u00f3n de vinos en Bodega Colom\u00e9, o Mendoza para cuatro personas con degustaci\u00f3n de vinos en Bodega Huentala.\u00a0Para completar la propuesta, las principales sucursales contar\u00e1n con degustaciones de bodegas reconocidas, maridajes sugeridos y asesoramiento personalizado de profesionales, que ayudar\u00e1n a los visitantes a encontrar el vino que mejor se adapte a sus gustos.<\/p>\n\n\n\n<p>Los clientes tambi\u00e9n podr\u00e1n descubrir los vinos mejor calificados por expertos internacionales, seg\u00fan los sistemas de puntaje de James Suckling.com, Descorchados y Tim Atkin, debidamente identificados para facilitar la elecci\u00f3n.<\/p>\n\n\n\n<p>\u00a0Para conocer todas las ofertas disponibles, visite\u00a0<a href=\"https:\/\/www.tiendainglesa.com.uy\/supermercado\/landing\/fiesta-del-vino\/265\" rel=\"noreferrer noopener\" target=\"_blank\">https:\/\/www.tiendainglesa.com.uy\/supermercado\/landing\/fiesta-del-vino\/265<\/a><\/p>\n","protected":false},"excerpt":{"rendered":"<p>Con el prop\u00f3sito de acercar a sus clientes las cepas m\u00e1s destacadas de Uruguay y del mundo,\u00a0Tienda Inglesa celebra una nueva edici\u00f3n de la Fiesta del Vino. La propuesta, que [&hellip;]<\/p>\n","protected":false},"author":1,"featured_media":3503,"comment_status":"closed","ping_status":"open","sticky":false,"template":"","format":"standard","meta":{"_exactmetrics_skip_tracking":false,"_exactmetrics_sitenote_active":false,"_exactmetrics_sitenote_note":"","_exactmetrics_sitenote_category":0,"_jetpack_memberships_contains_paid_content":false,"footnotes":"","jetpack_publicize_message":"","jetpack_publicize_feature_enabled":true,"jetpack_social_post_already_shared":true,"jetpack_social_options":{"image_generator_settings":{"template":"highway","default_image_id":0,"font":"","enabled":false},"version":2}},"categories":[57],"tags":[],"class_list":["post-3502","post","type-post","status-publish","format-standard","has-post-thumbnail","category-eventos"],"yoast_head":"<!-- This site is optimized with the Yoast SEO plugin v27.5 - https:\/\/yoast.com\/product\/yoast-seo-wordpress\/ -->\n<title>La Fiesta del Vino vuelve a Tienda Inglesa\u00a0 - Empresas &amp; Eventos<\/title>\n<meta name=\"robots\" content=\"index, follow, max-snippet:-1, max-image-preview:large, max-video-preview:-1\" \/>\n<link rel=\"canonical\" href=\"https:\/\/empresasyeventos.com.uy\/index.php\/2025\/06\/23\/la-fiesta-del-vino-vuelve-a-tienda-inglesa\/\" \/>\n<meta property=\"og:locale\" content=\"es_ES\" \/>\n<meta property=\"og:type\" content=\"article\" \/>\n<meta property=\"og:title\" content=\"La Fiesta del Vino vuelve a Tienda Inglesa\u00a0 - Empresas &amp; Eventos\" \/>\n<meta property=\"og:description\" content=\"Con el prop\u00f3sito de acercar a sus clientes las cepas m\u00e1s destacadas de Uruguay y del mundo,\u00a0Tienda Inglesa celebra una nueva edici\u00f3n de la Fiesta del Vino. La propuesta, que [&hellip;]\" \/>\n<meta property=\"og:url\" content=\"https:\/\/empresasyeventos.com.uy\/index.php\/2025\/06\/23\/la-fiesta-del-vino-vuelve-a-tienda-inglesa\/\" \/>\n<meta property=\"og:site_name\" content=\"Empresas &amp; Eventos\" \/>\n<meta property=\"article:published_time\" content=\"2025-06-23T20:18:45+00:00\" \/>\n<meta property=\"article:modified_time\" content=\"2025-06-23T20:18:47+00:00\" \/>\n<meta property=\"og:image\" content=\"http:\/\/empresasyeventos.com.uy\/wp-content\/uploads\/2025\/06\/Fiesta-del-vino.jpeg\" \/>\n\t<meta property=\"og:image:width\" content=\"800\" \/>\n\t<meta property=\"og:image:height\" content=\"600\" \/>\n\t<meta property=\"og:image:type\" content=\"image\/jpeg\" \/>\n<meta name=\"author\" content=\"Alvaro\" \/>\n<meta name=\"twitter:card\" content=\"summary_large_image\" \/>\n<meta name=\"twitter:label1\" content=\"Escrito por\" \/>\n\t<meta name=\"twitter:data1\" content=\"Alvaro\" \/>\n\t<meta name=\"twitter:label2\" content=\"Tiempo de lectura\" \/>\n\t<meta name=\"twitter:data2\" content=\"2 minutos\" \/>\n<script type=\"application\/ld+json\" class=\"yoast-schema-graph\">{\"@context\":\"https:\\\/\\\/schema.org\",\"@graph\":[{\"@type\":\"Article\",\"@id\":\"https:\\\/\\\/empresasyeventos.com.uy\\\/index.php\\\/2025\\\/06\\\/23\\\/la-fiesta-del-vino-vuelve-a-tienda-inglesa\\\/#article\",\"isPartOf\":{\"@id\":\"https:\\\/\\\/empresasyeventos.com.uy\\\/index.php\\\/2025\\\/06\\\/23\\\/la-fiesta-del-vino-vuelve-a-tienda-inglesa\\\/\"},\"author\":{\"name\":\"Alvaro\",\"@id\":\"https:\\\/\\\/empresasyeventos.com.uy\\\/#\\\/schema\\\/person\\\/bad32f4c82dc0dcc552d9c237c4eabe2\"},\"headline\":\"La Fiesta del Vino vuelve a Tienda Inglesa\u00a0\",\"datePublished\":\"2025-06-23T20:18:45+00:00\",\"dateModified\":\"2025-06-23T20:18:47+00:00\",\"mainEntityOfPage\":{\"@id\":\"https:\\\/\\\/empresasyeventos.com.uy\\\/index.php\\\/2025\\\/06\\\/23\\\/la-fiesta-del-vino-vuelve-a-tienda-inglesa\\\/\"},\"wordCount\":338,\"image\":{\"@id\":\"https:\\\/\\\/empresasyeventos.com.uy\\\/index.php\\\/2025\\\/06\\\/23\\\/la-fiesta-del-vino-vuelve-a-tienda-inglesa\\\/#primaryimage\"},\"thumbnailUrl\":\"https:\\\/\\\/i0.wp.com\\\/empresasyeventos.com.uy\\\/wp-content\\\/uploads\\\/2025\\\/06\\\/Fiesta-del-vino.jpeg?fit=800%2C600&ssl=1\",\"articleSection\":[\"Eventos\"],\"inLanguage\":\"es\"},{\"@type\":\"WebPage\",\"@id\":\"https:\\\/\\\/empresasyeventos.com.uy\\\/index.php\\\/2025\\\/06\\\/23\\\/la-fiesta-del-vino-vuelve-a-tienda-inglesa\\\/\",\"url\":\"https:\\\/\\\/empresasyeventos.com.uy\\\/index.php\\\/2025\\\/06\\\/23\\\/la-fiesta-del-vino-vuelve-a-tienda-inglesa\\\/\",\"name\":\"La Fiesta del Vino vuelve a Tienda Inglesa\u00a0 - Empresas &amp; Eventos\",\"isPartOf\":{\"@id\":\"https:\\\/\\\/empresasyeventos.com.uy\\\/#website\"},\"primaryImageOfPage\":{\"@id\":\"https:\\\/\\\/empresasyeventos.com.uy\\\/index.php\\\/2025\\\/06\\\/23\\\/la-fiesta-del-vino-vuelve-a-tienda-inglesa\\\/#primaryimage\"},\"image\":{\"@id\":\"https:\\\/\\\/empresasyeventos.com.uy\\\/index.php\\\/2025\\\/06\\\/23\\\/la-fiesta-del-vino-vuelve-a-tienda-inglesa\\\/#primaryimage\"},\"thumbnailUrl\":\"https:\\\/\\\/i0.wp.com\\\/empresasyeventos.com.uy\\\/wp-content\\\/uploads\\\/2025\\\/06\\\/Fiesta-del-vino.jpeg?fit=800%2C600&ssl=1\",\"datePublished\":\"2025-06-23T20:18:45+00:00\",\"dateModified\":\"2025-06-23T20:18:47+00:00\",\"author\":{\"@id\":\"https:\\\/\\\/empresasyeventos.com.uy\\\/#\\\/schema\\\/person\\\/bad32f4c82dc0dcc552d9c237c4eabe2\"},\"breadcrumb\":{\"@id\":\"https:\\\/\\\/empresasyeventos.com.uy\\\/index.php\\\/2025\\\/06\\\/23\\\/la-fiesta-del-vino-vuelve-a-tienda-inglesa\\\/#breadcrumb\"},\"inLanguage\":\"es\",\"potentialAction\":[{\"@type\":\"ReadAction\",\"target\":[\"https:\\\/\\\/empresasyeventos.com.uy\\\/index.php\\\/2025\\\/06\\\/23\\\/la-fiesta-del-vino-vuelve-a-tienda-inglesa\\\/\"]}]},{\"@type\":\"ImageObject\",\"inLanguage\":\"es\",\"@id\":\"https:\\\/\\\/empresasyeventos.com.uy\\\/index.php\\\/2025\\\/06\\\/23\\\/la-fiesta-del-vino-vuelve-a-tienda-inglesa\\\/#primaryimage\",\"url\":\"https:\\\/\\\/i0.wp.com\\\/empresasyeventos.com.uy\\\/wp-content\\\/uploads\\\/2025\\\/06\\\/Fiesta-del-vino.jpeg?fit=800%2C600&ssl=1\",\"contentUrl\":\"https:\\\/\\\/i0.wp.com\\\/empresasyeventos.com.uy\\\/wp-content\\\/uploads\\\/2025\\\/06\\\/Fiesta-del-vino.jpeg?fit=800%2C600&ssl=1\",\"width\":800,\"height\":600},{\"@type\":\"BreadcrumbList\",\"@id\":\"https:\\\/\\\/empresasyeventos.com.uy\\\/index.php\\\/2025\\\/06\\\/23\\\/la-fiesta-del-vino-vuelve-a-tienda-inglesa\\\/#breadcrumb\",\"itemListElement\":[{\"@type\":\"ListItem\",\"position\":1,\"name\":\"Home\",\"item\":\"https:\\\/\\\/empresasyeventos.com.uy\\\/\"},{\"@type\":\"ListItem\",\"position\":2,\"name\":\"La Fiesta del Vino vuelve a Tienda Inglesa\u00a0\"}]},{\"@type\":\"WebSite\",\"@id\":\"https:\\\/\\\/empresasyeventos.com.uy\\\/#website\",\"url\":\"https:\\\/\\\/empresasyeventos.com.uy\\\/\",\"name\":\"Empresas &amp; Eventos\",\"description\":\"Portal de noticias de Empresas y Eventos\",\"potentialAction\":[{\"@type\":\"SearchAction\",\"target\":{\"@type\":\"EntryPoint\",\"urlTemplate\":\"https:\\\/\\\/empresasyeventos.com.uy\\\/?s={search_term_string}\"},\"query-input\":{\"@type\":\"PropertyValueSpecification\",\"valueRequired\":true,\"valueName\":\"search_term_string\"}}],\"inLanguage\":\"es\"},{\"@type\":\"Person\",\"@id\":\"https:\\\/\\\/empresasyeventos.com.uy\\\/#\\\/schema\\\/person\\\/bad32f4c82dc0dcc552d9c237c4eabe2\",\"name\":\"Alvaro\",\"image\":{\"@type\":\"ImageObject\",\"inLanguage\":\"es\",\"@id\":\"https:\\\/\\\/empresasyeventos.com.uy\\\/wp-content\\\/litespeed\\\/avatar\\\/02be975608cf76e8c82ab3130f64f4e1.jpg?ver=1777400938\",\"url\":\"https:\\\/\\\/empresasyeventos.com.uy\\\/wp-content\\\/litespeed\\\/avatar\\\/02be975608cf76e8c82ab3130f64f4e1.jpg?ver=1777400938\",\"contentUrl\":\"https:\\\/\\\/empresasyeventos.com.uy\\\/wp-content\\\/litespeed\\\/avatar\\\/02be975608cf76e8c82ab3130f64f4e1.jpg?ver=1777400938\",\"caption\":\"Alvaro\"},\"url\":\"https:\\\/\\\/empresasyeventos.com.uy\\\/index.php\\\/author\\\/alvaro\\\/\"}]}<\/script>\n<!-- \/ Yoast SEO plugin. -->","yoast_head_json":{"title":"La Fiesta del Vino vuelve a Tienda Inglesa\u00a0 - Empresas &amp; Eventos","robots":{"index":"index","follow":"follow","max-snippet":"max-snippet:-1","max-image-preview":"max-image-preview:large","max-video-preview":"max-video-preview:-1"},"canonical":"https:\/\/empresasyeventos.com.uy\/index.php\/2025\/06\/23\/la-fiesta-del-vino-vuelve-a-tienda-inglesa\/","og_locale":"es_ES","og_type":"article","og_title":"La Fiesta del Vino vuelve a Tienda Inglesa\u00a0 - Empresas &amp; Eventos","og_description":"Con el prop\u00f3sito de acercar a sus clientes las cepas m\u00e1s destacadas de Uruguay y del mundo,\u00a0Tienda Inglesa celebra una nueva edici\u00f3n de la Fiesta del Vino. La propuesta, que [&hellip;]","og_url":"https:\/\/empresasyeventos.com.uy\/index.php\/2025\/06\/23\/la-fiesta-del-vino-vuelve-a-tienda-inglesa\/","og_site_name":"Empresas &amp; Eventos","article_published_time":"2025-06-23T20:18:45+00:00","article_modified_time":"2025-06-23T20:18:47+00:00","og_image":[{"width":800,"height":600,"url":"http:\/\/empresasyeventos.com.uy\/wp-content\/uploads\/2025\/06\/Fiesta-del-vino.jpeg","type":"image\/jpeg"}],"author":"Alvaro","twitter_card":"summary_large_image","twitter_misc":{"Escrito por":"Alvaro","Tiempo de lectura":"2 minutos"},"schema":{"@context":"https:\/\/schema.org","@graph":[{"@type":"Article","@id":"https:\/\/empresasyeventos.com.uy\/index.php\/2025\/06\/23\/la-fiesta-del-vino-vuelve-a-tienda-inglesa\/#article","isPartOf":{"@id":"https:\/\/empresasyeventos.com.uy\/index.php\/2025\/06\/23\/la-fiesta-del-vino-vuelve-a-tienda-inglesa\/"},"author":{"name":"Alvaro","@id":"https:\/\/empresasyeventos.com.uy\/#\/schema\/person\/bad32f4c82dc0dcc552d9c237c4eabe2"},"headline":"La Fiesta del Vino vuelve a Tienda Inglesa\u00a0","datePublished":"2025-06-23T20:18:45+00:00","dateModified":"2025-06-23T20:18:47+00:00","mainEntityOfPage":{"@id":"https:\/\/empresasyeventos.com.uy\/index.php\/2025\/06\/23\/la-fiesta-del-vino-vuelve-a-tienda-inglesa\/"},"wordCount":338,"image":{"@id":"https:\/\/empresasyeventos.com.uy\/index.php\/2025\/06\/23\/la-fiesta-del-vino-vuelve-a-tienda-inglesa\/#primaryimage"},"thumbnailUrl":"https:\/\/i0.wp.com\/empresasyeventos.com.uy\/wp-content\/uploads\/2025\/06\/Fiesta-del-vino.jpeg?fit=800%2C600&ssl=1","articleSection":["Eventos"],"inLanguage":"es"},{"@type":"WebPage","@id":"https:\/\/empresasyeventos.com.uy\/index.php\/2025\/06\/23\/la-fiesta-del-vino-vuelve-a-tienda-inglesa\/","url":"https:\/\/empresasyeventos.com.uy\/index.php\/2025\/06\/23\/la-fiesta-del-vino-vuelve-a-tienda-inglesa\/","name":"La Fiesta del Vino vuelve a Tienda Inglesa\u00a0 - Empresas &amp; Eventos","isPartOf":{"@id":"https:\/\/empresasyeventos.com.uy\/#website"},"primaryImageOfPage":{"@id":"https:\/\/empresasyeventos.com.uy\/index.php\/2025\/06\/23\/la-fiesta-del-vino-vuelve-a-tienda-inglesa\/#primaryimage"},"image":{"@id":"https:\/\/empresasyeventos.com.uy\/index.php\/2025\/06\/23\/la-fiesta-del-vino-vuelve-a-tienda-inglesa\/#primaryimage"},"thumbnailUrl":"https:\/\/i0.wp.com\/empresasyeventos.com.uy\/wp-content\/uploads\/2025\/06\/Fiesta-del-vino.jpeg?fit=800%2C600&ssl=1","datePublished":"2025-06-23T20:18:45+00:00","dateModified":"2025-06-23T20:18:47+00:00","author":{"@id":"https:\/\/empresasyeventos.com.uy\/#\/schema\/person\/bad32f4c82dc0dcc552d9c237c4eabe2"},"breadcrumb":{"@id":"https:\/\/empresasyeventos.com.uy\/index.php\/2025\/06\/23\/la-fiesta-del-vino-vuelve-a-tienda-inglesa\/#breadcrumb"},"inLanguage":"es","potentialAction":[{"@type":"ReadAction","target":["https:\/\/empresasyeventos.com.uy\/index.php\/2025\/06\/23\/la-fiesta-del-vino-vuelve-a-tienda-inglesa\/"]}]},{"@type":"ImageObject","inLanguage":"es","@id":"https:\/\/empresasyeventos.com.uy\/index.php\/2025\/06\/23\/la-fiesta-del-vino-vuelve-a-tienda-inglesa\/#primaryimage","url":"https:\/\/i0.wp.com\/empresasyeventos.com.uy\/wp-content\/uploads\/2025\/06\/Fiesta-del-vino.jpeg?fit=800%2C600&ssl=1","contentUrl":"https:\/\/i0.wp.com\/empresasyeventos.com.uy\/wp-content\/uploads\/2025\/06\/Fiesta-del-vino.jpeg?fit=800%2C600&ssl=1","width":800,"height":600},{"@type":"BreadcrumbList","@id":"https:\/\/empresasyeventos.com.uy\/index.php\/2025\/06\/23\/la-fiesta-del-vino-vuelve-a-tienda-inglesa\/#breadcrumb","itemListElement":[{"@type":"ListItem","position":1,"name":"Home","item":"https:\/\/empresasyeventos.com.uy\/"},{"@type":"ListItem","position":2,"name":"La Fiesta del Vino vuelve a Tienda Inglesa\u00a0"}]},{"@type":"WebSite","@id":"https:\/\/empresasyeventos.com.uy\/#website","url":"https:\/\/empresasyeventos.com.uy\/","name":"Empresas &amp; Eventos","description":"Portal de noticias de Empresas y Eventos","potentialAction":[{"@type":"SearchAction","target":{"@type":"EntryPoint","urlTemplate":"https:\/\/empresasyeventos.com.uy\/?s={search_term_string}"},"query-input":{"@type":"PropertyValueSpecification","valueRequired":true,"valueName":"search_term_string"}}],"inLanguage":"es"},{"@type":"Person","@id":"https:\/\/empresasyeventos.com.uy\/#\/schema\/person\/bad32f4c82dc0dcc552d9c237c4eabe2","name":"Alvaro","image":{"@type":"ImageObject","inLanguage":"es","@id":"https:\/\/empresasyeventos.com.uy\/wp-content\/litespeed\/avatar\/02be975608cf76e8c82ab3130f64f4e1.jpg?ver=1777400938","url":"https:\/\/empresasyeventos.com.uy\/wp-content\/litespeed\/avatar\/02be975608cf76e8c82ab3130f64f4e1.jpg?ver=1777400938","contentUrl":"https:\/\/empresasyeventos.com.uy\/wp-content\/litespeed\/avatar\/02be975608cf76e8c82ab3130f64f4e1.jpg?ver=1777400938","caption":"Alvaro"},"url":"https:\/\/empresasyeventos.com.uy\/index.php\/author\/alvaro\/"}]}},"jetpack_publicize_connections":[],"jetpack_featured_media_url":"https:\/\/i0.wp.com\/empresasyeventos.com.uy\/wp-content\/uploads\/2025\/06\/Fiesta-del-vino.jpeg?fit=800%2C600&ssl=1","jetpack_sharing_enabled":true,"_links":{"self":[{"href":"https:\/\/empresasyeventos.com.uy\/index.php\/wp-json\/wp\/v2\/posts\/3502","targetHints":{"allow":["GET"]}}],"collection":[{"href":"https:\/\/empresasyeventos.com.uy\/index.php\/wp-json\/wp\/v2\/posts"}],"about":[{"href":"https:\/\/empresasyeventos.com.uy\/index.php\/wp-json\/wp\/v2\/types\/post"}],"author":[{"embeddable":true,"href":"https:\/\/empresasyeventos.com.uy\/index.php\/wp-json\/wp\/v2\/users\/1"}],"replies":[{"embeddable":true,"href":"https:\/\/empresasyeventos.com.uy\/index.php\/wp-json\/wp\/v2\/comments?post=3502"}],"version-history":[{"count":1,"href":"https:\/\/empresasyeventos.com.uy\/index.php\/wp-json\/wp\/v2\/posts\/3502\/revisions"}],"predecessor-version":[{"id":3504,"href":"https:\/\/empresasyeventos.com.uy\/index.php\/wp-json\/wp\/v2\/posts\/3502\/revisions\/3504"}],"wp:featuredmedia":[{"embeddable":true,"href":"https:\/\/empresasyeventos.com.uy\/index.php\/wp-json\/wp\/v2\/media\/3503"}],"wp:attachment":[{"href":"https:\/\/empresasyeventos.com.uy\/index.php\/wp-json\/wp\/v2\/media?parent=3502"}],"wp:term":[{"taxonomy":"category","embeddable":true,"href":"https:\/\/empresasyeventos.com.uy\/index.php\/wp-json\/wp\/v2\/categories?post=3502"},{"taxonomy":"post_tag","embeddable":true,"href":"https:\/\/empresasyeventos.com.uy\/index.php\/wp-json\/wp\/v2\/tags?post=3502"}],"curies":[{"name":"wp","href":"https:\/\/api.w.org\/{rel}","templated":true}]}}