{"id":3352,"date":"2025-02-26T20:16:53","date_gmt":"2025-02-26T19:16:53","guid":{"rendered":"https:\/\/empresasyeventos.com.uy\/?p=3352"},"modified":"2025-02-26T20:16:55","modified_gmt":"2025-02-26T19:16:55","slug":"expo-belleza-en-punta-del-este","status":"publish","type":"post","link":"https:\/\/empresasyeventos.com.uy\/index.php\/2025\/02\/26\/expo-belleza-en-punta-del-este\/","title":{"rendered":"Expo Belleza en Punta del Este"},"content":{"rendered":"\n<p>Expo Belleza nace de las charlas entre dos emprendedoras,\u00a0Lucia Maguna y Cecilia Rivero.\u00a0<\/p>\n\n\n\n<p>Lucia de 29 a\u00f1os, argentina, se dedica hace m\u00e1s de 15 a\u00f1os al rubro est\u00e9tico ejerciendo en sus inicios como Maquilladora y ayudante de peluquer\u00eda, para luego especializarse en Pesta\u00f1as, Manicur\u00eda y Cejas, pero tambi\u00e9n cuenta con certificaciones en Coaching Ontol\u00f3gico especializada en negocios y est\u00e9tica. Actualmente reside en Maldonado y trabaja junto a Cecilia en un Centro Est\u00e9tico en Punta del Este.\u00a0<\/p>\n\n\n\n<p>Cecilia Rivero de 34 a\u00f1os, de Montevideo, se dedica a la depilaci\u00f3n profesional hace 16 a\u00f1os. Actualmente reside en Maldonado y cuenta con un centro est\u00e9tico muy exitoso en Punta del Este. Ambas se conocieron al poco tiempo de la llegada de Lucia a Uruguay y las ideas y las ganas de crecer de ambas se potenciaron.\u00a0<\/p>\n\n\n\n<p><strong>C\u00f3mo se cristaliz\u00f3 esta Expo Belleza?<\/strong><\/p>\n\n\n\n<p>Expo Belleza nace desde la necesidad de conectar, agrupar, y darle impulso al rubro est\u00e9tico en Uruguay. Lucia, una de las socias fundadoras que viene de Argentina, vio que no hab\u00eda a\u00fan un evento que genere exposici\u00f3n masiva tanto de marcas profesionales como para consumidor final como suele suceder en Argentina y otros pa\u00edses de Latam. Y que a su vez otorgue exposici\u00f3n de profesionales y espacios de capacitaci\u00f3n en todas las \u00e1reas de la belleza.\u00a0<\/p>\n\n\n\n<p><strong>El evento que estructura tiene?<\/strong><\/p>\n\n\n\n<p>El evento cuenta con sector de Stands con marcas de Uruguay, Argentina y Brasil. Hay un escenario central con acceso para todo p\u00fablico con m\u00faltiples actividades como entrevistas a profesionales destacados del rubro, presentaciones de marcas y c\u00f3mo \u00e9stas est\u00e1n innovando en el mercado actualmente. Hay un sector de capacitaciones (Exclusivo para entradas VIP las cuales s\u00f3lo se venden a profesionales acreditados), que cuenta con dos aulas con cursos y talleres en simult\u00e1neo impartidos por renombrados profesionales nacionales e internacionales. Tambi\u00e9n un servicio de cafeter\u00eda, comidas, sector de descanso y de networking. Es el evento ideal para conocer colegas de todo el pa\u00eds, como as\u00ed tambi\u00e9n de otros pa\u00edses.\u00a0<\/p>\n\n\n\n<p>Tambi\u00e9n contamos con la participaci\u00f3n de asociaciones de distintos sub rubros como ANEPA (Asociaci\u00f3n Nacional de Estilistas, Peluqueros y afines) y de AMUY (Asociaci\u00f3n de Maquilladores del Uruguay), como as\u00ed tambi\u00e9n estrechamos lazos con UTU Belleza (Universidad del Trabajo del Uruguay) otorg\u00e1ndoles beneficios a sus estudiantes y docentes para que puedan integrarse y conocer como es el trabajo en este rubro y todas sus posibilidades.\u00a0\u00a0<\/p>\n\n\n\n<p>El evento cuenta con convenios con m\u00faltiples\u00a0hoteles en la zona que se ajusta a todas las necesidades y bolsillos.\u00a0<\/p>\n\n\n\n<p>Cu\u00e1les son los rubros que vamos a encontrar en la Expo?<\/p>\n\n\n\n<p>Los rubros que pueden encontrar son: Maquillaje, Peluquer\u00eda, Cosmetolog\u00eda, Pesta\u00f1as, U\u00f1as y manicur\u00eda, Pedicur\u00eda, Masajes, Aparatolog\u00eda facial y corporal, Depilaci\u00f3n, Barber\u00eda. Todos los sub rubros son con enfoque unisex.\u00a0<\/p>\n\n\n\n<p>Las entradas se venden a trav\u00e9s de la web de Red Tickets en el siguiente enlace\u00a0<a href=\"https:\/\/redtickets.uy\/evento\/Expo-Belleza-Punta-del-Este\/17296\/\" rel=\"noreferrer noopener\" target=\"_blank\">https:\/\/redtickets.uy\/evento\/Expo-Belleza-Punta-del-Este\/17296\/<\/a><\/p>\n\n\n\n<p>La web de la Expo:\u00a0<a href=\"https:\/\/expobelleza.pro\/\" rel=\"noreferrer noopener\" target=\"_blank\">https:\/\/expobelleza.pro\/<\/a><\/p>\n\n\n\n<p>Instagram:\u00a0<a href=\"https:\/\/www.instagram.com\/expobelleza.pde\/\" rel=\"noreferrer noopener\" target=\"_blank\">https:\/\/www.instagram.com\/expobelleza.pde\/<\/a><\/p>\n\n\n\n<p>El evento est\u00e1 declarado de inter\u00e9s departamental por la intendencia de Maldonado y de Inter\u00e9s Tur\u00edstico por el Ministerio de Turismo del Uruguay.<\/p>\n\n\n\n<figure class=\"wp-block-gallery has-nested-images columns-default is-cropped wp-block-gallery-1 is-layout-flex wp-block-gallery-is-layout-flex\">\n<figure class=\"wp-block-image size-large\"><img data-recalc-dims=\"1\" decoding=\"async\" width=\"696\" height=\"696\" data-attachment-id=\"3354\" data-permalink=\"https:\/\/empresasyeventos.com.uy\/index.php\/2025\/02\/26\/expo-belleza-en-punta-del-este\/whatsapp-image-2025-02-25-at-09-09-32\/\" data-orig-file=\"https:\/\/i0.wp.com\/empresasyeventos.com.uy\/wp-content\/uploads\/2025\/02\/WhatsApp-Image-2025-02-25-at-09.09.32.jpeg?fit=800%2C800&ssl=1\" data-orig-size=\"800,800\" data-comments-opened=\"0\" data-image-meta=\"{&quot;aperture&quot;:&quot;0&quot;,&quot;credit&quot;:&quot;&quot;,&quot;camera&quot;:&quot;&quot;,&quot;caption&quot;:&quot;&quot;,&quot;created_timestamp&quot;:&quot;0&quot;,&quot;copyright&quot;:&quot;&quot;,&quot;focal_length&quot;:&quot;0&quot;,&quot;iso&quot;:&quot;0&quot;,&quot;shutter_speed&quot;:&quot;0&quot;,&quot;title&quot;:&quot;&quot;,&quot;orientation&quot;:&quot;0&quot;}\" data-image-title=\"WhatsApp Image 2025-02-25 at 09.09.32\" data-image-description=\"\" data-image-caption=\"\" data-large-file=\"https:\/\/i0.wp.com\/empresasyeventos.com.uy\/wp-content\/uploads\/2025\/02\/WhatsApp-Image-2025-02-25-at-09.09.32.jpeg?fit=800%2C800&ssl=1\" data-id=\"3354\" src=\"https:\/\/i0.wp.com\/empresasyeventos.com.uy\/wp-content\/uploads\/2025\/02\/WhatsApp-Image-2025-02-25-at-09.09.32.jpeg?resize=696%2C696&ssl=1\" alt=\"\" class=\"wp-image-3354\" srcset=\"https:\/\/i0.wp.com\/empresasyeventos.com.uy\/wp-content\/uploads\/2025\/02\/WhatsApp-Image-2025-02-25-at-09.09.32.jpeg?w=800&ssl=1 800w, https:\/\/i0.wp.com\/empresasyeventos.com.uy\/wp-content\/uploads\/2025\/02\/WhatsApp-Image-2025-02-25-at-09.09.32.jpeg?resize=768%2C768&ssl=1 768w, https:\/\/i0.wp.com\/empresasyeventos.com.uy\/wp-content\/uploads\/2025\/02\/WhatsApp-Image-2025-02-25-at-09.09.32.jpeg?resize=150%2C150&ssl=1 150w, https:\/\/i0.wp.com\/empresasyeventos.com.uy\/wp-content\/uploads\/2025\/02\/WhatsApp-Image-2025-02-25-at-09.09.32.jpeg?resize=300%2C300&ssl=1 300w, https:\/\/i0.wp.com\/empresasyeventos.com.uy\/wp-content\/uploads\/2025\/02\/WhatsApp-Image-2025-02-25-at-09.09.32.jpeg?resize=696%2C696&ssl=1 696w\" sizes=\"(max-width: 696px) 100vw, 696px\" \/><\/figure>\n\n\n\n<figure class=\"wp-block-image size-large\"><img data-recalc-dims=\"1\" decoding=\"async\" width=\"696\" height=\"364\" data-attachment-id=\"3355\" data-permalink=\"https:\/\/empresasyeventos.com.uy\/index.php\/2025\/02\/26\/expo-belleza-en-punta-del-este\/whatsapp-image-2025-02-25-at-09-09-32-1\/\" data-orig-file=\"https:\/\/i0.wp.com\/empresasyeventos.com.uy\/wp-content\/uploads\/2025\/02\/WhatsApp-Image-2025-02-25-at-09.09.32-1.jpeg?fit=800%2C418&ssl=1\" data-orig-size=\"800,418\" data-comments-opened=\"0\" data-image-meta=\"{&quot;aperture&quot;:&quot;0&quot;,&quot;credit&quot;:&quot;&quot;,&quot;camera&quot;:&quot;&quot;,&quot;caption&quot;:&quot;&quot;,&quot;created_timestamp&quot;:&quot;0&quot;,&quot;copyright&quot;:&quot;&quot;,&quot;focal_length&quot;:&quot;0&quot;,&quot;iso&quot;:&quot;0&quot;,&quot;shutter_speed&quot;:&quot;0&quot;,&quot;title&quot;:&quot;&quot;,&quot;orientation&quot;:&quot;0&quot;}\" data-image-title=\"WhatsApp Image 2025-02-25 at 09.09.32 (1)\" data-image-description=\"\" data-image-caption=\"\" data-large-file=\"https:\/\/i0.wp.com\/empresasyeventos.com.uy\/wp-content\/uploads\/2025\/02\/WhatsApp-Image-2025-02-25-at-09.09.32-1.jpeg?fit=800%2C418&ssl=1\" data-id=\"3355\" src=\"https:\/\/i0.wp.com\/empresasyeventos.com.uy\/wp-content\/uploads\/2025\/02\/WhatsApp-Image-2025-02-25-at-09.09.32-1.jpeg?resize=696%2C364&ssl=1\" alt=\"\" class=\"wp-image-3355\" srcset=\"https:\/\/i0.wp.com\/empresasyeventos.com.uy\/wp-content\/uploads\/2025\/02\/WhatsApp-Image-2025-02-25-at-09.09.32-1.jpeg?w=800&ssl=1 800w, https:\/\/i0.wp.com\/empresasyeventos.com.uy\/wp-content\/uploads\/2025\/02\/WhatsApp-Image-2025-02-25-at-09.09.32-1.jpeg?resize=768%2C401&ssl=1 768w, https:\/\/i0.wp.com\/empresasyeventos.com.uy\/wp-content\/uploads\/2025\/02\/WhatsApp-Image-2025-02-25-at-09.09.32-1.jpeg?resize=150%2C78&ssl=1 150w, https:\/\/i0.wp.com\/empresasyeventos.com.uy\/wp-content\/uploads\/2025\/02\/WhatsApp-Image-2025-02-25-at-09.09.32-1.jpeg?resize=300%2C157&ssl=1 300w, https:\/\/i0.wp.com\/empresasyeventos.com.uy\/wp-content\/uploads\/2025\/02\/WhatsApp-Image-2025-02-25-at-09.09.32-1.jpeg?resize=696%2C364&ssl=1 696w\" sizes=\"(max-width: 696px) 100vw, 696px\" \/><\/figure>\n<\/figure>\n","protected":false},"excerpt":{"rendered":"<p>Expo Belleza nace de las charlas entre dos emprendedoras,\u00a0Lucia Maguna y Cecilia Rivero.\u00a0 Lucia de 29 a\u00f1os, argentina, se dedica hace m\u00e1s de 15 a\u00f1os al rubro est\u00e9tico ejerciendo en [&hellip;]<\/p>\n","protected":false},"author":1,"featured_media":3353,"comment_status":"closed","ping_status":"open","sticky":false,"template":"","format":"standard","meta":{"_exactmetrics_skip_tracking":false,"_exactmetrics_sitenote_active":false,"_exactmetrics_sitenote_note":"","_exactmetrics_sitenote_category":0,"_jetpack_memberships_contains_paid_content":false,"footnotes":"","jetpack_publicize_message":"","jetpack_publicize_feature_enabled":true,"jetpack_social_post_already_shared":true,"jetpack_social_options":{"image_generator_settings":{"template":"highway","default_image_id":0,"font":"","enabled":false},"version":2}},"categories":[57],"tags":[],"class_list":["post-3352","post","type-post","status-publish","format-standard","has-post-thumbnail","category-eventos"],"yoast_head":"<!-- This site is optimized with the Yoast SEO plugin v27.5 - https:\/\/yoast.com\/product\/yoast-seo-wordpress\/ -->\n<title>Expo Belleza en Punta del Este - Empresas &amp; Eventos<\/title>\n<meta name=\"robots\" content=\"index, follow, max-snippet:-1, max-image-preview:large, max-video-preview:-1\" \/>\n<link rel=\"canonical\" href=\"https:\/\/empresasyeventos.com.uy\/index.php\/2025\/02\/26\/expo-belleza-en-punta-del-este\/\" \/>\n<meta property=\"og:locale\" content=\"es_ES\" \/>\n<meta property=\"og:type\" content=\"article\" \/>\n<meta property=\"og:title\" content=\"Expo Belleza en Punta del Este - Empresas &amp; Eventos\" \/>\n<meta property=\"og:description\" content=\"Expo Belleza nace de las charlas entre dos emprendedoras,\u00a0Lucia Maguna y Cecilia Rivero.\u00a0 Lucia de 29 a\u00f1os, argentina, se dedica hace m\u00e1s de 15 a\u00f1os al rubro est\u00e9tico ejerciendo en [&hellip;]\" \/>\n<meta property=\"og:url\" content=\"https:\/\/empresasyeventos.com.uy\/index.php\/2025\/02\/26\/expo-belleza-en-punta-del-este\/\" \/>\n<meta property=\"og:site_name\" content=\"Empresas &amp; Eventos\" \/>\n<meta property=\"article:published_time\" content=\"2025-02-26T19:16:53+00:00\" \/>\n<meta property=\"article:modified_time\" content=\"2025-02-26T19:16:55+00:00\" \/>\n<meta property=\"og:image\" content=\"http:\/\/empresasyeventos.com.uy\/wp-content\/uploads\/2025\/02\/WhatsApp-Image-2025-02-25-at-09.09.31.jpeg\" \/>\n\t<meta property=\"og:image:width\" content=\"800\" \/>\n\t<meta property=\"og:image:height\" content=\"533\" \/>\n\t<meta property=\"og:image:type\" content=\"image\/jpeg\" \/>\n<meta name=\"author\" content=\"Alvaro\" \/>\n<meta name=\"twitter:card\" content=\"summary_large_image\" \/>\n<meta name=\"twitter:label1\" content=\"Escrito por\" \/>\n\t<meta name=\"twitter:data1\" content=\"Alvaro\" \/>\n\t<meta name=\"twitter:label2\" content=\"Tiempo de lectura\" \/>\n\t<meta name=\"twitter:data2\" content=\"3 minutos\" \/>\n<script type=\"application\/ld+json\" class=\"yoast-schema-graph\">{\"@context\":\"https:\\\/\\\/schema.org\",\"@graph\":[{\"@type\":\"Article\",\"@id\":\"https:\\\/\\\/empresasyeventos.com.uy\\\/index.php\\\/2025\\\/02\\\/26\\\/expo-belleza-en-punta-del-este\\\/#article\",\"isPartOf\":{\"@id\":\"https:\\\/\\\/empresasyeventos.com.uy\\\/index.php\\\/2025\\\/02\\\/26\\\/expo-belleza-en-punta-del-este\\\/\"},\"author\":{\"name\":\"Alvaro\",\"@id\":\"https:\\\/\\\/empresasyeventos.com.uy\\\/#\\\/schema\\\/person\\\/bad32f4c82dc0dcc552d9c237c4eabe2\"},\"headline\":\"Expo Belleza en Punta del Este\",\"datePublished\":\"2025-02-26T19:16:53+00:00\",\"dateModified\":\"2025-02-26T19:16:55+00:00\",\"mainEntityOfPage\":{\"@id\":\"https:\\\/\\\/empresasyeventos.com.uy\\\/index.php\\\/2025\\\/02\\\/26\\\/expo-belleza-en-punta-del-este\\\/\"},\"wordCount\":585,\"image\":{\"@id\":\"https:\\\/\\\/empresasyeventos.com.uy\\\/index.php\\\/2025\\\/02\\\/26\\\/expo-belleza-en-punta-del-este\\\/#primaryimage\"},\"thumbnailUrl\":\"https:\\\/\\\/i0.wp.com\\\/empresasyeventos.com.uy\\\/wp-content\\\/uploads\\\/2025\\\/02\\\/WhatsApp-Image-2025-02-25-at-09.09.31.jpeg?fit=800%2C533&ssl=1\",\"articleSection\":[\"Eventos\"],\"inLanguage\":\"es\"},{\"@type\":\"WebPage\",\"@id\":\"https:\\\/\\\/empresasyeventos.com.uy\\\/index.php\\\/2025\\\/02\\\/26\\\/expo-belleza-en-punta-del-este\\\/\",\"url\":\"https:\\\/\\\/empresasyeventos.com.uy\\\/index.php\\\/2025\\\/02\\\/26\\\/expo-belleza-en-punta-del-este\\\/\",\"name\":\"Expo Belleza en Punta del Este - Empresas &amp; Eventos\",\"isPartOf\":{\"@id\":\"https:\\\/\\\/empresasyeventos.com.uy\\\/#website\"},\"primaryImageOfPage\":{\"@id\":\"https:\\\/\\\/empresasyeventos.com.uy\\\/index.php\\\/2025\\\/02\\\/26\\\/expo-belleza-en-punta-del-este\\\/#primaryimage\"},\"image\":{\"@id\":\"https:\\\/\\\/empresasyeventos.com.uy\\\/index.php\\\/2025\\\/02\\\/26\\\/expo-belleza-en-punta-del-este\\\/#primaryimage\"},\"thumbnailUrl\":\"https:\\\/\\\/i0.wp.com\\\/empresasyeventos.com.uy\\\/wp-content\\\/uploads\\\/2025\\\/02\\\/WhatsApp-Image-2025-02-25-at-09.09.31.jpeg?fit=800%2C533&ssl=1\",\"datePublished\":\"2025-02-26T19:16:53+00:00\",\"dateModified\":\"2025-02-26T19:16:55+00:00\",\"author\":{\"@id\":\"https:\\\/\\\/empresasyeventos.com.uy\\\/#\\\/schema\\\/person\\\/bad32f4c82dc0dcc552d9c237c4eabe2\"},\"breadcrumb\":{\"@id\":\"https:\\\/\\\/empresasyeventos.com.uy\\\/index.php\\\/2025\\\/02\\\/26\\\/expo-belleza-en-punta-del-este\\\/#breadcrumb\"},\"inLanguage\":\"es\",\"potentialAction\":[{\"@type\":\"ReadAction\",\"target\":[\"https:\\\/\\\/empresasyeventos.com.uy\\\/index.php\\\/2025\\\/02\\\/26\\\/expo-belleza-en-punta-del-este\\\/\"]}]},{\"@type\":\"ImageObject\",\"inLanguage\":\"es\",\"@id\":\"https:\\\/\\\/empresasyeventos.com.uy\\\/index.php\\\/2025\\\/02\\\/26\\\/expo-belleza-en-punta-del-este\\\/#primaryimage\",\"url\":\"https:\\\/\\\/i0.wp.com\\\/empresasyeventos.com.uy\\\/wp-content\\\/uploads\\\/2025\\\/02\\\/WhatsApp-Image-2025-02-25-at-09.09.31.jpeg?fit=800%2C533&ssl=1\",\"contentUrl\":\"https:\\\/\\\/i0.wp.com\\\/empresasyeventos.com.uy\\\/wp-content\\\/uploads\\\/2025\\\/02\\\/WhatsApp-Image-2025-02-25-at-09.09.31.jpeg?fit=800%2C533&ssl=1\",\"width\":800,\"height\":533},{\"@type\":\"BreadcrumbList\",\"@id\":\"https:\\\/\\\/empresasyeventos.com.uy\\\/index.php\\\/2025\\\/02\\\/26\\\/expo-belleza-en-punta-del-este\\\/#breadcrumb\",\"itemListElement\":[{\"@type\":\"ListItem\",\"position\":1,\"name\":\"Home\",\"item\":\"https:\\\/\\\/empresasyeventos.com.uy\\\/\"},{\"@type\":\"ListItem\",\"position\":2,\"name\":\"Expo Belleza en Punta del Este\"}]},{\"@type\":\"WebSite\",\"@id\":\"https:\\\/\\\/empresasyeventos.com.uy\\\/#website\",\"url\":\"https:\\\/\\\/empresasyeventos.com.uy\\\/\",\"name\":\"Empresas &amp; Eventos\",\"description\":\"Portal de noticias de Empresas y Eventos\",\"potentialAction\":[{\"@type\":\"SearchAction\",\"target\":{\"@type\":\"EntryPoint\",\"urlTemplate\":\"https:\\\/\\\/empresasyeventos.com.uy\\\/?s={search_term_string}\"},\"query-input\":{\"@type\":\"PropertyValueSpecification\",\"valueRequired\":true,\"valueName\":\"search_term_string\"}}],\"inLanguage\":\"es\"},{\"@type\":\"Person\",\"@id\":\"https:\\\/\\\/empresasyeventos.com.uy\\\/#\\\/schema\\\/person\\\/bad32f4c82dc0dcc552d9c237c4eabe2\",\"name\":\"Alvaro\",\"image\":{\"@type\":\"ImageObject\",\"inLanguage\":\"es\",\"@id\":\"https:\\\/\\\/empresasyeventos.com.uy\\\/wp-content\\\/litespeed\\\/avatar\\\/02be975608cf76e8c82ab3130f64f4e1.jpg?ver=1777400938\",\"url\":\"https:\\\/\\\/empresasyeventos.com.uy\\\/wp-content\\\/litespeed\\\/avatar\\\/02be975608cf76e8c82ab3130f64f4e1.jpg?ver=1777400938\",\"contentUrl\":\"https:\\\/\\\/empresasyeventos.com.uy\\\/wp-content\\\/litespeed\\\/avatar\\\/02be975608cf76e8c82ab3130f64f4e1.jpg?ver=1777400938\",\"caption\":\"Alvaro\"},\"url\":\"https:\\\/\\\/empresasyeventos.com.uy\\\/index.php\\\/author\\\/alvaro\\\/\"}]}<\/script>\n<!-- \/ Yoast SEO plugin. -->","yoast_head_json":{"title":"Expo Belleza en Punta del Este - Empresas &amp; Eventos","robots":{"index":"index","follow":"follow","max-snippet":"max-snippet:-1","max-image-preview":"max-image-preview:large","max-video-preview":"max-video-preview:-1"},"canonical":"https:\/\/empresasyeventos.com.uy\/index.php\/2025\/02\/26\/expo-belleza-en-punta-del-este\/","og_locale":"es_ES","og_type":"article","og_title":"Expo Belleza en Punta del Este - Empresas &amp; Eventos","og_description":"Expo Belleza nace de las charlas entre dos emprendedoras,\u00a0Lucia Maguna y Cecilia Rivero.\u00a0 Lucia de 29 a\u00f1os, argentina, se dedica hace m\u00e1s de 15 a\u00f1os al rubro est\u00e9tico ejerciendo en [&hellip;]","og_url":"https:\/\/empresasyeventos.com.uy\/index.php\/2025\/02\/26\/expo-belleza-en-punta-del-este\/","og_site_name":"Empresas &amp; Eventos","article_published_time":"2025-02-26T19:16:53+00:00","article_modified_time":"2025-02-26T19:16:55+00:00","og_image":[{"width":800,"height":533,"url":"http:\/\/empresasyeventos.com.uy\/wp-content\/uploads\/2025\/02\/WhatsApp-Image-2025-02-25-at-09.09.31.jpeg","type":"image\/jpeg"}],"author":"Alvaro","twitter_card":"summary_large_image","twitter_misc":{"Escrito por":"Alvaro","Tiempo de lectura":"3 minutos"},"schema":{"@context":"https:\/\/schema.org","@graph":[{"@type":"Article","@id":"https:\/\/empresasyeventos.com.uy\/index.php\/2025\/02\/26\/expo-belleza-en-punta-del-este\/#article","isPartOf":{"@id":"https:\/\/empresasyeventos.com.uy\/index.php\/2025\/02\/26\/expo-belleza-en-punta-del-este\/"},"author":{"name":"Alvaro","@id":"https:\/\/empresasyeventos.com.uy\/#\/schema\/person\/bad32f4c82dc0dcc552d9c237c4eabe2"},"headline":"Expo Belleza en Punta del Este","datePublished":"2025-02-26T19:16:53+00:00","dateModified":"2025-02-26T19:16:55+00:00","mainEntityOfPage":{"@id":"https:\/\/empresasyeventos.com.uy\/index.php\/2025\/02\/26\/expo-belleza-en-punta-del-este\/"},"wordCount":585,"image":{"@id":"https:\/\/empresasyeventos.com.uy\/index.php\/2025\/02\/26\/expo-belleza-en-punta-del-este\/#primaryimage"},"thumbnailUrl":"https:\/\/i0.wp.com\/empresasyeventos.com.uy\/wp-content\/uploads\/2025\/02\/WhatsApp-Image-2025-02-25-at-09.09.31.jpeg?fit=800%2C533&ssl=1","articleSection":["Eventos"],"inLanguage":"es"},{"@type":"WebPage","@id":"https:\/\/empresasyeventos.com.uy\/index.php\/2025\/02\/26\/expo-belleza-en-punta-del-este\/","url":"https:\/\/empresasyeventos.com.uy\/index.php\/2025\/02\/26\/expo-belleza-en-punta-del-este\/","name":"Expo Belleza en Punta del Este - Empresas &amp; Eventos","isPartOf":{"@id":"https:\/\/empresasyeventos.com.uy\/#website"},"primaryImageOfPage":{"@id":"https:\/\/empresasyeventos.com.uy\/index.php\/2025\/02\/26\/expo-belleza-en-punta-del-este\/#primaryimage"},"image":{"@id":"https:\/\/empresasyeventos.com.uy\/index.php\/2025\/02\/26\/expo-belleza-en-punta-del-este\/#primaryimage"},"thumbnailUrl":"https:\/\/i0.wp.com\/empresasyeventos.com.uy\/wp-content\/uploads\/2025\/02\/WhatsApp-Image-2025-02-25-at-09.09.31.jpeg?fit=800%2C533&ssl=1","datePublished":"2025-02-26T19:16:53+00:00","dateModified":"2025-02-26T19:16:55+00:00","author":{"@id":"https:\/\/empresasyeventos.com.uy\/#\/schema\/person\/bad32f4c82dc0dcc552d9c237c4eabe2"},"breadcrumb":{"@id":"https:\/\/empresasyeventos.com.uy\/index.php\/2025\/02\/26\/expo-belleza-en-punta-del-este\/#breadcrumb"},"inLanguage":"es","potentialAction":[{"@type":"ReadAction","target":["https:\/\/empresasyeventos.com.uy\/index.php\/2025\/02\/26\/expo-belleza-en-punta-del-este\/"]}]},{"@type":"ImageObject","inLanguage":"es","@id":"https:\/\/empresasyeventos.com.uy\/index.php\/2025\/02\/26\/expo-belleza-en-punta-del-este\/#primaryimage","url":"https:\/\/i0.wp.com\/empresasyeventos.com.uy\/wp-content\/uploads\/2025\/02\/WhatsApp-Image-2025-02-25-at-09.09.31.jpeg?fit=800%2C533&ssl=1","contentUrl":"https:\/\/i0.wp.com\/empresasyeventos.com.uy\/wp-content\/uploads\/2025\/02\/WhatsApp-Image-2025-02-25-at-09.09.31.jpeg?fit=800%2C533&ssl=1","width":800,"height":533},{"@type":"BreadcrumbList","@id":"https:\/\/empresasyeventos.com.uy\/index.php\/2025\/02\/26\/expo-belleza-en-punta-del-este\/#breadcrumb","itemListElement":[{"@type":"ListItem","position":1,"name":"Home","item":"https:\/\/empresasyeventos.com.uy\/"},{"@type":"ListItem","position":2,"name":"Expo Belleza en Punta del Este"}]},{"@type":"WebSite","@id":"https:\/\/empresasyeventos.com.uy\/#website","url":"https:\/\/empresasyeventos.com.uy\/","name":"Empresas &amp; Eventos","description":"Portal de noticias de Empresas y Eventos","potentialAction":[{"@type":"SearchAction","target":{"@type":"EntryPoint","urlTemplate":"https:\/\/empresasyeventos.com.uy\/?s={search_term_string}"},"query-input":{"@type":"PropertyValueSpecification","valueRequired":true,"valueName":"search_term_string"}}],"inLanguage":"es"},{"@type":"Person","@id":"https:\/\/empresasyeventos.com.uy\/#\/schema\/person\/bad32f4c82dc0dcc552d9c237c4eabe2","name":"Alvaro","image":{"@type":"ImageObject","inLanguage":"es","@id":"https:\/\/empresasyeventos.com.uy\/wp-content\/litespeed\/avatar\/02be975608cf76e8c82ab3130f64f4e1.jpg?ver=1777400938","url":"https:\/\/empresasyeventos.com.uy\/wp-content\/litespeed\/avatar\/02be975608cf76e8c82ab3130f64f4e1.jpg?ver=1777400938","contentUrl":"https:\/\/empresasyeventos.com.uy\/wp-content\/litespeed\/avatar\/02be975608cf76e8c82ab3130f64f4e1.jpg?ver=1777400938","caption":"Alvaro"},"url":"https:\/\/empresasyeventos.com.uy\/index.php\/author\/alvaro\/"}]}},"jetpack_publicize_connections":[],"jetpack_featured_media_url":"https:\/\/i0.wp.com\/empresasyeventos.com.uy\/wp-content\/uploads\/2025\/02\/WhatsApp-Image-2025-02-25-at-09.09.31.jpeg?fit=800%2C533&ssl=1","jetpack_sharing_enabled":true,"_links":{"self":[{"href":"https:\/\/empresasyeventos.com.uy\/index.php\/wp-json\/wp\/v2\/posts\/3352","targetHints":{"allow":["GET"]}}],"collection":[{"href":"https:\/\/empresasyeventos.com.uy\/index.php\/wp-json\/wp\/v2\/posts"}],"about":[{"href":"https:\/\/empresasyeventos.com.uy\/index.php\/wp-json\/wp\/v2\/types\/post"}],"author":[{"embeddable":true,"href":"https:\/\/empresasyeventos.com.uy\/index.php\/wp-json\/wp\/v2\/users\/1"}],"replies":[{"embeddable":true,"href":"https:\/\/empresasyeventos.com.uy\/index.php\/wp-json\/wp\/v2\/comments?post=3352"}],"version-history":[{"count":1,"href":"https:\/\/empresasyeventos.com.uy\/index.php\/wp-json\/wp\/v2\/posts\/3352\/revisions"}],"predecessor-version":[{"id":3356,"href":"https:\/\/empresasyeventos.com.uy\/index.php\/wp-json\/wp\/v2\/posts\/3352\/revisions\/3356"}],"wp:featuredmedia":[{"embeddable":true,"href":"https:\/\/empresasyeventos.com.uy\/index.php\/wp-json\/wp\/v2\/media\/3353"}],"wp:attachment":[{"href":"https:\/\/empresasyeventos.com.uy\/index.php\/wp-json\/wp\/v2\/media?parent=3352"}],"wp:term":[{"taxonomy":"category","embeddable":true,"href":"https:\/\/empresasyeventos.com.uy\/index.php\/wp-json\/wp\/v2\/categories?post=3352"},{"taxonomy":"post_tag","embeddable":true,"href":"https:\/\/empresasyeventos.com.uy\/index.php\/wp-json\/wp\/v2\/tags?post=3352"}],"curies":[{"name":"wp","href":"https:\/\/api.w.org\/{rel}","templated":true}]}}