{"id":3190,"date":"2024-10-15T00:14:15","date_gmt":"2024-10-14T22:14:15","guid":{"rendered":"https:\/\/empresasyeventos.com.uy\/?p=3190"},"modified":"2024-10-15T15:53:18","modified_gmt":"2024-10-15T13:53:18","slug":"fashion-talk","status":"publish","type":"post","link":"https:\/\/empresasyeventos.com.uy\/index.php\/2024\/10\/15\/fashion-talk\/","title":{"rendered":"Fashion Talk"},"content":{"rendered":"\n<p>Fashion Talk llega al Uruguay desde Argentina. La versi\u00f3n uruguaya, organizada por Laren B\u00e1lsamo y Mar\u00eda Arbilla, tendr\u00e1 la visita de Geraldine Per\u00e9 (<a href=\"mailto:....@gegeconecta\" target=\"_blank\" rel=\"noreferrer noopener\">@gegeconecta )<\/a>&nbsp;reconocida directora de escuela de moda, productora e influencer, adem\u00e1s de abogada. <\/p>\n\n\n\n<p>Adem\u00e1s estar\u00e1 la reconocida mini influencer Lourdes Gonz\u00e1lez<a href=\"mailto:influencer...@lourpop\" target=\"_blank\" rel=\"noreferrer noopener\">&nbsp;(@lourpop )<\/a>&nbsp;una ni\u00f1a de 9 a\u00f1os que hoy participa en un programa de Canal 9 de Buenos Aires, siendo embajadora de Disney y realiza producciones para diferentes marcas. <\/p>\n\n\n\n<p>Esta dupla llega para hablarnos de tendencias, moda, colores, redes, producci\u00f3n y como mejorar las fotos y como tener un impacto en el p\u00fablico que nos interesa con la interacci\u00f3n de ellas con las marcas. <\/p>\n\n\n\n<p>Ser\u00e1 el 15 de noviembre en Montevideo en la Sala Schroeder en Carrasco y el 16 de noviembre en el Hotel Jean Clevers de Punta del Este. Entradas en Red Tickets.<\/p>\n\n\n\n<figure class=\"wp-block-gallery has-nested-images columns-default is-cropped wp-block-gallery-1 is-layout-flex wp-block-gallery-is-layout-flex\">\n<figure class=\"wp-block-image size-large\"><img data-recalc-dims=\"1\" decoding=\"async\" width=\"696\" height=\"985\" data-attachment-id=\"3192\" data-permalink=\"https:\/\/empresasyeventos.com.uy\/index.php\/2024\/10\/15\/fashion-talk\/fashion-talk\/\" data-orig-file=\"https:\/\/i0.wp.com\/empresasyeventos.com.uy\/wp-content\/uploads\/2024\/10\/Fashion-Talk.jpeg?fit=800%2C1132&amp;ssl=1\" data-orig-size=\"800,1132\" data-comments-opened=\"0\" data-image-meta=\"{&quot;aperture&quot;:&quot;0&quot;,&quot;credit&quot;:&quot;&quot;,&quot;camera&quot;:&quot;&quot;,&quot;caption&quot;:&quot;&quot;,&quot;created_timestamp&quot;:&quot;0&quot;,&quot;copyright&quot;:&quot;&quot;,&quot;focal_length&quot;:&quot;0&quot;,&quot;iso&quot;:&quot;0&quot;,&quot;shutter_speed&quot;:&quot;0&quot;,&quot;title&quot;:&quot;&quot;,&quot;orientation&quot;:&quot;0&quot;}\" data-image-title=\"Fashion Talk\" data-image-description=\"\" data-image-caption=\"\" data-large-file=\"https:\/\/i0.wp.com\/empresasyeventos.com.uy\/wp-content\/uploads\/2024\/10\/Fashion-Talk.jpeg?fit=800%2C1132&amp;ssl=1\" data-id=\"3192\" src=\"https:\/\/i0.wp.com\/empresasyeventos.com.uy\/wp-content\/uploads\/2024\/10\/Fashion-Talk.jpeg?resize=696%2C985&#038;ssl=1\" alt=\"\" class=\"wp-image-3192\" srcset=\"https:\/\/i0.wp.com\/empresasyeventos.com.uy\/wp-content\/uploads\/2024\/10\/Fashion-Talk.jpeg?w=800&amp;ssl=1 800w, https:\/\/i0.wp.com\/empresasyeventos.com.uy\/wp-content\/uploads\/2024\/10\/Fashion-Talk.jpeg?resize=768%2C1087&amp;ssl=1 768w, https:\/\/i0.wp.com\/empresasyeventos.com.uy\/wp-content\/uploads\/2024\/10\/Fashion-Talk.jpeg?resize=150%2C212&amp;ssl=1 150w, https:\/\/i0.wp.com\/empresasyeventos.com.uy\/wp-content\/uploads\/2024\/10\/Fashion-Talk.jpeg?resize=300%2C425&amp;ssl=1 300w, https:\/\/i0.wp.com\/empresasyeventos.com.uy\/wp-content\/uploads\/2024\/10\/Fashion-Talk.jpeg?resize=696%2C985&amp;ssl=1 696w\" sizes=\"(max-width: 696px) 100vw, 696px\" \/><\/figure>\n\n\n\n<figure class=\"wp-block-image size-large\"><img data-recalc-dims=\"1\" decoding=\"async\" width=\"696\" height=\"1237\" data-attachment-id=\"3191\" data-permalink=\"https:\/\/empresasyeventos.com.uy\/index.php\/2024\/10\/15\/fashion-talk\/fashion-talk-2\/\" data-orig-file=\"https:\/\/i0.wp.com\/empresasyeventos.com.uy\/wp-content\/uploads\/2024\/10\/Fashion-Talk-2.jpeg?fit=800%2C1422&amp;ssl=1\" data-orig-size=\"800,1422\" data-comments-opened=\"0\" data-image-meta=\"{&quot;aperture&quot;:&quot;0&quot;,&quot;credit&quot;:&quot;&quot;,&quot;camera&quot;:&quot;&quot;,&quot;caption&quot;:&quot;&quot;,&quot;created_timestamp&quot;:&quot;0&quot;,&quot;copyright&quot;:&quot;&quot;,&quot;focal_length&quot;:&quot;0&quot;,&quot;iso&quot;:&quot;0&quot;,&quot;shutter_speed&quot;:&quot;0&quot;,&quot;title&quot;:&quot;&quot;,&quot;orientation&quot;:&quot;0&quot;}\" data-image-title=\"Fashion Talk 2\" data-image-description=\"\" data-image-caption=\"\" data-large-file=\"https:\/\/i0.wp.com\/empresasyeventos.com.uy\/wp-content\/uploads\/2024\/10\/Fashion-Talk-2.jpeg?fit=800%2C1422&amp;ssl=1\" data-id=\"3191\" src=\"https:\/\/i0.wp.com\/empresasyeventos.com.uy\/wp-content\/uploads\/2024\/10\/Fashion-Talk-2.jpeg?resize=696%2C1237&#038;ssl=1\" alt=\"\" class=\"wp-image-3191\" srcset=\"https:\/\/i0.wp.com\/empresasyeventos.com.uy\/wp-content\/uploads\/2024\/10\/Fashion-Talk-2.jpeg?w=800&amp;ssl=1 800w, https:\/\/i0.wp.com\/empresasyeventos.com.uy\/wp-content\/uploads\/2024\/10\/Fashion-Talk-2.jpeg?resize=768%2C1365&amp;ssl=1 768w, https:\/\/i0.wp.com\/empresasyeventos.com.uy\/wp-content\/uploads\/2024\/10\/Fashion-Talk-2.jpeg?resize=150%2C267&amp;ssl=1 150w, https:\/\/i0.wp.com\/empresasyeventos.com.uy\/wp-content\/uploads\/2024\/10\/Fashion-Talk-2.jpeg?resize=300%2C533&amp;ssl=1 300w, https:\/\/i0.wp.com\/empresasyeventos.com.uy\/wp-content\/uploads\/2024\/10\/Fashion-Talk-2.jpeg?resize=696%2C1237&amp;ssl=1 696w\" sizes=\"(max-width: 696px) 100vw, 696px\" \/><\/figure>\n<\/figure>\n","protected":false},"excerpt":{"rendered":"<p>Fashion Talk llega al Uruguay desde Argentina. La versi\u00f3n uruguaya, organizada por Laren B\u00e1lsamo y Mar\u00eda Arbilla, tendr\u00e1 la visita de Geraldine Per\u00e9 (@gegeconecta )&nbsp;reconocida directora de escuela de moda, [&hellip;]<\/p>\n","protected":false},"author":1,"featured_media":3194,"comment_status":"closed","ping_status":"open","sticky":false,"template":"","format":"standard","meta":{"_exactmetrics_skip_tracking":false,"_exactmetrics_sitenote_active":false,"_exactmetrics_sitenote_note":"","_exactmetrics_sitenote_category":0,"_jetpack_memberships_contains_paid_content":false,"footnotes":"","jetpack_publicize_message":"","jetpack_publicize_feature_enabled":true,"jetpack_social_post_already_shared":true,"jetpack_social_options":{"image_generator_settings":{"template":"highway","default_image_id":0,"font":"","enabled":false},"version":2}},"categories":[58],"tags":[],"class_list":["post-3190","post","type-post","status-publish","format-standard","has-post-thumbnail","category-buen-vivir"],"yoast_head":"<!-- This site is optimized with the Yoast SEO plugin v27.5 - https:\/\/yoast.com\/product\/yoast-seo-wordpress\/ -->\n<title>Fashion Talk - Empresas &amp; Eventos<\/title>\n<meta name=\"robots\" content=\"index, follow, max-snippet:-1, max-image-preview:large, max-video-preview:-1\" \/>\n<link rel=\"canonical\" href=\"https:\/\/empresasyeventos.com.uy\/index.php\/2024\/10\/15\/fashion-talk\/\" \/>\n<meta property=\"og:locale\" content=\"es_ES\" \/>\n<meta property=\"og:type\" content=\"article\" \/>\n<meta property=\"og:title\" content=\"Fashion Talk - Empresas &amp; Eventos\" \/>\n<meta property=\"og:description\" content=\"Fashion Talk llega al Uruguay desde Argentina. La versi\u00f3n uruguaya, organizada por Laren B\u00e1lsamo y Mar\u00eda Arbilla, tendr\u00e1 la visita de Geraldine Per\u00e9 (@gegeconecta )&nbsp;reconocida directora de escuela de moda, [&hellip;]\" \/>\n<meta property=\"og:url\" content=\"https:\/\/empresasyeventos.com.uy\/index.php\/2024\/10\/15\/fashion-talk\/\" \/>\n<meta property=\"og:site_name\" content=\"Empresas &amp; Eventos\" \/>\n<meta property=\"article:published_time\" content=\"2024-10-14T22:14:15+00:00\" \/>\n<meta property=\"article:modified_time\" content=\"2024-10-15T13:53:18+00:00\" \/>\n<meta property=\"og:image\" content=\"http:\/\/empresasyeventos.com.uy\/wp-content\/uploads\/2024\/10\/Fashion-Talk-1-e1729000367607.jpeg\" \/>\n\t<meta property=\"og:image:width\" content=\"799\" \/>\n\t<meta property=\"og:image:height\" content=\"499\" \/>\n\t<meta property=\"og:image:type\" content=\"image\/jpeg\" \/>\n<meta name=\"author\" content=\"Alvaro\" \/>\n<meta name=\"twitter:card\" content=\"summary_large_image\" \/>\n<meta name=\"twitter:label1\" content=\"Escrito por\" \/>\n\t<meta name=\"twitter:data1\" content=\"Alvaro\" \/>\n\t<meta name=\"twitter:label2\" content=\"Tiempo de lectura\" \/>\n\t<meta name=\"twitter:data2\" content=\"2 minutos\" \/>\n<script type=\"application\/ld+json\" class=\"yoast-schema-graph\">{\"@context\":\"https:\\\/\\\/schema.org\",\"@graph\":[{\"@type\":\"Article\",\"@id\":\"https:\\\/\\\/empresasyeventos.com.uy\\\/index.php\\\/2024\\\/10\\\/15\\\/fashion-talk\\\/#article\",\"isPartOf\":{\"@id\":\"https:\\\/\\\/empresasyeventos.com.uy\\\/index.php\\\/2024\\\/10\\\/15\\\/fashion-talk\\\/\"},\"author\":{\"name\":\"Alvaro\",\"@id\":\"https:\\\/\\\/empresasyeventos.com.uy\\\/#\\\/schema\\\/person\\\/bad32f4c82dc0dcc552d9c237c4eabe2\"},\"headline\":\"Fashion Talk\",\"datePublished\":\"2024-10-14T22:14:15+00:00\",\"dateModified\":\"2024-10-15T13:53:18+00:00\",\"mainEntityOfPage\":{\"@id\":\"https:\\\/\\\/empresasyeventos.com.uy\\\/index.php\\\/2024\\\/10\\\/15\\\/fashion-talk\\\/\"},\"wordCount\":150,\"image\":{\"@id\":\"https:\\\/\\\/empresasyeventos.com.uy\\\/index.php\\\/2024\\\/10\\\/15\\\/fashion-talk\\\/#primaryimage\"},\"thumbnailUrl\":\"https:\\\/\\\/i0.wp.com\\\/empresasyeventos.com.uy\\\/wp-content\\\/uploads\\\/2024\\\/10\\\/Fashion-Talk-1-e1729000367607.jpeg?fit=799%2C499&ssl=1\",\"articleSection\":[\"Buen Vivir\"],\"inLanguage\":\"es\"},{\"@type\":\"WebPage\",\"@id\":\"https:\\\/\\\/empresasyeventos.com.uy\\\/index.php\\\/2024\\\/10\\\/15\\\/fashion-talk\\\/\",\"url\":\"https:\\\/\\\/empresasyeventos.com.uy\\\/index.php\\\/2024\\\/10\\\/15\\\/fashion-talk\\\/\",\"name\":\"Fashion Talk - Empresas &amp; Eventos\",\"isPartOf\":{\"@id\":\"https:\\\/\\\/empresasyeventos.com.uy\\\/#website\"},\"primaryImageOfPage\":{\"@id\":\"https:\\\/\\\/empresasyeventos.com.uy\\\/index.php\\\/2024\\\/10\\\/15\\\/fashion-talk\\\/#primaryimage\"},\"image\":{\"@id\":\"https:\\\/\\\/empresasyeventos.com.uy\\\/index.php\\\/2024\\\/10\\\/15\\\/fashion-talk\\\/#primaryimage\"},\"thumbnailUrl\":\"https:\\\/\\\/i0.wp.com\\\/empresasyeventos.com.uy\\\/wp-content\\\/uploads\\\/2024\\\/10\\\/Fashion-Talk-1-e1729000367607.jpeg?fit=799%2C499&ssl=1\",\"datePublished\":\"2024-10-14T22:14:15+00:00\",\"dateModified\":\"2024-10-15T13:53:18+00:00\",\"author\":{\"@id\":\"https:\\\/\\\/empresasyeventos.com.uy\\\/#\\\/schema\\\/person\\\/bad32f4c82dc0dcc552d9c237c4eabe2\"},\"breadcrumb\":{\"@id\":\"https:\\\/\\\/empresasyeventos.com.uy\\\/index.php\\\/2024\\\/10\\\/15\\\/fashion-talk\\\/#breadcrumb\"},\"inLanguage\":\"es\",\"potentialAction\":[{\"@type\":\"ReadAction\",\"target\":[\"https:\\\/\\\/empresasyeventos.com.uy\\\/index.php\\\/2024\\\/10\\\/15\\\/fashion-talk\\\/\"]}]},{\"@type\":\"ImageObject\",\"inLanguage\":\"es\",\"@id\":\"https:\\\/\\\/empresasyeventos.com.uy\\\/index.php\\\/2024\\\/10\\\/15\\\/fashion-talk\\\/#primaryimage\",\"url\":\"https:\\\/\\\/i0.wp.com\\\/empresasyeventos.com.uy\\\/wp-content\\\/uploads\\\/2024\\\/10\\\/Fashion-Talk-1-e1729000367607.jpeg?fit=799%2C499&ssl=1\",\"contentUrl\":\"https:\\\/\\\/i0.wp.com\\\/empresasyeventos.com.uy\\\/wp-content\\\/uploads\\\/2024\\\/10\\\/Fashion-Talk-1-e1729000367607.jpeg?fit=799%2C499&ssl=1\",\"width\":799,\"height\":499},{\"@type\":\"BreadcrumbList\",\"@id\":\"https:\\\/\\\/empresasyeventos.com.uy\\\/index.php\\\/2024\\\/10\\\/15\\\/fashion-talk\\\/#breadcrumb\",\"itemListElement\":[{\"@type\":\"ListItem\",\"position\":1,\"name\":\"Home\",\"item\":\"https:\\\/\\\/empresasyeventos.com.uy\\\/\"},{\"@type\":\"ListItem\",\"position\":2,\"name\":\"Fashion Talk\"}]},{\"@type\":\"WebSite\",\"@id\":\"https:\\\/\\\/empresasyeventos.com.uy\\\/#website\",\"url\":\"https:\\\/\\\/empresasyeventos.com.uy\\\/\",\"name\":\"Empresas &amp; Eventos\",\"description\":\"Portal de noticias de Empresas y Eventos\",\"potentialAction\":[{\"@type\":\"SearchAction\",\"target\":{\"@type\":\"EntryPoint\",\"urlTemplate\":\"https:\\\/\\\/empresasyeventos.com.uy\\\/?s={search_term_string}\"},\"query-input\":{\"@type\":\"PropertyValueSpecification\",\"valueRequired\":true,\"valueName\":\"search_term_string\"}}],\"inLanguage\":\"es\"},{\"@type\":\"Person\",\"@id\":\"https:\\\/\\\/empresasyeventos.com.uy\\\/#\\\/schema\\\/person\\\/bad32f4c82dc0dcc552d9c237c4eabe2\",\"name\":\"Alvaro\",\"image\":{\"@type\":\"ImageObject\",\"inLanguage\":\"es\",\"@id\":\"https:\\\/\\\/empresasyeventos.com.uy\\\/wp-content\\\/litespeed\\\/avatar\\\/02be975608cf76e8c82ab3130f64f4e1.jpg?ver=1777400938\",\"url\":\"https:\\\/\\\/empresasyeventos.com.uy\\\/wp-content\\\/litespeed\\\/avatar\\\/02be975608cf76e8c82ab3130f64f4e1.jpg?ver=1777400938\",\"contentUrl\":\"https:\\\/\\\/empresasyeventos.com.uy\\\/wp-content\\\/litespeed\\\/avatar\\\/02be975608cf76e8c82ab3130f64f4e1.jpg?ver=1777400938\",\"caption\":\"Alvaro\"},\"url\":\"https:\\\/\\\/empresasyeventos.com.uy\\\/index.php\\\/author\\\/alvaro\\\/\"}]}<\/script>\n<!-- \/ Yoast SEO plugin. -->","yoast_head_json":{"title":"Fashion Talk - Empresas &amp; Eventos","robots":{"index":"index","follow":"follow","max-snippet":"max-snippet:-1","max-image-preview":"max-image-preview:large","max-video-preview":"max-video-preview:-1"},"canonical":"https:\/\/empresasyeventos.com.uy\/index.php\/2024\/10\/15\/fashion-talk\/","og_locale":"es_ES","og_type":"article","og_title":"Fashion Talk - Empresas &amp; Eventos","og_description":"Fashion Talk llega al Uruguay desde Argentina. La versi\u00f3n uruguaya, organizada por Laren B\u00e1lsamo y Mar\u00eda Arbilla, tendr\u00e1 la visita de Geraldine Per\u00e9 (@gegeconecta )&nbsp;reconocida directora de escuela de moda, [&hellip;]","og_url":"https:\/\/empresasyeventos.com.uy\/index.php\/2024\/10\/15\/fashion-talk\/","og_site_name":"Empresas &amp; Eventos","article_published_time":"2024-10-14T22:14:15+00:00","article_modified_time":"2024-10-15T13:53:18+00:00","og_image":[{"width":799,"height":499,"url":"http:\/\/empresasyeventos.com.uy\/wp-content\/uploads\/2024\/10\/Fashion-Talk-1-e1729000367607.jpeg","type":"image\/jpeg"}],"author":"Alvaro","twitter_card":"summary_large_image","twitter_misc":{"Escrito por":"Alvaro","Tiempo de lectura":"2 minutos"},"schema":{"@context":"https:\/\/schema.org","@graph":[{"@type":"Article","@id":"https:\/\/empresasyeventos.com.uy\/index.php\/2024\/10\/15\/fashion-talk\/#article","isPartOf":{"@id":"https:\/\/empresasyeventos.com.uy\/index.php\/2024\/10\/15\/fashion-talk\/"},"author":{"name":"Alvaro","@id":"https:\/\/empresasyeventos.com.uy\/#\/schema\/person\/bad32f4c82dc0dcc552d9c237c4eabe2"},"headline":"Fashion Talk","datePublished":"2024-10-14T22:14:15+00:00","dateModified":"2024-10-15T13:53:18+00:00","mainEntityOfPage":{"@id":"https:\/\/empresasyeventos.com.uy\/index.php\/2024\/10\/15\/fashion-talk\/"},"wordCount":150,"image":{"@id":"https:\/\/empresasyeventos.com.uy\/index.php\/2024\/10\/15\/fashion-talk\/#primaryimage"},"thumbnailUrl":"https:\/\/i0.wp.com\/empresasyeventos.com.uy\/wp-content\/uploads\/2024\/10\/Fashion-Talk-1-e1729000367607.jpeg?fit=799%2C499&ssl=1","articleSection":["Buen Vivir"],"inLanguage":"es"},{"@type":"WebPage","@id":"https:\/\/empresasyeventos.com.uy\/index.php\/2024\/10\/15\/fashion-talk\/","url":"https:\/\/empresasyeventos.com.uy\/index.php\/2024\/10\/15\/fashion-talk\/","name":"Fashion Talk - Empresas &amp; Eventos","isPartOf":{"@id":"https:\/\/empresasyeventos.com.uy\/#website"},"primaryImageOfPage":{"@id":"https:\/\/empresasyeventos.com.uy\/index.php\/2024\/10\/15\/fashion-talk\/#primaryimage"},"image":{"@id":"https:\/\/empresasyeventos.com.uy\/index.php\/2024\/10\/15\/fashion-talk\/#primaryimage"},"thumbnailUrl":"https:\/\/i0.wp.com\/empresasyeventos.com.uy\/wp-content\/uploads\/2024\/10\/Fashion-Talk-1-e1729000367607.jpeg?fit=799%2C499&ssl=1","datePublished":"2024-10-14T22:14:15+00:00","dateModified":"2024-10-15T13:53:18+00:00","author":{"@id":"https:\/\/empresasyeventos.com.uy\/#\/schema\/person\/bad32f4c82dc0dcc552d9c237c4eabe2"},"breadcrumb":{"@id":"https:\/\/empresasyeventos.com.uy\/index.php\/2024\/10\/15\/fashion-talk\/#breadcrumb"},"inLanguage":"es","potentialAction":[{"@type":"ReadAction","target":["https:\/\/empresasyeventos.com.uy\/index.php\/2024\/10\/15\/fashion-talk\/"]}]},{"@type":"ImageObject","inLanguage":"es","@id":"https:\/\/empresasyeventos.com.uy\/index.php\/2024\/10\/15\/fashion-talk\/#primaryimage","url":"https:\/\/i0.wp.com\/empresasyeventos.com.uy\/wp-content\/uploads\/2024\/10\/Fashion-Talk-1-e1729000367607.jpeg?fit=799%2C499&ssl=1","contentUrl":"https:\/\/i0.wp.com\/empresasyeventos.com.uy\/wp-content\/uploads\/2024\/10\/Fashion-Talk-1-e1729000367607.jpeg?fit=799%2C499&ssl=1","width":799,"height":499},{"@type":"BreadcrumbList","@id":"https:\/\/empresasyeventos.com.uy\/index.php\/2024\/10\/15\/fashion-talk\/#breadcrumb","itemListElement":[{"@type":"ListItem","position":1,"name":"Home","item":"https:\/\/empresasyeventos.com.uy\/"},{"@type":"ListItem","position":2,"name":"Fashion Talk"}]},{"@type":"WebSite","@id":"https:\/\/empresasyeventos.com.uy\/#website","url":"https:\/\/empresasyeventos.com.uy\/","name":"Empresas &amp; Eventos","description":"Portal de noticias de Empresas y Eventos","potentialAction":[{"@type":"SearchAction","target":{"@type":"EntryPoint","urlTemplate":"https:\/\/empresasyeventos.com.uy\/?s={search_term_string}"},"query-input":{"@type":"PropertyValueSpecification","valueRequired":true,"valueName":"search_term_string"}}],"inLanguage":"es"},{"@type":"Person","@id":"https:\/\/empresasyeventos.com.uy\/#\/schema\/person\/bad32f4c82dc0dcc552d9c237c4eabe2","name":"Alvaro","image":{"@type":"ImageObject","inLanguage":"es","@id":"https:\/\/empresasyeventos.com.uy\/wp-content\/litespeed\/avatar\/02be975608cf76e8c82ab3130f64f4e1.jpg?ver=1777400938","url":"https:\/\/empresasyeventos.com.uy\/wp-content\/litespeed\/avatar\/02be975608cf76e8c82ab3130f64f4e1.jpg?ver=1777400938","contentUrl":"https:\/\/empresasyeventos.com.uy\/wp-content\/litespeed\/avatar\/02be975608cf76e8c82ab3130f64f4e1.jpg?ver=1777400938","caption":"Alvaro"},"url":"https:\/\/empresasyeventos.com.uy\/index.php\/author\/alvaro\/"}]}},"jetpack_publicize_connections":[],"jetpack_featured_media_url":"https:\/\/i0.wp.com\/empresasyeventos.com.uy\/wp-content\/uploads\/2024\/10\/Fashion-Talk-1-e1729000367607.jpeg?fit=799%2C499&ssl=1","jetpack_sharing_enabled":true,"_links":{"self":[{"href":"https:\/\/empresasyeventos.com.uy\/index.php\/wp-json\/wp\/v2\/posts\/3190","targetHints":{"allow":["GET"]}}],"collection":[{"href":"https:\/\/empresasyeventos.com.uy\/index.php\/wp-json\/wp\/v2\/posts"}],"about":[{"href":"https:\/\/empresasyeventos.com.uy\/index.php\/wp-json\/wp\/v2\/types\/post"}],"author":[{"embeddable":true,"href":"https:\/\/empresasyeventos.com.uy\/index.php\/wp-json\/wp\/v2\/users\/1"}],"replies":[{"embeddable":true,"href":"https:\/\/empresasyeventos.com.uy\/index.php\/wp-json\/wp\/v2\/comments?post=3190"}],"version-history":[{"count":2,"href":"https:\/\/empresasyeventos.com.uy\/index.php\/wp-json\/wp\/v2\/posts\/3190\/revisions"}],"predecessor-version":[{"id":3195,"href":"https:\/\/empresasyeventos.com.uy\/index.php\/wp-json\/wp\/v2\/posts\/3190\/revisions\/3195"}],"wp:featuredmedia":[{"embeddable":true,"href":"https:\/\/empresasyeventos.com.uy\/index.php\/wp-json\/wp\/v2\/media\/3194"}],"wp:attachment":[{"href":"https:\/\/empresasyeventos.com.uy\/index.php\/wp-json\/wp\/v2\/media?parent=3190"}],"wp:term":[{"taxonomy":"category","embeddable":true,"href":"https:\/\/empresasyeventos.com.uy\/index.php\/wp-json\/wp\/v2\/categories?post=3190"},{"taxonomy":"post_tag","embeddable":true,"href":"https:\/\/empresasyeventos.com.uy\/index.php\/wp-json\/wp\/v2\/tags?post=3190"}],"curies":[{"name":"wp","href":"https:\/\/api.w.org\/{rel}","templated":true}]}}