{"id":3147,"date":"2024-09-03T02:09:54","date_gmt":"2024-09-03T00:09:54","guid":{"rendered":"https:\/\/empresasyeventos.com.uy\/?p=3147"},"modified":"2024-09-03T02:09:56","modified_gmt":"2024-09-03T00:09:56","slug":"aeromundo-el-mundo-del-turismo-al-alcance-de-todos","status":"publish","type":"post","link":"https:\/\/empresasyeventos.com.uy\/index.php\/2024\/09\/03\/aeromundo-el-mundo-del-turismo-al-alcance-de-todos\/","title":{"rendered":"Aeromundo, el mundo del turismo al alcance de todos\u00a0"},"content":{"rendered":"\n<p>El mundo del turismo es cada vez m\u00e1s importante en el mundo y tambi\u00e9n en el Uruguay. Dialogamos de este tema con Carlos Pera, director general de Aeromundo. Pera tiene m\u00e1s de 40 a\u00f1os en el turismo, ex presidente de la Asociaci\u00f3n Uruguaya de Agencias&nbsp; de Viajes, ex vice presidente de la C\u00e1mara Uruguaya de Turismo, trabaj\u00f3 en varias aerol\u00edneas internacionales, pas\u00f3 por turismo terrestre y el mar\u00edtimo. Nos habl\u00f3 de su mayorista y de muchos detalles de este mundo fascinante.<\/p>\n\n\n\n<p>\u00abAeromundo nace en el a\u00f1o 1993, en ese momento se llamaba Contacto Turismo. Enseguida nos comenzaron a dar representaciones de varios mayoristas y con mi se\u00f1ora decidimos que Contacto siguiera su camino de forma independiente como agencia de viajes minorista y en 2004 nace verdaderamente Aeromundo . Hace 30 a\u00f1os representamos a las principales operadoras del planeta: a Costa Cruceros, Europa Mundo Vacaciones que es un operador espa\u00f1ol, ATS que es un tour operador de las Islas Brit\u00e1nicas, a Master Group de Italia, a TUI que es mayor operador del mundo con compa\u00f1\u00edas de cruceros propias y tiene una aerol\u00ednea con 176 aviones m\u00e1s grandes inversiones en cadenas hoteleras. Nuestros clientes son las agencias de viajes ya que somos mayoristas\u00bb comenz\u00f3 comentando Carlos.&nbsp;<\/p>\n\n\n\n<p>\u00abPara el viajero uruguayo Europa sigue siendo el destino deseado sin dudas. En excursiones o destinos puntuales. Europa tiene dos grandes meses de demanda:mayo y setiembre, quien viaja en esas \u00e9pocas debe sacar los billetes a\u00e9reos con mucha anticipaci\u00f3n. En esa zafra los billetes a\u00e9reos duplican el valor que tienen normalmente. Las aerol\u00edneas publican sus tarifas con 11 meses de anticipaci\u00f3n.El pasajero uruguayo ha ido entendiendo con el correr del tiempo que el que antes reserva menos paga\u00bb. acot\u00f3 Pera<\/p>\n\n\n\n<p>\u00abOtro turismo fuerte del uruguayo es el del Caribe, el cl\u00e1sico 7 noches en un all inclusive. Los Estados Unidos por su parte consume distintos sectores de turismo: lugares de vacaciones como Miami, Orlando, Las Vegas, San Francisco, etc, pero adem\u00e1s el corporativo all\u00ed es muy importante con congresos, encuentros de empresas entre otros. Ac\u00e1 no tenemos una aerol\u00ednea directa desde Montevideo a cualquier ciudad de EEUU, American Airlines vuela a Miami en forma estacional de octubre a marzo, sino ser\u00eda con escalas\u00bb&nbsp;<\/p>\n\n\n\n<p>\u00abHoy el uruguayo se est\u00e1 acostumbrando a otra forma de vacacionar que son los Cruceros. En el a\u00f1o 1995 tomamos la representaci\u00f3n de Costa Cruceros, hasta ah\u00ed se vend\u00edan alrededor de 7 a 10 cruceros en la zafra. En la primer temporada nosotros vendimos 96 pasajeros para cruceros y de ah\u00ed le pusimos foco de introducir en el uruguayo esta manera de viajar. Daba la sensaci\u00f3n que en el crucero solo viajaba un p\u00fablico de lujo, hoy en d\u00eda se han hecho barcos de 7000 personas m\u00e1s 2000 de tripulaci\u00f3n lo que lleva a que con barcos m\u00e1s grandes se bajan los altos costos fijos que tienen estas ciudades flotantes. Hoy en d\u00eda cerramos con 5000 viajeros de diciembre a marzo en Costa Cruceros en donde tenemos mini cruceros de 3 noches y los cl\u00e1sicos de 8 noches llegando a R\u00edo de Janeiro. En esta \u00e9poca un crucero de 8 noches, visitando 5 destinos, incluidos 3 desayunos, 2 almuerzos, 2 cenas y meriendas, con un show diferente todas las noches, con 6 mil metros de spa, casino, piscina, etc. sale aproximadamente 800 d\u00f3lares a pagar en cuotas. Sin dudas las vacaciones con la mejor relaci\u00f3n calidad-precio\u00bb concluye con entusiasmo Pera.<\/p>\n\n\n<div class=\"wp-block-image\">\n<figure class=\"aligncenter size-full\"><img data-recalc-dims=\"1\" decoding=\"async\" width=\"696\" height=\"392\" data-attachment-id=\"3149\" data-permalink=\"https:\/\/empresasyeventos.com.uy\/index.php\/2024\/09\/03\/aeromundo-el-mundo-del-turismo-al-alcance-de-todos\/favolosa-frente-barco\/\" data-orig-file=\"https:\/\/i0.wp.com\/empresasyeventos.com.uy\/wp-content\/uploads\/2024\/09\/Favolosa-frente-barco.jpg?fit=800%2C450&amp;ssl=1\" data-orig-size=\"800,450\" data-comments-opened=\"0\" data-image-meta=\"{&quot;aperture&quot;:&quot;0&quot;,&quot;credit&quot;:&quot;&quot;,&quot;camera&quot;:&quot;&quot;,&quot;caption&quot;:&quot;&quot;,&quot;created_timestamp&quot;:&quot;0&quot;,&quot;copyright&quot;:&quot;&quot;,&quot;focal_length&quot;:&quot;0&quot;,&quot;iso&quot;:&quot;0&quot;,&quot;shutter_speed&quot;:&quot;0&quot;,&quot;title&quot;:&quot;&quot;,&quot;orientation&quot;:&quot;0&quot;}\" data-image-title=\"Favolosa frente barco\" data-image-description=\"\" data-image-caption=\"\" data-large-file=\"https:\/\/i0.wp.com\/empresasyeventos.com.uy\/wp-content\/uploads\/2024\/09\/Favolosa-frente-barco.jpg?fit=800%2C450&amp;ssl=1\" src=\"https:\/\/i0.wp.com\/empresasyeventos.com.uy\/wp-content\/uploads\/2024\/09\/Favolosa-frente-barco.jpg?resize=696%2C392&#038;ssl=1\" alt=\"\" class=\"wp-image-3149\" srcset=\"https:\/\/i0.wp.com\/empresasyeventos.com.uy\/wp-content\/uploads\/2024\/09\/Favolosa-frente-barco.jpg?w=800&amp;ssl=1 800w, https:\/\/i0.wp.com\/empresasyeventos.com.uy\/wp-content\/uploads\/2024\/09\/Favolosa-frente-barco.jpg?resize=768%2C432&amp;ssl=1 768w, https:\/\/i0.wp.com\/empresasyeventos.com.uy\/wp-content\/uploads\/2024\/09\/Favolosa-frente-barco.jpg?resize=150%2C84&amp;ssl=1 150w, https:\/\/i0.wp.com\/empresasyeventos.com.uy\/wp-content\/uploads\/2024\/09\/Favolosa-frente-barco.jpg?resize=300%2C169&amp;ssl=1 300w, https:\/\/i0.wp.com\/empresasyeventos.com.uy\/wp-content\/uploads\/2024\/09\/Favolosa-frente-barco.jpg?resize=696%2C392&amp;ssl=1 696w\" sizes=\"(max-width: 696px) 100vw, 696px\" \/><\/figure>\n<\/div>","protected":false},"excerpt":{"rendered":"<p>El mundo del turismo es cada vez m\u00e1s importante en el mundo y tambi\u00e9n en el Uruguay. Dialogamos de este tema con Carlos Pera, director general de Aeromundo. Pera tiene [&hellip;]<\/p>\n","protected":false},"author":1,"featured_media":3148,"comment_status":"closed","ping_status":"open","sticky":false,"template":"","format":"standard","meta":{"_exactmetrics_skip_tracking":false,"_exactmetrics_sitenote_active":false,"_exactmetrics_sitenote_note":"","_exactmetrics_sitenote_category":0,"_jetpack_memberships_contains_paid_content":false,"footnotes":"","jetpack_publicize_message":"","jetpack_publicize_feature_enabled":true,"jetpack_social_post_already_shared":true,"jetpack_social_options":{"image_generator_settings":{"template":"highway","default_image_id":0,"font":"","enabled":false},"version":2}},"categories":[58],"tags":[],"class_list":["post-3147","post","type-post","status-publish","format-standard","has-post-thumbnail","category-buen-vivir"],"yoast_head":"<!-- This site is optimized with the Yoast SEO plugin v27.5 - https:\/\/yoast.com\/product\/yoast-seo-wordpress\/ -->\n<title>Aeromundo, el mundo del turismo al alcance de todos\u00a0 - Empresas &amp; Eventos<\/title>\n<meta name=\"robots\" content=\"index, follow, max-snippet:-1, max-image-preview:large, max-video-preview:-1\" \/>\n<link rel=\"canonical\" href=\"https:\/\/empresasyeventos.com.uy\/index.php\/2024\/09\/03\/aeromundo-el-mundo-del-turismo-al-alcance-de-todos\/\" \/>\n<meta property=\"og:locale\" content=\"es_ES\" \/>\n<meta property=\"og:type\" content=\"article\" \/>\n<meta property=\"og:title\" content=\"Aeromundo, el mundo del turismo al alcance de todos\u00a0 - Empresas &amp; Eventos\" \/>\n<meta property=\"og:description\" content=\"El mundo del turismo es cada vez m\u00e1s importante en el mundo y tambi\u00e9n en el Uruguay. Dialogamos de este tema con Carlos Pera, director general de Aeromundo. Pera tiene [&hellip;]\" \/>\n<meta property=\"og:url\" content=\"https:\/\/empresasyeventos.com.uy\/index.php\/2024\/09\/03\/aeromundo-el-mundo-del-turismo-al-alcance-de-todos\/\" \/>\n<meta property=\"og:site_name\" content=\"Empresas &amp; Eventos\" \/>\n<meta property=\"article:published_time\" content=\"2024-09-03T00:09:54+00:00\" \/>\n<meta property=\"article:modified_time\" content=\"2024-09-03T00:09:56+00:00\" \/>\n<meta property=\"og:image\" content=\"http:\/\/empresasyeventos.com.uy\/wp-content\/uploads\/2024\/09\/Carlos-Pera-e1725321572916.jpeg\" \/>\n\t<meta property=\"og:image:width\" content=\"800\" \/>\n\t<meta property=\"og:image:height\" content=\"702\" \/>\n\t<meta property=\"og:image:type\" content=\"image\/jpeg\" \/>\n<meta name=\"author\" content=\"Alvaro\" \/>\n<meta name=\"twitter:card\" content=\"summary_large_image\" \/>\n<meta name=\"twitter:label1\" content=\"Escrito por\" \/>\n\t<meta name=\"twitter:data1\" content=\"Alvaro\" \/>\n\t<meta name=\"twitter:label2\" content=\"Tiempo de lectura\" \/>\n\t<meta name=\"twitter:data2\" content=\"3 minutos\" \/>\n<script type=\"application\/ld+json\" class=\"yoast-schema-graph\">{\"@context\":\"https:\\\/\\\/schema.org\",\"@graph\":[{\"@type\":\"Article\",\"@id\":\"https:\\\/\\\/empresasyeventos.com.uy\\\/index.php\\\/2024\\\/09\\\/03\\\/aeromundo-el-mundo-del-turismo-al-alcance-de-todos\\\/#article\",\"isPartOf\":{\"@id\":\"https:\\\/\\\/empresasyeventos.com.uy\\\/index.php\\\/2024\\\/09\\\/03\\\/aeromundo-el-mundo-del-turismo-al-alcance-de-todos\\\/\"},\"author\":{\"name\":\"Alvaro\",\"@id\":\"https:\\\/\\\/empresasyeventos.com.uy\\\/#\\\/schema\\\/person\\\/bad32f4c82dc0dcc552d9c237c4eabe2\"},\"headline\":\"Aeromundo, el mundo del turismo al alcance de todos\u00a0\",\"datePublished\":\"2024-09-03T00:09:54+00:00\",\"dateModified\":\"2024-09-03T00:09:56+00:00\",\"mainEntityOfPage\":{\"@id\":\"https:\\\/\\\/empresasyeventos.com.uy\\\/index.php\\\/2024\\\/09\\\/03\\\/aeromundo-el-mundo-del-turismo-al-alcance-de-todos\\\/\"},\"wordCount\":596,\"image\":{\"@id\":\"https:\\\/\\\/empresasyeventos.com.uy\\\/index.php\\\/2024\\\/09\\\/03\\\/aeromundo-el-mundo-del-turismo-al-alcance-de-todos\\\/#primaryimage\"},\"thumbnailUrl\":\"https:\\\/\\\/i0.wp.com\\\/empresasyeventos.com.uy\\\/wp-content\\\/uploads\\\/2024\\\/09\\\/Carlos-Pera-e1725321572916.jpeg?fit=800%2C702&ssl=1\",\"articleSection\":[\"Buen Vivir\"],\"inLanguage\":\"es\"},{\"@type\":\"WebPage\",\"@id\":\"https:\\\/\\\/empresasyeventos.com.uy\\\/index.php\\\/2024\\\/09\\\/03\\\/aeromundo-el-mundo-del-turismo-al-alcance-de-todos\\\/\",\"url\":\"https:\\\/\\\/empresasyeventos.com.uy\\\/index.php\\\/2024\\\/09\\\/03\\\/aeromundo-el-mundo-del-turismo-al-alcance-de-todos\\\/\",\"name\":\"Aeromundo, el mundo del turismo al alcance de todos\u00a0 - Empresas &amp; Eventos\",\"isPartOf\":{\"@id\":\"https:\\\/\\\/empresasyeventos.com.uy\\\/#website\"},\"primaryImageOfPage\":{\"@id\":\"https:\\\/\\\/empresasyeventos.com.uy\\\/index.php\\\/2024\\\/09\\\/03\\\/aeromundo-el-mundo-del-turismo-al-alcance-de-todos\\\/#primaryimage\"},\"image\":{\"@id\":\"https:\\\/\\\/empresasyeventos.com.uy\\\/index.php\\\/2024\\\/09\\\/03\\\/aeromundo-el-mundo-del-turismo-al-alcance-de-todos\\\/#primaryimage\"},\"thumbnailUrl\":\"https:\\\/\\\/i0.wp.com\\\/empresasyeventos.com.uy\\\/wp-content\\\/uploads\\\/2024\\\/09\\\/Carlos-Pera-e1725321572916.jpeg?fit=800%2C702&ssl=1\",\"datePublished\":\"2024-09-03T00:09:54+00:00\",\"dateModified\":\"2024-09-03T00:09:56+00:00\",\"author\":{\"@id\":\"https:\\\/\\\/empresasyeventos.com.uy\\\/#\\\/schema\\\/person\\\/bad32f4c82dc0dcc552d9c237c4eabe2\"},\"breadcrumb\":{\"@id\":\"https:\\\/\\\/empresasyeventos.com.uy\\\/index.php\\\/2024\\\/09\\\/03\\\/aeromundo-el-mundo-del-turismo-al-alcance-de-todos\\\/#breadcrumb\"},\"inLanguage\":\"es\",\"potentialAction\":[{\"@type\":\"ReadAction\",\"target\":[\"https:\\\/\\\/empresasyeventos.com.uy\\\/index.php\\\/2024\\\/09\\\/03\\\/aeromundo-el-mundo-del-turismo-al-alcance-de-todos\\\/\"]}]},{\"@type\":\"ImageObject\",\"inLanguage\":\"es\",\"@id\":\"https:\\\/\\\/empresasyeventos.com.uy\\\/index.php\\\/2024\\\/09\\\/03\\\/aeromundo-el-mundo-del-turismo-al-alcance-de-todos\\\/#primaryimage\",\"url\":\"https:\\\/\\\/i0.wp.com\\\/empresasyeventos.com.uy\\\/wp-content\\\/uploads\\\/2024\\\/09\\\/Carlos-Pera-e1725321572916.jpeg?fit=800%2C702&ssl=1\",\"contentUrl\":\"https:\\\/\\\/i0.wp.com\\\/empresasyeventos.com.uy\\\/wp-content\\\/uploads\\\/2024\\\/09\\\/Carlos-Pera-e1725321572916.jpeg?fit=800%2C702&ssl=1\",\"width\":800,\"height\":702},{\"@type\":\"BreadcrumbList\",\"@id\":\"https:\\\/\\\/empresasyeventos.com.uy\\\/index.php\\\/2024\\\/09\\\/03\\\/aeromundo-el-mundo-del-turismo-al-alcance-de-todos\\\/#breadcrumb\",\"itemListElement\":[{\"@type\":\"ListItem\",\"position\":1,\"name\":\"Home\",\"item\":\"https:\\\/\\\/empresasyeventos.com.uy\\\/\"},{\"@type\":\"ListItem\",\"position\":2,\"name\":\"Aeromundo, el mundo del turismo al alcance de todos\u00a0\"}]},{\"@type\":\"WebSite\",\"@id\":\"https:\\\/\\\/empresasyeventos.com.uy\\\/#website\",\"url\":\"https:\\\/\\\/empresasyeventos.com.uy\\\/\",\"name\":\"Empresas &amp; Eventos\",\"description\":\"Portal de noticias de Empresas y Eventos\",\"potentialAction\":[{\"@type\":\"SearchAction\",\"target\":{\"@type\":\"EntryPoint\",\"urlTemplate\":\"https:\\\/\\\/empresasyeventos.com.uy\\\/?s={search_term_string}\"},\"query-input\":{\"@type\":\"PropertyValueSpecification\",\"valueRequired\":true,\"valueName\":\"search_term_string\"}}],\"inLanguage\":\"es\"},{\"@type\":\"Person\",\"@id\":\"https:\\\/\\\/empresasyeventos.com.uy\\\/#\\\/schema\\\/person\\\/bad32f4c82dc0dcc552d9c237c4eabe2\",\"name\":\"Alvaro\",\"image\":{\"@type\":\"ImageObject\",\"inLanguage\":\"es\",\"@id\":\"https:\\\/\\\/empresasyeventos.com.uy\\\/wp-content\\\/litespeed\\\/avatar\\\/02be975608cf76e8c82ab3130f64f4e1.jpg?ver=1777400938\",\"url\":\"https:\\\/\\\/empresasyeventos.com.uy\\\/wp-content\\\/litespeed\\\/avatar\\\/02be975608cf76e8c82ab3130f64f4e1.jpg?ver=1777400938\",\"contentUrl\":\"https:\\\/\\\/empresasyeventos.com.uy\\\/wp-content\\\/litespeed\\\/avatar\\\/02be975608cf76e8c82ab3130f64f4e1.jpg?ver=1777400938\",\"caption\":\"Alvaro\"},\"url\":\"https:\\\/\\\/empresasyeventos.com.uy\\\/index.php\\\/author\\\/alvaro\\\/\"}]}<\/script>\n<!-- \/ Yoast SEO plugin. -->","yoast_head_json":{"title":"Aeromundo, el mundo del turismo al alcance de todos\u00a0 - Empresas &amp; Eventos","robots":{"index":"index","follow":"follow","max-snippet":"max-snippet:-1","max-image-preview":"max-image-preview:large","max-video-preview":"max-video-preview:-1"},"canonical":"https:\/\/empresasyeventos.com.uy\/index.php\/2024\/09\/03\/aeromundo-el-mundo-del-turismo-al-alcance-de-todos\/","og_locale":"es_ES","og_type":"article","og_title":"Aeromundo, el mundo del turismo al alcance de todos\u00a0 - Empresas &amp; Eventos","og_description":"El mundo del turismo es cada vez m\u00e1s importante en el mundo y tambi\u00e9n en el Uruguay. Dialogamos de este tema con Carlos Pera, director general de Aeromundo. Pera tiene [&hellip;]","og_url":"https:\/\/empresasyeventos.com.uy\/index.php\/2024\/09\/03\/aeromundo-el-mundo-del-turismo-al-alcance-de-todos\/","og_site_name":"Empresas &amp; Eventos","article_published_time":"2024-09-03T00:09:54+00:00","article_modified_time":"2024-09-03T00:09:56+00:00","og_image":[{"width":800,"height":702,"url":"http:\/\/empresasyeventos.com.uy\/wp-content\/uploads\/2024\/09\/Carlos-Pera-e1725321572916.jpeg","type":"image\/jpeg"}],"author":"Alvaro","twitter_card":"summary_large_image","twitter_misc":{"Escrito por":"Alvaro","Tiempo de lectura":"3 minutos"},"schema":{"@context":"https:\/\/schema.org","@graph":[{"@type":"Article","@id":"https:\/\/empresasyeventos.com.uy\/index.php\/2024\/09\/03\/aeromundo-el-mundo-del-turismo-al-alcance-de-todos\/#article","isPartOf":{"@id":"https:\/\/empresasyeventos.com.uy\/index.php\/2024\/09\/03\/aeromundo-el-mundo-del-turismo-al-alcance-de-todos\/"},"author":{"name":"Alvaro","@id":"https:\/\/empresasyeventos.com.uy\/#\/schema\/person\/bad32f4c82dc0dcc552d9c237c4eabe2"},"headline":"Aeromundo, el mundo del turismo al alcance de todos\u00a0","datePublished":"2024-09-03T00:09:54+00:00","dateModified":"2024-09-03T00:09:56+00:00","mainEntityOfPage":{"@id":"https:\/\/empresasyeventos.com.uy\/index.php\/2024\/09\/03\/aeromundo-el-mundo-del-turismo-al-alcance-de-todos\/"},"wordCount":596,"image":{"@id":"https:\/\/empresasyeventos.com.uy\/index.php\/2024\/09\/03\/aeromundo-el-mundo-del-turismo-al-alcance-de-todos\/#primaryimage"},"thumbnailUrl":"https:\/\/i0.wp.com\/empresasyeventos.com.uy\/wp-content\/uploads\/2024\/09\/Carlos-Pera-e1725321572916.jpeg?fit=800%2C702&ssl=1","articleSection":["Buen Vivir"],"inLanguage":"es"},{"@type":"WebPage","@id":"https:\/\/empresasyeventos.com.uy\/index.php\/2024\/09\/03\/aeromundo-el-mundo-del-turismo-al-alcance-de-todos\/","url":"https:\/\/empresasyeventos.com.uy\/index.php\/2024\/09\/03\/aeromundo-el-mundo-del-turismo-al-alcance-de-todos\/","name":"Aeromundo, el mundo del turismo al alcance de todos\u00a0 - Empresas &amp; Eventos","isPartOf":{"@id":"https:\/\/empresasyeventos.com.uy\/#website"},"primaryImageOfPage":{"@id":"https:\/\/empresasyeventos.com.uy\/index.php\/2024\/09\/03\/aeromundo-el-mundo-del-turismo-al-alcance-de-todos\/#primaryimage"},"image":{"@id":"https:\/\/empresasyeventos.com.uy\/index.php\/2024\/09\/03\/aeromundo-el-mundo-del-turismo-al-alcance-de-todos\/#primaryimage"},"thumbnailUrl":"https:\/\/i0.wp.com\/empresasyeventos.com.uy\/wp-content\/uploads\/2024\/09\/Carlos-Pera-e1725321572916.jpeg?fit=800%2C702&ssl=1","datePublished":"2024-09-03T00:09:54+00:00","dateModified":"2024-09-03T00:09:56+00:00","author":{"@id":"https:\/\/empresasyeventos.com.uy\/#\/schema\/person\/bad32f4c82dc0dcc552d9c237c4eabe2"},"breadcrumb":{"@id":"https:\/\/empresasyeventos.com.uy\/index.php\/2024\/09\/03\/aeromundo-el-mundo-del-turismo-al-alcance-de-todos\/#breadcrumb"},"inLanguage":"es","potentialAction":[{"@type":"ReadAction","target":["https:\/\/empresasyeventos.com.uy\/index.php\/2024\/09\/03\/aeromundo-el-mundo-del-turismo-al-alcance-de-todos\/"]}]},{"@type":"ImageObject","inLanguage":"es","@id":"https:\/\/empresasyeventos.com.uy\/index.php\/2024\/09\/03\/aeromundo-el-mundo-del-turismo-al-alcance-de-todos\/#primaryimage","url":"https:\/\/i0.wp.com\/empresasyeventos.com.uy\/wp-content\/uploads\/2024\/09\/Carlos-Pera-e1725321572916.jpeg?fit=800%2C702&ssl=1","contentUrl":"https:\/\/i0.wp.com\/empresasyeventos.com.uy\/wp-content\/uploads\/2024\/09\/Carlos-Pera-e1725321572916.jpeg?fit=800%2C702&ssl=1","width":800,"height":702},{"@type":"BreadcrumbList","@id":"https:\/\/empresasyeventos.com.uy\/index.php\/2024\/09\/03\/aeromundo-el-mundo-del-turismo-al-alcance-de-todos\/#breadcrumb","itemListElement":[{"@type":"ListItem","position":1,"name":"Home","item":"https:\/\/empresasyeventos.com.uy\/"},{"@type":"ListItem","position":2,"name":"Aeromundo, el mundo del turismo al alcance de todos\u00a0"}]},{"@type":"WebSite","@id":"https:\/\/empresasyeventos.com.uy\/#website","url":"https:\/\/empresasyeventos.com.uy\/","name":"Empresas &amp; Eventos","description":"Portal de noticias de Empresas y Eventos","potentialAction":[{"@type":"SearchAction","target":{"@type":"EntryPoint","urlTemplate":"https:\/\/empresasyeventos.com.uy\/?s={search_term_string}"},"query-input":{"@type":"PropertyValueSpecification","valueRequired":true,"valueName":"search_term_string"}}],"inLanguage":"es"},{"@type":"Person","@id":"https:\/\/empresasyeventos.com.uy\/#\/schema\/person\/bad32f4c82dc0dcc552d9c237c4eabe2","name":"Alvaro","image":{"@type":"ImageObject","inLanguage":"es","@id":"https:\/\/empresasyeventos.com.uy\/wp-content\/litespeed\/avatar\/02be975608cf76e8c82ab3130f64f4e1.jpg?ver=1777400938","url":"https:\/\/empresasyeventos.com.uy\/wp-content\/litespeed\/avatar\/02be975608cf76e8c82ab3130f64f4e1.jpg?ver=1777400938","contentUrl":"https:\/\/empresasyeventos.com.uy\/wp-content\/litespeed\/avatar\/02be975608cf76e8c82ab3130f64f4e1.jpg?ver=1777400938","caption":"Alvaro"},"url":"https:\/\/empresasyeventos.com.uy\/index.php\/author\/alvaro\/"}]}},"jetpack_publicize_connections":[],"jetpack_featured_media_url":"https:\/\/i0.wp.com\/empresasyeventos.com.uy\/wp-content\/uploads\/2024\/09\/Carlos-Pera-e1725321572916.jpeg?fit=800%2C702&ssl=1","jetpack_sharing_enabled":true,"_links":{"self":[{"href":"https:\/\/empresasyeventos.com.uy\/index.php\/wp-json\/wp\/v2\/posts\/3147","targetHints":{"allow":["GET"]}}],"collection":[{"href":"https:\/\/empresasyeventos.com.uy\/index.php\/wp-json\/wp\/v2\/posts"}],"about":[{"href":"https:\/\/empresasyeventos.com.uy\/index.php\/wp-json\/wp\/v2\/types\/post"}],"author":[{"embeddable":true,"href":"https:\/\/empresasyeventos.com.uy\/index.php\/wp-json\/wp\/v2\/users\/1"}],"replies":[{"embeddable":true,"href":"https:\/\/empresasyeventos.com.uy\/index.php\/wp-json\/wp\/v2\/comments?post=3147"}],"version-history":[{"count":1,"href":"https:\/\/empresasyeventos.com.uy\/index.php\/wp-json\/wp\/v2\/posts\/3147\/revisions"}],"predecessor-version":[{"id":3150,"href":"https:\/\/empresasyeventos.com.uy\/index.php\/wp-json\/wp\/v2\/posts\/3147\/revisions\/3150"}],"wp:featuredmedia":[{"embeddable":true,"href":"https:\/\/empresasyeventos.com.uy\/index.php\/wp-json\/wp\/v2\/media\/3148"}],"wp:attachment":[{"href":"https:\/\/empresasyeventos.com.uy\/index.php\/wp-json\/wp\/v2\/media?parent=3147"}],"wp:term":[{"taxonomy":"category","embeddable":true,"href":"https:\/\/empresasyeventos.com.uy\/index.php\/wp-json\/wp\/v2\/categories?post=3147"},{"taxonomy":"post_tag","embeddable":true,"href":"https:\/\/empresasyeventos.com.uy\/index.php\/wp-json\/wp\/v2\/tags?post=3147"}],"curies":[{"name":"wp","href":"https:\/\/api.w.org\/{rel}","templated":true}]}}