{"id":3091,"date":"2024-07-16T15:09:46","date_gmt":"2024-07-16T13:09:46","guid":{"rendered":"https:\/\/empresasyeventos.com.uy\/?p=3091"},"modified":"2024-07-16T15:09:49","modified_gmt":"2024-07-16T13:09:49","slug":"palacio-taranco-una-joya-en-montevideo","status":"publish","type":"post","link":"https:\/\/empresasyeventos.com.uy\/index.php\/2024\/07\/16\/palacio-taranco-una-joya-en-montevideo\/","title":{"rendered":"Palacio Taranco, una joya en Montevideo"},"content":{"rendered":"\n<p>Montevideo tiene lugares realmente incre\u00edbles, entre ellos hasta Palacios. Como muestra tenemos el Palacio Taranco donde hoy funciona el Museo de Artes Decorativas frente a la Plaza Zabala en la Ciudad Vieja, un lugar de ensue\u00f1o. Empresas y Eventos dialog\u00f3 con la&nbsp;Arquitecta Micaela Villalba directora del Museo de Artes Decorativas desde hace 10 a\u00f1os para que nos cuente de esta joya.<\/p>\n\n\n\n<p><strong>C\u00f3mo nace el Palacio Taranco?<\/strong><\/p>\n\n\n\n<p>El Palacio Taranco fue constru\u00eddo a principios del siglo XX por la familia Ortiz de Taranco, una familia muy numerosa de 9 hijos. Compran este predio de una manzana entera frente a la Plaza Zabala y eval\u00faan que arquitectos les har\u00eda el proyecto de su vivienda. En principio no les conforman ninguna de los que se encuentran en el pa\u00eds y encargan el proyecto a los arquitectos franceses&nbsp; Girault (quien tiene entre sus obras el Petit Palais de Par\u00eds) y Chifflot&nbsp;en 1907. Los arquitectos enviaron 72 planos manuscritos y una serie de 29 acuarelas con indicaciones para la ornamentaci\u00f3n todo por barco. Si bien no se siguieron las indicaciones al pie de la letra, los hermanos Taranco tuvieron en cuenta tambi\u00e9n las recomendaciones de los arquitectos a la hora de adquirir el mobiliario, los adornos y obras de arte.Los pisos son de roble trabado estilo Versalles, las bocas de las estufas, las columnatas y las jardineras son de m\u00e1rmoles de G\u00e9nova. Todo el alhajamiento interior fue realizado por la Maison Krieger de Par\u00eds y aprobada por los arquitectos. El edificio, resuelto en forma de tri\u00e1ngulo, presenta un conjunto de fachadas de estilo ecl\u00e9ctico cercano al Luis XVI.<\/p>\n\n\n\n<p><strong>Es una casa muy grande&#8230;<\/strong><\/p>\n\n\n\n<p>Si, son 2000 metros cuadrados constru\u00eddos. El&nbsp; Palacio est\u00e1 desarrollado en tres plantas, comprende una planta baja social, una planta alta de uso privado, una terraza, un mirador y un subsuelo de servicios, donde se encontraban salas de gimnasia y saunas. El acceso fue concebido con una elegante rotonda para carruajes en la esquina de las calles 1.\u00ba de Mayo y 25 de Mayo. En el interior, una escalera de m\u00e1rmol comunica con el vest\u00edbulo y los salones, que incluyen un gran sal\u00f3n principal, el comedor, el sal\u00f3n de fumar, la sala de billar y la biblioteca.La planta alta, destinada a habitaci\u00f3n, estaba compuesta por tres apartamentos independientes. El principal contiguo a la escalinata principal con una amplia antec\u00e1mara y otros dos en conexi\u00f3n directa. El departamento de servicio, integrado por cuatro plantas relacionadas por una escalera, inclu\u00eda la cocina, dos comedores, lavadero, sala de planchado, ba\u00f1os y seis dormitorios. La residencia fue habitada por la familia Ortiz de Taranco hasta el a\u00f1o 1940. Ah\u00ed empezaron las tratativas de venta al Estado, que la adquiri\u00f3 en 1943 junto con el mobiliario. La familia don\u00f3 las obras de arte con el expreso prop\u00f3sito de que se destinara el edificio y la colecci\u00f3n a la constituci\u00f3n del Museo de Artes Decorativas.&nbsp;<\/p>\n\n\n\n<p><strong>El Museo posee obras de gran valor patrimonial, cuales ser\u00edan buenas de destacar?<\/strong><\/p>\n\n\n\n<p>Hay muchas cosas de gran valor por ejemplo hay una colecci\u00f3n de cartas y una colecci\u00f3n de acuarelas con todo el alhajamiento y muebles. es como una obra de arte en si mismo con todos los detalles. es de un valor patrimonial incre\u00edble. Las colecciones son incre\u00edbles tanto en pinturas, esculturas y tapices. Tenemos en el Museo mucha pintura espa\u00f1ola. Destaco obras de Joaqu\u00edn Sorolla como el \u00abAgua\u00bb, de Ignacio Zuloaga \u00abPastor M\u00edstico\u00bb y en escultura \u00abLa Bailaora\u00bb de Mariano Benlliure. Otra pieza a destacar es un tapiz que se pens\u00f3 para la escalera que es una reproducci\u00f3n de las lanzas de Diego Vel\u00e1zquez que mide casi 15 metros cuadrados y fue hecho por la Real F\u00e1brica de Tapices de Madrid.<\/p>\n\n\n\n<p><strong>Villalba que nos puede contar del Museo?<\/strong><\/p>\n\n\n\n<p>Siempre tenemos muchas actividades. El museo de Artes Decorativas es el segundo museo m\u00e1s visitado de la ciudad tanto por locales como por extranjeros. Aparte de las colecciones de la familia en la d\u00e9cada del 70 el gobierno expone una colecci\u00f3n arque\u00f3logica basada en donaciones con piezas de distintos or\u00edgenes. Otra novedad es que tenemos pensado habilitar algunas de las dependencias de servicio de la casa para mostrarlas. Una cosa muy ponderada por los visitantes es el acceso por la Plaza Zabala, entrando por el jard\u00edn. Estamos tratando d\u00eda a d\u00eda acercarnos m\u00e1s a la gente y traer a diferentes p\u00fablicos.<\/p>\n\n\n\n<p>El Palacio Taranco, o Museo de Artes Decorativas bien vale visitarlo.<\/p>\n\n\n\n<figure class=\"wp-block-gallery has-nested-images columns-default is-cropped wp-block-gallery-1 is-layout-flex wp-block-gallery-is-layout-flex\">\n<figure class=\"wp-block-image size-large\"><img data-recalc-dims=\"1\" decoding=\"async\" width=\"696\" height=\"928\" data-attachment-id=\"3095\" data-permalink=\"https:\/\/empresasyeventos.com.uy\/index.php\/2024\/07\/16\/palacio-taranco-una-joya-en-montevideo\/museo-de-artes-decorativas\/\" data-orig-file=\"https:\/\/i0.wp.com\/empresasyeventos.com.uy\/wp-content\/uploads\/2024\/07\/Museo-de-Artes-Decorativas.jpeg?fit=800%2C1067&amp;ssl=1\" data-orig-size=\"800,1067\" data-comments-opened=\"0\" data-image-meta=\"{&quot;aperture&quot;:&quot;0&quot;,&quot;credit&quot;:&quot;&quot;,&quot;camera&quot;:&quot;&quot;,&quot;caption&quot;:&quot;&quot;,&quot;created_timestamp&quot;:&quot;0&quot;,&quot;copyright&quot;:&quot;&quot;,&quot;focal_length&quot;:&quot;0&quot;,&quot;iso&quot;:&quot;0&quot;,&quot;shutter_speed&quot;:&quot;0&quot;,&quot;title&quot;:&quot;&quot;,&quot;orientation&quot;:&quot;0&quot;}\" data-image-title=\"Museo de Artes Decorativas\" data-image-description=\"\" data-image-caption=\"\" data-large-file=\"https:\/\/i0.wp.com\/empresasyeventos.com.uy\/wp-content\/uploads\/2024\/07\/Museo-de-Artes-Decorativas.jpeg?fit=800%2C1067&amp;ssl=1\" data-id=\"3095\" src=\"https:\/\/i0.wp.com\/empresasyeventos.com.uy\/wp-content\/uploads\/2024\/07\/Museo-de-Artes-Decorativas.jpeg?resize=696%2C928&#038;ssl=1\" alt=\"\" class=\"wp-image-3095\" srcset=\"https:\/\/i0.wp.com\/empresasyeventos.com.uy\/wp-content\/uploads\/2024\/07\/Museo-de-Artes-Decorativas.jpeg?w=800&amp;ssl=1 800w, https:\/\/i0.wp.com\/empresasyeventos.com.uy\/wp-content\/uploads\/2024\/07\/Museo-de-Artes-Decorativas.jpeg?resize=768%2C1024&amp;ssl=1 768w, https:\/\/i0.wp.com\/empresasyeventos.com.uy\/wp-content\/uploads\/2024\/07\/Museo-de-Artes-Decorativas.jpeg?resize=150%2C200&amp;ssl=1 150w, https:\/\/i0.wp.com\/empresasyeventos.com.uy\/wp-content\/uploads\/2024\/07\/Museo-de-Artes-Decorativas.jpeg?resize=300%2C400&amp;ssl=1 300w, https:\/\/i0.wp.com\/empresasyeventos.com.uy\/wp-content\/uploads\/2024\/07\/Museo-de-Artes-Decorativas.jpeg?resize=696%2C928&amp;ssl=1 696w\" sizes=\"(max-width: 696px) 100vw, 696px\" \/><\/figure>\n\n\n\n<figure class=\"wp-block-image size-large\"><img data-recalc-dims=\"1\" decoding=\"async\" width=\"696\" height=\"464\" data-attachment-id=\"3093\" data-permalink=\"https:\/\/empresasyeventos.com.uy\/index.php\/2024\/07\/16\/palacio-taranco-una-joya-en-montevideo\/museo-de-artes-decorativas-2\/\" data-orig-file=\"https:\/\/i0.wp.com\/empresasyeventos.com.uy\/wp-content\/uploads\/2024\/07\/Museo-de-Artes-Decorativas-2.jpg?fit=800%2C533&amp;ssl=1\" data-orig-size=\"800,533\" data-comments-opened=\"0\" data-image-meta=\"{&quot;aperture&quot;:&quot;0&quot;,&quot;credit&quot;:&quot;&quot;,&quot;camera&quot;:&quot;&quot;,&quot;caption&quot;:&quot;&quot;,&quot;created_timestamp&quot;:&quot;0&quot;,&quot;copyright&quot;:&quot;&quot;,&quot;focal_length&quot;:&quot;0&quot;,&quot;iso&quot;:&quot;0&quot;,&quot;shutter_speed&quot;:&quot;0&quot;,&quot;title&quot;:&quot;&quot;,&quot;orientation&quot;:&quot;0&quot;}\" data-image-title=\"Museo de Artes Decorativas 2\" data-image-description=\"\" data-image-caption=\"\" data-large-file=\"https:\/\/i0.wp.com\/empresasyeventos.com.uy\/wp-content\/uploads\/2024\/07\/Museo-de-Artes-Decorativas-2.jpg?fit=800%2C533&amp;ssl=1\" data-id=\"3093\" src=\"https:\/\/i0.wp.com\/empresasyeventos.com.uy\/wp-content\/uploads\/2024\/07\/Museo-de-Artes-Decorativas-2.jpg?resize=696%2C464&#038;ssl=1\" alt=\"\" class=\"wp-image-3093\" srcset=\"https:\/\/i0.wp.com\/empresasyeventos.com.uy\/wp-content\/uploads\/2024\/07\/Museo-de-Artes-Decorativas-2.jpg?w=800&amp;ssl=1 800w, https:\/\/i0.wp.com\/empresasyeventos.com.uy\/wp-content\/uploads\/2024\/07\/Museo-de-Artes-Decorativas-2.jpg?resize=768%2C512&amp;ssl=1 768w, https:\/\/i0.wp.com\/empresasyeventos.com.uy\/wp-content\/uploads\/2024\/07\/Museo-de-Artes-Decorativas-2.jpg?resize=150%2C100&amp;ssl=1 150w, https:\/\/i0.wp.com\/empresasyeventos.com.uy\/wp-content\/uploads\/2024\/07\/Museo-de-Artes-Decorativas-2.jpg?resize=300%2C200&amp;ssl=1 300w, https:\/\/i0.wp.com\/empresasyeventos.com.uy\/wp-content\/uploads\/2024\/07\/Museo-de-Artes-Decorativas-2.jpg?resize=696%2C464&amp;ssl=1 696w\" sizes=\"(max-width: 696px) 100vw, 696px\" \/><\/figure>\n\n\n\n<figure class=\"wp-block-image size-large\"><img data-recalc-dims=\"1\" decoding=\"async\" width=\"696\" height=\"464\" data-attachment-id=\"3092\" data-permalink=\"https:\/\/empresasyeventos.com.uy\/index.php\/2024\/07\/16\/palacio-taranco-una-joya-en-montevideo\/museo-de-artes-decorativas-3\/\" data-orig-file=\"https:\/\/i0.wp.com\/empresasyeventos.com.uy\/wp-content\/uploads\/2024\/07\/Museo-de-Artes-Decorativas-3.jpg?fit=800%2C533&amp;ssl=1\" data-orig-size=\"800,533\" data-comments-opened=\"0\" data-image-meta=\"{&quot;aperture&quot;:&quot;0&quot;,&quot;credit&quot;:&quot;&quot;,&quot;camera&quot;:&quot;&quot;,&quot;caption&quot;:&quot;&quot;,&quot;created_timestamp&quot;:&quot;0&quot;,&quot;copyright&quot;:&quot;&quot;,&quot;focal_length&quot;:&quot;0&quot;,&quot;iso&quot;:&quot;0&quot;,&quot;shutter_speed&quot;:&quot;0&quot;,&quot;title&quot;:&quot;&quot;,&quot;orientation&quot;:&quot;0&quot;}\" data-image-title=\"Museo de Artes Decorativas 3\" data-image-description=\"\" data-image-caption=\"\" data-large-file=\"https:\/\/i0.wp.com\/empresasyeventos.com.uy\/wp-content\/uploads\/2024\/07\/Museo-de-Artes-Decorativas-3.jpg?fit=800%2C533&amp;ssl=1\" data-id=\"3092\" src=\"https:\/\/i0.wp.com\/empresasyeventos.com.uy\/wp-content\/uploads\/2024\/07\/Museo-de-Artes-Decorativas-3.jpg?resize=696%2C464&#038;ssl=1\" alt=\"\" class=\"wp-image-3092\" srcset=\"https:\/\/i0.wp.com\/empresasyeventos.com.uy\/wp-content\/uploads\/2024\/07\/Museo-de-Artes-Decorativas-3.jpg?w=800&amp;ssl=1 800w, https:\/\/i0.wp.com\/empresasyeventos.com.uy\/wp-content\/uploads\/2024\/07\/Museo-de-Artes-Decorativas-3.jpg?resize=768%2C512&amp;ssl=1 768w, https:\/\/i0.wp.com\/empresasyeventos.com.uy\/wp-content\/uploads\/2024\/07\/Museo-de-Artes-Decorativas-3.jpg?resize=150%2C100&amp;ssl=1 150w, https:\/\/i0.wp.com\/empresasyeventos.com.uy\/wp-content\/uploads\/2024\/07\/Museo-de-Artes-Decorativas-3.jpg?resize=300%2C200&amp;ssl=1 300w, https:\/\/i0.wp.com\/empresasyeventos.com.uy\/wp-content\/uploads\/2024\/07\/Museo-de-Artes-Decorativas-3.jpg?resize=696%2C464&amp;ssl=1 696w\" sizes=\"(max-width: 696px) 100vw, 696px\" \/><\/figure>\n<\/figure>\n","protected":false},"excerpt":{"rendered":"<p>Montevideo tiene lugares realmente incre\u00edbles, entre ellos hasta Palacios. Como muestra tenemos el Palacio Taranco donde hoy funciona el Museo de Artes Decorativas frente a la Plaza Zabala en la [&hellip;]<\/p>\n","protected":false},"author":1,"featured_media":3094,"comment_status":"closed","ping_status":"open","sticky":false,"template":"","format":"standard","meta":{"_exactmetrics_skip_tracking":false,"_exactmetrics_sitenote_active":false,"_exactmetrics_sitenote_note":"","_exactmetrics_sitenote_category":0,"_jetpack_memberships_contains_paid_content":false,"footnotes":"","jetpack_publicize_message":"","jetpack_publicize_feature_enabled":true,"jetpack_social_post_already_shared":true,"jetpack_social_options":{"image_generator_settings":{"template":"highway","default_image_id":0,"font":"","enabled":false},"version":2}},"categories":[58],"tags":[],"class_list":["post-3091","post","type-post","status-publish","format-standard","has-post-thumbnail","category-buen-vivir"],"yoast_head":"<!-- This site is optimized with the Yoast SEO plugin v27.5 - https:\/\/yoast.com\/product\/yoast-seo-wordpress\/ -->\n<title>Palacio Taranco, una joya en Montevideo - Empresas &amp; Eventos<\/title>\n<meta name=\"robots\" content=\"index, follow, max-snippet:-1, max-image-preview:large, max-video-preview:-1\" \/>\n<link rel=\"canonical\" href=\"https:\/\/empresasyeventos.com.uy\/index.php\/2024\/07\/16\/palacio-taranco-una-joya-en-montevideo\/\" \/>\n<meta property=\"og:locale\" content=\"es_ES\" \/>\n<meta property=\"og:type\" content=\"article\" \/>\n<meta property=\"og:title\" content=\"Palacio Taranco, una joya en Montevideo - Empresas &amp; Eventos\" \/>\n<meta property=\"og:description\" content=\"Montevideo tiene lugares realmente incre\u00edbles, entre ellos hasta Palacios. Como muestra tenemos el Palacio Taranco donde hoy funciona el Museo de Artes Decorativas frente a la Plaza Zabala en la [&hellip;]\" \/>\n<meta property=\"og:url\" content=\"https:\/\/empresasyeventos.com.uy\/index.php\/2024\/07\/16\/palacio-taranco-una-joya-en-montevideo\/\" \/>\n<meta property=\"og:site_name\" content=\"Empresas &amp; Eventos\" \/>\n<meta property=\"article:published_time\" content=\"2024-07-16T13:09:46+00:00\" \/>\n<meta property=\"article:modified_time\" content=\"2024-07-16T13:09:49+00:00\" \/>\n<meta property=\"og:image\" content=\"http:\/\/empresasyeventos.com.uy\/wp-content\/uploads\/2024\/07\/Museo-de-Artes-Decorativas-1.jpg\" \/>\n\t<meta property=\"og:image:width\" content=\"800\" \/>\n\t<meta property=\"og:image:height\" content=\"533\" \/>\n\t<meta property=\"og:image:type\" content=\"image\/jpeg\" \/>\n<meta name=\"author\" content=\"Alvaro\" \/>\n<meta name=\"twitter:card\" content=\"summary_large_image\" \/>\n<meta name=\"twitter:label1\" content=\"Escrito por\" \/>\n\t<meta name=\"twitter:data1\" content=\"Alvaro\" \/>\n\t<meta name=\"twitter:label2\" content=\"Tiempo de lectura\" \/>\n\t<meta name=\"twitter:data2\" content=\"5 minutos\" \/>\n<script type=\"application\/ld+json\" class=\"yoast-schema-graph\">{\"@context\":\"https:\\\/\\\/schema.org\",\"@graph\":[{\"@type\":\"Article\",\"@id\":\"https:\\\/\\\/empresasyeventos.com.uy\\\/index.php\\\/2024\\\/07\\\/16\\\/palacio-taranco-una-joya-en-montevideo\\\/#article\",\"isPartOf\":{\"@id\":\"https:\\\/\\\/empresasyeventos.com.uy\\\/index.php\\\/2024\\\/07\\\/16\\\/palacio-taranco-una-joya-en-montevideo\\\/\"},\"author\":{\"name\":\"Alvaro\",\"@id\":\"https:\\\/\\\/empresasyeventos.com.uy\\\/#\\\/schema\\\/person\\\/bad32f4c82dc0dcc552d9c237c4eabe2\"},\"headline\":\"Palacio Taranco, una joya en Montevideo\",\"datePublished\":\"2024-07-16T13:09:46+00:00\",\"dateModified\":\"2024-07-16T13:09:49+00:00\",\"mainEntityOfPage\":{\"@id\":\"https:\\\/\\\/empresasyeventos.com.uy\\\/index.php\\\/2024\\\/07\\\/16\\\/palacio-taranco-una-joya-en-montevideo\\\/\"},\"wordCount\":784,\"image\":{\"@id\":\"https:\\\/\\\/empresasyeventos.com.uy\\\/index.php\\\/2024\\\/07\\\/16\\\/palacio-taranco-una-joya-en-montevideo\\\/#primaryimage\"},\"thumbnailUrl\":\"https:\\\/\\\/i0.wp.com\\\/empresasyeventos.com.uy\\\/wp-content\\\/uploads\\\/2024\\\/07\\\/Museo-de-Artes-Decorativas-1.jpg?fit=800%2C533&ssl=1\",\"articleSection\":[\"Buen Vivir\"],\"inLanguage\":\"es\"},{\"@type\":\"WebPage\",\"@id\":\"https:\\\/\\\/empresasyeventos.com.uy\\\/index.php\\\/2024\\\/07\\\/16\\\/palacio-taranco-una-joya-en-montevideo\\\/\",\"url\":\"https:\\\/\\\/empresasyeventos.com.uy\\\/index.php\\\/2024\\\/07\\\/16\\\/palacio-taranco-una-joya-en-montevideo\\\/\",\"name\":\"Palacio Taranco, una joya en Montevideo - Empresas &amp; Eventos\",\"isPartOf\":{\"@id\":\"https:\\\/\\\/empresasyeventos.com.uy\\\/#website\"},\"primaryImageOfPage\":{\"@id\":\"https:\\\/\\\/empresasyeventos.com.uy\\\/index.php\\\/2024\\\/07\\\/16\\\/palacio-taranco-una-joya-en-montevideo\\\/#primaryimage\"},\"image\":{\"@id\":\"https:\\\/\\\/empresasyeventos.com.uy\\\/index.php\\\/2024\\\/07\\\/16\\\/palacio-taranco-una-joya-en-montevideo\\\/#primaryimage\"},\"thumbnailUrl\":\"https:\\\/\\\/i0.wp.com\\\/empresasyeventos.com.uy\\\/wp-content\\\/uploads\\\/2024\\\/07\\\/Museo-de-Artes-Decorativas-1.jpg?fit=800%2C533&ssl=1\",\"datePublished\":\"2024-07-16T13:09:46+00:00\",\"dateModified\":\"2024-07-16T13:09:49+00:00\",\"author\":{\"@id\":\"https:\\\/\\\/empresasyeventos.com.uy\\\/#\\\/schema\\\/person\\\/bad32f4c82dc0dcc552d9c237c4eabe2\"},\"breadcrumb\":{\"@id\":\"https:\\\/\\\/empresasyeventos.com.uy\\\/index.php\\\/2024\\\/07\\\/16\\\/palacio-taranco-una-joya-en-montevideo\\\/#breadcrumb\"},\"inLanguage\":\"es\",\"potentialAction\":[{\"@type\":\"ReadAction\",\"target\":[\"https:\\\/\\\/empresasyeventos.com.uy\\\/index.php\\\/2024\\\/07\\\/16\\\/palacio-taranco-una-joya-en-montevideo\\\/\"]}]},{\"@type\":\"ImageObject\",\"inLanguage\":\"es\",\"@id\":\"https:\\\/\\\/empresasyeventos.com.uy\\\/index.php\\\/2024\\\/07\\\/16\\\/palacio-taranco-una-joya-en-montevideo\\\/#primaryimage\",\"url\":\"https:\\\/\\\/i0.wp.com\\\/empresasyeventos.com.uy\\\/wp-content\\\/uploads\\\/2024\\\/07\\\/Museo-de-Artes-Decorativas-1.jpg?fit=800%2C533&ssl=1\",\"contentUrl\":\"https:\\\/\\\/i0.wp.com\\\/empresasyeventos.com.uy\\\/wp-content\\\/uploads\\\/2024\\\/07\\\/Museo-de-Artes-Decorativas-1.jpg?fit=800%2C533&ssl=1\",\"width\":800,\"height\":533},{\"@type\":\"BreadcrumbList\",\"@id\":\"https:\\\/\\\/empresasyeventos.com.uy\\\/index.php\\\/2024\\\/07\\\/16\\\/palacio-taranco-una-joya-en-montevideo\\\/#breadcrumb\",\"itemListElement\":[{\"@type\":\"ListItem\",\"position\":1,\"name\":\"Home\",\"item\":\"https:\\\/\\\/empresasyeventos.com.uy\\\/\"},{\"@type\":\"ListItem\",\"position\":2,\"name\":\"Palacio Taranco, una joya en Montevideo\"}]},{\"@type\":\"WebSite\",\"@id\":\"https:\\\/\\\/empresasyeventos.com.uy\\\/#website\",\"url\":\"https:\\\/\\\/empresasyeventos.com.uy\\\/\",\"name\":\"Empresas &amp; Eventos\",\"description\":\"Portal de noticias de Empresas y Eventos\",\"potentialAction\":[{\"@type\":\"SearchAction\",\"target\":{\"@type\":\"EntryPoint\",\"urlTemplate\":\"https:\\\/\\\/empresasyeventos.com.uy\\\/?s={search_term_string}\"},\"query-input\":{\"@type\":\"PropertyValueSpecification\",\"valueRequired\":true,\"valueName\":\"search_term_string\"}}],\"inLanguage\":\"es\"},{\"@type\":\"Person\",\"@id\":\"https:\\\/\\\/empresasyeventos.com.uy\\\/#\\\/schema\\\/person\\\/bad32f4c82dc0dcc552d9c237c4eabe2\",\"name\":\"Alvaro\",\"image\":{\"@type\":\"ImageObject\",\"inLanguage\":\"es\",\"@id\":\"https:\\\/\\\/empresasyeventos.com.uy\\\/wp-content\\\/litespeed\\\/avatar\\\/02be975608cf76e8c82ab3130f64f4e1.jpg?ver=1777400938\",\"url\":\"https:\\\/\\\/empresasyeventos.com.uy\\\/wp-content\\\/litespeed\\\/avatar\\\/02be975608cf76e8c82ab3130f64f4e1.jpg?ver=1777400938\",\"contentUrl\":\"https:\\\/\\\/empresasyeventos.com.uy\\\/wp-content\\\/litespeed\\\/avatar\\\/02be975608cf76e8c82ab3130f64f4e1.jpg?ver=1777400938\",\"caption\":\"Alvaro\"},\"url\":\"https:\\\/\\\/empresasyeventos.com.uy\\\/index.php\\\/author\\\/alvaro\\\/\"}]}<\/script>\n<!-- \/ Yoast SEO plugin. -->","yoast_head_json":{"title":"Palacio Taranco, una joya en Montevideo - Empresas &amp; Eventos","robots":{"index":"index","follow":"follow","max-snippet":"max-snippet:-1","max-image-preview":"max-image-preview:large","max-video-preview":"max-video-preview:-1"},"canonical":"https:\/\/empresasyeventos.com.uy\/index.php\/2024\/07\/16\/palacio-taranco-una-joya-en-montevideo\/","og_locale":"es_ES","og_type":"article","og_title":"Palacio Taranco, una joya en Montevideo - Empresas &amp; Eventos","og_description":"Montevideo tiene lugares realmente incre\u00edbles, entre ellos hasta Palacios. Como muestra tenemos el Palacio Taranco donde hoy funciona el Museo de Artes Decorativas frente a la Plaza Zabala en la [&hellip;]","og_url":"https:\/\/empresasyeventos.com.uy\/index.php\/2024\/07\/16\/palacio-taranco-una-joya-en-montevideo\/","og_site_name":"Empresas &amp; Eventos","article_published_time":"2024-07-16T13:09:46+00:00","article_modified_time":"2024-07-16T13:09:49+00:00","og_image":[{"width":800,"height":533,"url":"http:\/\/empresasyeventos.com.uy\/wp-content\/uploads\/2024\/07\/Museo-de-Artes-Decorativas-1.jpg","type":"image\/jpeg"}],"author":"Alvaro","twitter_card":"summary_large_image","twitter_misc":{"Escrito por":"Alvaro","Tiempo de lectura":"5 minutos"},"schema":{"@context":"https:\/\/schema.org","@graph":[{"@type":"Article","@id":"https:\/\/empresasyeventos.com.uy\/index.php\/2024\/07\/16\/palacio-taranco-una-joya-en-montevideo\/#article","isPartOf":{"@id":"https:\/\/empresasyeventos.com.uy\/index.php\/2024\/07\/16\/palacio-taranco-una-joya-en-montevideo\/"},"author":{"name":"Alvaro","@id":"https:\/\/empresasyeventos.com.uy\/#\/schema\/person\/bad32f4c82dc0dcc552d9c237c4eabe2"},"headline":"Palacio Taranco, una joya en Montevideo","datePublished":"2024-07-16T13:09:46+00:00","dateModified":"2024-07-16T13:09:49+00:00","mainEntityOfPage":{"@id":"https:\/\/empresasyeventos.com.uy\/index.php\/2024\/07\/16\/palacio-taranco-una-joya-en-montevideo\/"},"wordCount":784,"image":{"@id":"https:\/\/empresasyeventos.com.uy\/index.php\/2024\/07\/16\/palacio-taranco-una-joya-en-montevideo\/#primaryimage"},"thumbnailUrl":"https:\/\/i0.wp.com\/empresasyeventos.com.uy\/wp-content\/uploads\/2024\/07\/Museo-de-Artes-Decorativas-1.jpg?fit=800%2C533&ssl=1","articleSection":["Buen Vivir"],"inLanguage":"es"},{"@type":"WebPage","@id":"https:\/\/empresasyeventos.com.uy\/index.php\/2024\/07\/16\/palacio-taranco-una-joya-en-montevideo\/","url":"https:\/\/empresasyeventos.com.uy\/index.php\/2024\/07\/16\/palacio-taranco-una-joya-en-montevideo\/","name":"Palacio Taranco, una joya en Montevideo - Empresas &amp; Eventos","isPartOf":{"@id":"https:\/\/empresasyeventos.com.uy\/#website"},"primaryImageOfPage":{"@id":"https:\/\/empresasyeventos.com.uy\/index.php\/2024\/07\/16\/palacio-taranco-una-joya-en-montevideo\/#primaryimage"},"image":{"@id":"https:\/\/empresasyeventos.com.uy\/index.php\/2024\/07\/16\/palacio-taranco-una-joya-en-montevideo\/#primaryimage"},"thumbnailUrl":"https:\/\/i0.wp.com\/empresasyeventos.com.uy\/wp-content\/uploads\/2024\/07\/Museo-de-Artes-Decorativas-1.jpg?fit=800%2C533&ssl=1","datePublished":"2024-07-16T13:09:46+00:00","dateModified":"2024-07-16T13:09:49+00:00","author":{"@id":"https:\/\/empresasyeventos.com.uy\/#\/schema\/person\/bad32f4c82dc0dcc552d9c237c4eabe2"},"breadcrumb":{"@id":"https:\/\/empresasyeventos.com.uy\/index.php\/2024\/07\/16\/palacio-taranco-una-joya-en-montevideo\/#breadcrumb"},"inLanguage":"es","potentialAction":[{"@type":"ReadAction","target":["https:\/\/empresasyeventos.com.uy\/index.php\/2024\/07\/16\/palacio-taranco-una-joya-en-montevideo\/"]}]},{"@type":"ImageObject","inLanguage":"es","@id":"https:\/\/empresasyeventos.com.uy\/index.php\/2024\/07\/16\/palacio-taranco-una-joya-en-montevideo\/#primaryimage","url":"https:\/\/i0.wp.com\/empresasyeventos.com.uy\/wp-content\/uploads\/2024\/07\/Museo-de-Artes-Decorativas-1.jpg?fit=800%2C533&ssl=1","contentUrl":"https:\/\/i0.wp.com\/empresasyeventos.com.uy\/wp-content\/uploads\/2024\/07\/Museo-de-Artes-Decorativas-1.jpg?fit=800%2C533&ssl=1","width":800,"height":533},{"@type":"BreadcrumbList","@id":"https:\/\/empresasyeventos.com.uy\/index.php\/2024\/07\/16\/palacio-taranco-una-joya-en-montevideo\/#breadcrumb","itemListElement":[{"@type":"ListItem","position":1,"name":"Home","item":"https:\/\/empresasyeventos.com.uy\/"},{"@type":"ListItem","position":2,"name":"Palacio Taranco, una joya en Montevideo"}]},{"@type":"WebSite","@id":"https:\/\/empresasyeventos.com.uy\/#website","url":"https:\/\/empresasyeventos.com.uy\/","name":"Empresas &amp; Eventos","description":"Portal de noticias de Empresas y Eventos","potentialAction":[{"@type":"SearchAction","target":{"@type":"EntryPoint","urlTemplate":"https:\/\/empresasyeventos.com.uy\/?s={search_term_string}"},"query-input":{"@type":"PropertyValueSpecification","valueRequired":true,"valueName":"search_term_string"}}],"inLanguage":"es"},{"@type":"Person","@id":"https:\/\/empresasyeventos.com.uy\/#\/schema\/person\/bad32f4c82dc0dcc552d9c237c4eabe2","name":"Alvaro","image":{"@type":"ImageObject","inLanguage":"es","@id":"https:\/\/empresasyeventos.com.uy\/wp-content\/litespeed\/avatar\/02be975608cf76e8c82ab3130f64f4e1.jpg?ver=1777400938","url":"https:\/\/empresasyeventos.com.uy\/wp-content\/litespeed\/avatar\/02be975608cf76e8c82ab3130f64f4e1.jpg?ver=1777400938","contentUrl":"https:\/\/empresasyeventos.com.uy\/wp-content\/litespeed\/avatar\/02be975608cf76e8c82ab3130f64f4e1.jpg?ver=1777400938","caption":"Alvaro"},"url":"https:\/\/empresasyeventos.com.uy\/index.php\/author\/alvaro\/"}]}},"jetpack_publicize_connections":[],"jetpack_featured_media_url":"https:\/\/i0.wp.com\/empresasyeventos.com.uy\/wp-content\/uploads\/2024\/07\/Museo-de-Artes-Decorativas-1.jpg?fit=800%2C533&ssl=1","jetpack_sharing_enabled":true,"_links":{"self":[{"href":"https:\/\/empresasyeventos.com.uy\/index.php\/wp-json\/wp\/v2\/posts\/3091","targetHints":{"allow":["GET"]}}],"collection":[{"href":"https:\/\/empresasyeventos.com.uy\/index.php\/wp-json\/wp\/v2\/posts"}],"about":[{"href":"https:\/\/empresasyeventos.com.uy\/index.php\/wp-json\/wp\/v2\/types\/post"}],"author":[{"embeddable":true,"href":"https:\/\/empresasyeventos.com.uy\/index.php\/wp-json\/wp\/v2\/users\/1"}],"replies":[{"embeddable":true,"href":"https:\/\/empresasyeventos.com.uy\/index.php\/wp-json\/wp\/v2\/comments?post=3091"}],"version-history":[{"count":1,"href":"https:\/\/empresasyeventos.com.uy\/index.php\/wp-json\/wp\/v2\/posts\/3091\/revisions"}],"predecessor-version":[{"id":3096,"href":"https:\/\/empresasyeventos.com.uy\/index.php\/wp-json\/wp\/v2\/posts\/3091\/revisions\/3096"}],"wp:featuredmedia":[{"embeddable":true,"href":"https:\/\/empresasyeventos.com.uy\/index.php\/wp-json\/wp\/v2\/media\/3094"}],"wp:attachment":[{"href":"https:\/\/empresasyeventos.com.uy\/index.php\/wp-json\/wp\/v2\/media?parent=3091"}],"wp:term":[{"taxonomy":"category","embeddable":true,"href":"https:\/\/empresasyeventos.com.uy\/index.php\/wp-json\/wp\/v2\/categories?post=3091"},{"taxonomy":"post_tag","embeddable":true,"href":"https:\/\/empresasyeventos.com.uy\/index.php\/wp-json\/wp\/v2\/tags?post=3091"}],"curies":[{"name":"wp","href":"https:\/\/api.w.org\/{rel}","templated":true}]}}