{"id":2730,"date":"2023-11-03T10:36:07","date_gmt":"2023-11-03T13:36:07","guid":{"rendered":"http:\/\/empresasyeventos.com.uy\/?p=2730"},"modified":"2023-11-03T10:36:16","modified_gmt":"2023-11-03T13:36:16","slug":"aeropuertos-uruguay-celebro-el-inicio-de-la-nueva-ruta-montevideo-curitiba","status":"publish","type":"post","link":"https:\/\/empresasyeventos.com.uy\/index.php\/2023\/11\/03\/aeropuertos-uruguay-celebro-el-inicio-de-la-nueva-ruta-montevideo-curitiba\/","title":{"rendered":"Aeropuertos Uruguay celebr\u00f3 el inicio de la nueva ruta Montevideo-Curitiba"},"content":{"rendered":"\n<p>En el marco del inicio de operaciones de la nueva ruta de la aerol\u00ednea brasile\u00f1a Azul que conecta Montevideo con Curitiba, una de las principales capitales del pa\u00eds vecino, Aeropuertos Uruguay celebr\u00f3 este hito con la recepci\u00f3n del vuelo inaugural en el Aeropuerto de Carrasco. El evento, que se desarroll\u00f3 en el tercer nivel del aeropuerto, cont\u00f3 con la presencia de autoridades del Ministerio de Turismo y de Brasil, que tuvieron la oportunidad de visualizar la llegada de la aeronave desde la terraza con vistas panor\u00e1micas.<\/p>\n\n\n\n<p>\u201cLa apertura de un nuevo destino como Curitiba es una gran noticia para el Aeropuerto de Carrasco y para nuestro pa\u00eds. Es una muestra m\u00e1s de la apuesta de Azul a Uruguay, y del compromiso con el que estamos trabajando para potenciar la conectividad y fomentar la llegada de turistas\u201d, se\u00f1al\u00f3 Mat\u00edas Carluccio, gerente comercial de Aeropuertos Uruguay.<\/p>\n\n\n\n<p>La nueva ruta a\u00e9rea tiene una frecuencia de cuatro vuelos semanales, partiendo al mediod\u00eda desde la capital del estado de Paran\u00e1 todos los martes, jueves, s\u00e1bados y domingos. Los retornos se realizan los mismos d\u00edas, despegando en el Aeropuerto de Carrasco a las 15:10 horas.<\/p>\n\n\n\n<p>Las aeronaves Embraer E2 destinadas para estos vuelos transportan hasta 136 pasajeros, apostando a ofrecer una alternativa de traslado \u00f3ptima y r\u00e1pida para quienes eligen visitar Brasil o llegar a Montevideo desde Curitiba.<\/p>\n\n\n\n<figure class=\"wp-block-image size-full\"><img data-recalc-dims=\"1\" decoding=\"async\" width=\"696\" height=\"809\" data-attachment-id=\"2732\" data-permalink=\"https:\/\/empresasyeventos.com.uy\/index.php\/2023\/11\/03\/aeropuertos-uruguay-celebro-el-inicio-de-la-nueva-ruta-montevideo-curitiba\/nueva-ruta-de-la-aerolinea-brasilena-azul-2\/\" data-orig-file=\"https:\/\/i0.wp.com\/empresasyeventos.com.uy\/wp-content\/uploads\/2023\/11\/Nueva-ruta-de-la-aerolinea-brasilena-Azul-2.jpg?fit=800%2C930&amp;ssl=1\" data-orig-size=\"800,930\" data-comments-opened=\"0\" data-image-meta=\"{&quot;aperture&quot;:&quot;0&quot;,&quot;credit&quot;:&quot;&quot;,&quot;camera&quot;:&quot;&quot;,&quot;caption&quot;:&quot;&quot;,&quot;created_timestamp&quot;:&quot;0&quot;,&quot;copyright&quot;:&quot;&quot;,&quot;focal_length&quot;:&quot;0&quot;,&quot;iso&quot;:&quot;0&quot;,&quot;shutter_speed&quot;:&quot;0&quot;,&quot;title&quot;:&quot;&quot;,&quot;orientation&quot;:&quot;0&quot;}\" data-image-title=\"Nueva-ruta-de-la-aerolinea-brasilena-Azul-2\" data-image-description=\"\" data-image-caption=\"\" data-large-file=\"https:\/\/i0.wp.com\/empresasyeventos.com.uy\/wp-content\/uploads\/2023\/11\/Nueva-ruta-de-la-aerolinea-brasilena-Azul-2.jpg?fit=800%2C930&amp;ssl=1\" src=\"https:\/\/i0.wp.com\/empresasyeventos.com.uy\/wp-content\/uploads\/2023\/11\/Nueva-ruta-de-la-aerolinea-brasilena-Azul-2.jpg?resize=696%2C809\" alt=\"\" class=\"wp-image-2732\" srcset=\"https:\/\/i0.wp.com\/empresasyeventos.com.uy\/wp-content\/uploads\/2023\/11\/Nueva-ruta-de-la-aerolinea-brasilena-Azul-2.jpg?w=800&amp;ssl=1 800w, https:\/\/i0.wp.com\/empresasyeventos.com.uy\/wp-content\/uploads\/2023\/11\/Nueva-ruta-de-la-aerolinea-brasilena-Azul-2.jpg?resize=768%2C893&amp;ssl=1 768w, https:\/\/i0.wp.com\/empresasyeventos.com.uy\/wp-content\/uploads\/2023\/11\/Nueva-ruta-de-la-aerolinea-brasilena-Azul-2.jpg?resize=150%2C174&amp;ssl=1 150w, https:\/\/i0.wp.com\/empresasyeventos.com.uy\/wp-content\/uploads\/2023\/11\/Nueva-ruta-de-la-aerolinea-brasilena-Azul-2.jpg?resize=300%2C349&amp;ssl=1 300w, https:\/\/i0.wp.com\/empresasyeventos.com.uy\/wp-content\/uploads\/2023\/11\/Nueva-ruta-de-la-aerolinea-brasilena-Azul-2.jpg?resize=696%2C809&amp;ssl=1 696w\" sizes=\"(max-width: 696px) 100vw, 696px\" \/><\/figure>\n","protected":false},"excerpt":{"rendered":"<p>En el marco del inicio de operaciones de la nueva ruta de la aerol\u00ednea brasile\u00f1a Azul que conecta Montevideo con Curitiba, una de las principales capitales del pa\u00eds vecino, Aeropuertos [&hellip;]<\/p>\n","protected":false},"author":3,"featured_media":2731,"comment_status":"closed","ping_status":"open","sticky":false,"template":"","format":"standard","meta":{"_exactmetrics_skip_tracking":false,"_exactmetrics_sitenote_active":false,"_exactmetrics_sitenote_note":"","_exactmetrics_sitenote_category":0,"_jetpack_memberships_contains_paid_content":false,"footnotes":"","jetpack_publicize_message":"","jetpack_publicize_feature_enabled":true,"jetpack_social_post_already_shared":true,"jetpack_social_options":{"image_generator_settings":{"template":"highway","default_image_id":0,"font":"","enabled":false},"version":2}},"categories":[487],"tags":[],"class_list":["post-2730","post","type-post","status-publish","format-standard","has-post-thumbnail","category-internacional"],"yoast_head":"<!-- This site is optimized with the Yoast SEO plugin v27.4 - https:\/\/yoast.com\/product\/yoast-seo-wordpress\/ -->\n<title>Aeropuertos Uruguay celebr\u00f3 el inicio de la nueva ruta Montevideo-Curitiba - Empresas &amp; Eventos<\/title>\n<meta name=\"robots\" content=\"index, follow, max-snippet:-1, max-image-preview:large, max-video-preview:-1\" \/>\n<link rel=\"canonical\" href=\"https:\/\/empresasyeventos.com.uy\/index.php\/2023\/11\/03\/aeropuertos-uruguay-celebro-el-inicio-de-la-nueva-ruta-montevideo-curitiba\/\" \/>\n<meta property=\"og:locale\" content=\"es_ES\" \/>\n<meta property=\"og:type\" content=\"article\" \/>\n<meta property=\"og:title\" content=\"Aeropuertos Uruguay celebr\u00f3 el inicio de la nueva ruta Montevideo-Curitiba - Empresas &amp; Eventos\" \/>\n<meta property=\"og:description\" content=\"En el marco del inicio de operaciones de la nueva ruta de la aerol\u00ednea brasile\u00f1a Azul que conecta Montevideo con Curitiba, una de las principales capitales del pa\u00eds vecino, Aeropuertos [&hellip;]\" \/>\n<meta property=\"og:url\" content=\"https:\/\/empresasyeventos.com.uy\/index.php\/2023\/11\/03\/aeropuertos-uruguay-celebro-el-inicio-de-la-nueva-ruta-montevideo-curitiba\/\" \/>\n<meta property=\"og:site_name\" content=\"Empresas &amp; Eventos\" \/>\n<meta property=\"article:published_time\" content=\"2023-11-03T13:36:07+00:00\" \/>\n<meta property=\"article:modified_time\" content=\"2023-11-03T13:36:16+00:00\" \/>\n<meta property=\"og:image\" content=\"https:\/\/empresasyeventos.com.uy\/wp-content\/uploads\/2023\/11\/Nueva-ruta-de-la-aerolinea-brasilena-Azul.jpg\" \/>\n\t<meta property=\"og:image:width\" content=\"800\" \/>\n\t<meta property=\"og:image:height\" content=\"532\" \/>\n\t<meta property=\"og:image:type\" content=\"image\/jpeg\" \/>\n<meta name=\"author\" content=\"Sergio Goloubintseff\" \/>\n<meta name=\"twitter:card\" content=\"summary_large_image\" \/>\n<meta name=\"twitter:label1\" content=\"Escrito por\" \/>\n\t<meta name=\"twitter:data1\" content=\"Sergio Goloubintseff\" \/>\n\t<meta name=\"twitter:label2\" content=\"Tiempo de lectura\" \/>\n\t<meta name=\"twitter:data2\" content=\"2 minutos\" \/>\n<script type=\"application\/ld+json\" class=\"yoast-schema-graph\">{\"@context\":\"https:\\\/\\\/schema.org\",\"@graph\":[{\"@type\":\"Article\",\"@id\":\"https:\\\/\\\/empresasyeventos.com.uy\\\/index.php\\\/2023\\\/11\\\/03\\\/aeropuertos-uruguay-celebro-el-inicio-de-la-nueva-ruta-montevideo-curitiba\\\/#article\",\"isPartOf\":{\"@id\":\"https:\\\/\\\/empresasyeventos.com.uy\\\/index.php\\\/2023\\\/11\\\/03\\\/aeropuertos-uruguay-celebro-el-inicio-de-la-nueva-ruta-montevideo-curitiba\\\/\"},\"author\":{\"name\":\"Sergio Goloubintseff\",\"@id\":\"https:\\\/\\\/empresasyeventos.com.uy\\\/#\\\/schema\\\/person\\\/e2ecff9df3397b6bced46c0154bc0aa2\"},\"headline\":\"Aeropuertos Uruguay celebr\u00f3 el inicio de la nueva ruta Montevideo-Curitiba\",\"datePublished\":\"2023-11-03T13:36:07+00:00\",\"dateModified\":\"2023-11-03T13:36:16+00:00\",\"mainEntityOfPage\":{\"@id\":\"https:\\\/\\\/empresasyeventos.com.uy\\\/index.php\\\/2023\\\/11\\\/03\\\/aeropuertos-uruguay-celebro-el-inicio-de-la-nueva-ruta-montevideo-curitiba\\\/\"},\"wordCount\":244,\"image\":{\"@id\":\"https:\\\/\\\/empresasyeventos.com.uy\\\/index.php\\\/2023\\\/11\\\/03\\\/aeropuertos-uruguay-celebro-el-inicio-de-la-nueva-ruta-montevideo-curitiba\\\/#primaryimage\"},\"thumbnailUrl\":\"https:\\\/\\\/i0.wp.com\\\/empresasyeventos.com.uy\\\/wp-content\\\/uploads\\\/2023\\\/11\\\/Nueva-ruta-de-la-aerolinea-brasilena-Azul.jpg?fit=800%2C532&ssl=1\",\"articleSection\":[\"Internacional\"],\"inLanguage\":\"es\"},{\"@type\":\"WebPage\",\"@id\":\"https:\\\/\\\/empresasyeventos.com.uy\\\/index.php\\\/2023\\\/11\\\/03\\\/aeropuertos-uruguay-celebro-el-inicio-de-la-nueva-ruta-montevideo-curitiba\\\/\",\"url\":\"https:\\\/\\\/empresasyeventos.com.uy\\\/index.php\\\/2023\\\/11\\\/03\\\/aeropuertos-uruguay-celebro-el-inicio-de-la-nueva-ruta-montevideo-curitiba\\\/\",\"name\":\"Aeropuertos Uruguay celebr\u00f3 el inicio de la nueva ruta Montevideo-Curitiba - Empresas &amp; Eventos\",\"isPartOf\":{\"@id\":\"https:\\\/\\\/empresasyeventos.com.uy\\\/#website\"},\"primaryImageOfPage\":{\"@id\":\"https:\\\/\\\/empresasyeventos.com.uy\\\/index.php\\\/2023\\\/11\\\/03\\\/aeropuertos-uruguay-celebro-el-inicio-de-la-nueva-ruta-montevideo-curitiba\\\/#primaryimage\"},\"image\":{\"@id\":\"https:\\\/\\\/empresasyeventos.com.uy\\\/index.php\\\/2023\\\/11\\\/03\\\/aeropuertos-uruguay-celebro-el-inicio-de-la-nueva-ruta-montevideo-curitiba\\\/#primaryimage\"},\"thumbnailUrl\":\"https:\\\/\\\/i0.wp.com\\\/empresasyeventos.com.uy\\\/wp-content\\\/uploads\\\/2023\\\/11\\\/Nueva-ruta-de-la-aerolinea-brasilena-Azul.jpg?fit=800%2C532&ssl=1\",\"datePublished\":\"2023-11-03T13:36:07+00:00\",\"dateModified\":\"2023-11-03T13:36:16+00:00\",\"author\":{\"@id\":\"https:\\\/\\\/empresasyeventos.com.uy\\\/#\\\/schema\\\/person\\\/e2ecff9df3397b6bced46c0154bc0aa2\"},\"breadcrumb\":{\"@id\":\"https:\\\/\\\/empresasyeventos.com.uy\\\/index.php\\\/2023\\\/11\\\/03\\\/aeropuertos-uruguay-celebro-el-inicio-de-la-nueva-ruta-montevideo-curitiba\\\/#breadcrumb\"},\"inLanguage\":\"es\",\"potentialAction\":[{\"@type\":\"ReadAction\",\"target\":[\"https:\\\/\\\/empresasyeventos.com.uy\\\/index.php\\\/2023\\\/11\\\/03\\\/aeropuertos-uruguay-celebro-el-inicio-de-la-nueva-ruta-montevideo-curitiba\\\/\"]}]},{\"@type\":\"ImageObject\",\"inLanguage\":\"es\",\"@id\":\"https:\\\/\\\/empresasyeventos.com.uy\\\/index.php\\\/2023\\\/11\\\/03\\\/aeropuertos-uruguay-celebro-el-inicio-de-la-nueva-ruta-montevideo-curitiba\\\/#primaryimage\",\"url\":\"https:\\\/\\\/i0.wp.com\\\/empresasyeventos.com.uy\\\/wp-content\\\/uploads\\\/2023\\\/11\\\/Nueva-ruta-de-la-aerolinea-brasilena-Azul.jpg?fit=800%2C532&ssl=1\",\"contentUrl\":\"https:\\\/\\\/i0.wp.com\\\/empresasyeventos.com.uy\\\/wp-content\\\/uploads\\\/2023\\\/11\\\/Nueva-ruta-de-la-aerolinea-brasilena-Azul.jpg?fit=800%2C532&ssl=1\",\"width\":800,\"height\":532},{\"@type\":\"BreadcrumbList\",\"@id\":\"https:\\\/\\\/empresasyeventos.com.uy\\\/index.php\\\/2023\\\/11\\\/03\\\/aeropuertos-uruguay-celebro-el-inicio-de-la-nueva-ruta-montevideo-curitiba\\\/#breadcrumb\",\"itemListElement\":[{\"@type\":\"ListItem\",\"position\":1,\"name\":\"Home\",\"item\":\"https:\\\/\\\/empresasyeventos.com.uy\\\/\"},{\"@type\":\"ListItem\",\"position\":2,\"name\":\"Aeropuertos Uruguay celebr\u00f3 el inicio de la nueva ruta Montevideo-Curitiba\"}]},{\"@type\":\"WebSite\",\"@id\":\"https:\\\/\\\/empresasyeventos.com.uy\\\/#website\",\"url\":\"https:\\\/\\\/empresasyeventos.com.uy\\\/\",\"name\":\"Empresas &amp; Eventos\",\"description\":\"Portal de noticias de Empresas y Eventos\",\"potentialAction\":[{\"@type\":\"SearchAction\",\"target\":{\"@type\":\"EntryPoint\",\"urlTemplate\":\"https:\\\/\\\/empresasyeventos.com.uy\\\/?s={search_term_string}\"},\"query-input\":{\"@type\":\"PropertyValueSpecification\",\"valueRequired\":true,\"valueName\":\"search_term_string\"}}],\"inLanguage\":\"es\"},{\"@type\":\"Person\",\"@id\":\"https:\\\/\\\/empresasyeventos.com.uy\\\/#\\\/schema\\\/person\\\/e2ecff9df3397b6bced46c0154bc0aa2\",\"name\":\"Sergio Goloubintseff\",\"image\":{\"@type\":\"ImageObject\",\"inLanguage\":\"es\",\"@id\":\"https:\\\/\\\/empresasyeventos.com.uy\\\/wp-content\\\/litespeed\\\/avatar\\\/e7e78d5d2c4fffc5dbfffc2212c10ee5.jpg?ver=1776792077\",\"url\":\"https:\\\/\\\/empresasyeventos.com.uy\\\/wp-content\\\/litespeed\\\/avatar\\\/e7e78d5d2c4fffc5dbfffc2212c10ee5.jpg?ver=1776792077\",\"contentUrl\":\"https:\\\/\\\/empresasyeventos.com.uy\\\/wp-content\\\/litespeed\\\/avatar\\\/e7e78d5d2c4fffc5dbfffc2212c10ee5.jpg?ver=1776792077\",\"caption\":\"Sergio Goloubintseff\"},\"url\":\"https:\\\/\\\/empresasyeventos.com.uy\\\/index.php\\\/author\\\/sergio-goloubintseff\\\/\"}]}<\/script>\n<!-- \/ Yoast SEO plugin. -->","yoast_head_json":{"title":"Aeropuertos Uruguay celebr\u00f3 el inicio de la nueva ruta Montevideo-Curitiba - Empresas &amp; Eventos","robots":{"index":"index","follow":"follow","max-snippet":"max-snippet:-1","max-image-preview":"max-image-preview:large","max-video-preview":"max-video-preview:-1"},"canonical":"https:\/\/empresasyeventos.com.uy\/index.php\/2023\/11\/03\/aeropuertos-uruguay-celebro-el-inicio-de-la-nueva-ruta-montevideo-curitiba\/","og_locale":"es_ES","og_type":"article","og_title":"Aeropuertos Uruguay celebr\u00f3 el inicio de la nueva ruta Montevideo-Curitiba - Empresas &amp; Eventos","og_description":"En el marco del inicio de operaciones de la nueva ruta de la aerol\u00ednea brasile\u00f1a Azul que conecta Montevideo con Curitiba, una de las principales capitales del pa\u00eds vecino, Aeropuertos [&hellip;]","og_url":"https:\/\/empresasyeventos.com.uy\/index.php\/2023\/11\/03\/aeropuertos-uruguay-celebro-el-inicio-de-la-nueva-ruta-montevideo-curitiba\/","og_site_name":"Empresas &amp; Eventos","article_published_time":"2023-11-03T13:36:07+00:00","article_modified_time":"2023-11-03T13:36:16+00:00","og_image":[{"width":800,"height":532,"url":"https:\/\/empresasyeventos.com.uy\/wp-content\/uploads\/2023\/11\/Nueva-ruta-de-la-aerolinea-brasilena-Azul.jpg","type":"image\/jpeg"}],"author":"Sergio Goloubintseff","twitter_card":"summary_large_image","twitter_misc":{"Escrito por":"Sergio Goloubintseff","Tiempo de lectura":"2 minutos"},"schema":{"@context":"https:\/\/schema.org","@graph":[{"@type":"Article","@id":"https:\/\/empresasyeventos.com.uy\/index.php\/2023\/11\/03\/aeropuertos-uruguay-celebro-el-inicio-de-la-nueva-ruta-montevideo-curitiba\/#article","isPartOf":{"@id":"https:\/\/empresasyeventos.com.uy\/index.php\/2023\/11\/03\/aeropuertos-uruguay-celebro-el-inicio-de-la-nueva-ruta-montevideo-curitiba\/"},"author":{"name":"Sergio Goloubintseff","@id":"https:\/\/empresasyeventos.com.uy\/#\/schema\/person\/e2ecff9df3397b6bced46c0154bc0aa2"},"headline":"Aeropuertos Uruguay celebr\u00f3 el inicio de la nueva ruta Montevideo-Curitiba","datePublished":"2023-11-03T13:36:07+00:00","dateModified":"2023-11-03T13:36:16+00:00","mainEntityOfPage":{"@id":"https:\/\/empresasyeventos.com.uy\/index.php\/2023\/11\/03\/aeropuertos-uruguay-celebro-el-inicio-de-la-nueva-ruta-montevideo-curitiba\/"},"wordCount":244,"image":{"@id":"https:\/\/empresasyeventos.com.uy\/index.php\/2023\/11\/03\/aeropuertos-uruguay-celebro-el-inicio-de-la-nueva-ruta-montevideo-curitiba\/#primaryimage"},"thumbnailUrl":"https:\/\/i0.wp.com\/empresasyeventos.com.uy\/wp-content\/uploads\/2023\/11\/Nueva-ruta-de-la-aerolinea-brasilena-Azul.jpg?fit=800%2C532&ssl=1","articleSection":["Internacional"],"inLanguage":"es"},{"@type":"WebPage","@id":"https:\/\/empresasyeventos.com.uy\/index.php\/2023\/11\/03\/aeropuertos-uruguay-celebro-el-inicio-de-la-nueva-ruta-montevideo-curitiba\/","url":"https:\/\/empresasyeventos.com.uy\/index.php\/2023\/11\/03\/aeropuertos-uruguay-celebro-el-inicio-de-la-nueva-ruta-montevideo-curitiba\/","name":"Aeropuertos Uruguay celebr\u00f3 el inicio de la nueva ruta Montevideo-Curitiba - Empresas &amp; Eventos","isPartOf":{"@id":"https:\/\/empresasyeventos.com.uy\/#website"},"primaryImageOfPage":{"@id":"https:\/\/empresasyeventos.com.uy\/index.php\/2023\/11\/03\/aeropuertos-uruguay-celebro-el-inicio-de-la-nueva-ruta-montevideo-curitiba\/#primaryimage"},"image":{"@id":"https:\/\/empresasyeventos.com.uy\/index.php\/2023\/11\/03\/aeropuertos-uruguay-celebro-el-inicio-de-la-nueva-ruta-montevideo-curitiba\/#primaryimage"},"thumbnailUrl":"https:\/\/i0.wp.com\/empresasyeventos.com.uy\/wp-content\/uploads\/2023\/11\/Nueva-ruta-de-la-aerolinea-brasilena-Azul.jpg?fit=800%2C532&ssl=1","datePublished":"2023-11-03T13:36:07+00:00","dateModified":"2023-11-03T13:36:16+00:00","author":{"@id":"https:\/\/empresasyeventos.com.uy\/#\/schema\/person\/e2ecff9df3397b6bced46c0154bc0aa2"},"breadcrumb":{"@id":"https:\/\/empresasyeventos.com.uy\/index.php\/2023\/11\/03\/aeropuertos-uruguay-celebro-el-inicio-de-la-nueva-ruta-montevideo-curitiba\/#breadcrumb"},"inLanguage":"es","potentialAction":[{"@type":"ReadAction","target":["https:\/\/empresasyeventos.com.uy\/index.php\/2023\/11\/03\/aeropuertos-uruguay-celebro-el-inicio-de-la-nueva-ruta-montevideo-curitiba\/"]}]},{"@type":"ImageObject","inLanguage":"es","@id":"https:\/\/empresasyeventos.com.uy\/index.php\/2023\/11\/03\/aeropuertos-uruguay-celebro-el-inicio-de-la-nueva-ruta-montevideo-curitiba\/#primaryimage","url":"https:\/\/i0.wp.com\/empresasyeventos.com.uy\/wp-content\/uploads\/2023\/11\/Nueva-ruta-de-la-aerolinea-brasilena-Azul.jpg?fit=800%2C532&ssl=1","contentUrl":"https:\/\/i0.wp.com\/empresasyeventos.com.uy\/wp-content\/uploads\/2023\/11\/Nueva-ruta-de-la-aerolinea-brasilena-Azul.jpg?fit=800%2C532&ssl=1","width":800,"height":532},{"@type":"BreadcrumbList","@id":"https:\/\/empresasyeventos.com.uy\/index.php\/2023\/11\/03\/aeropuertos-uruguay-celebro-el-inicio-de-la-nueva-ruta-montevideo-curitiba\/#breadcrumb","itemListElement":[{"@type":"ListItem","position":1,"name":"Home","item":"https:\/\/empresasyeventos.com.uy\/"},{"@type":"ListItem","position":2,"name":"Aeropuertos Uruguay celebr\u00f3 el inicio de la nueva ruta Montevideo-Curitiba"}]},{"@type":"WebSite","@id":"https:\/\/empresasyeventos.com.uy\/#website","url":"https:\/\/empresasyeventos.com.uy\/","name":"Empresas &amp; Eventos","description":"Portal de noticias de Empresas y Eventos","potentialAction":[{"@type":"SearchAction","target":{"@type":"EntryPoint","urlTemplate":"https:\/\/empresasyeventos.com.uy\/?s={search_term_string}"},"query-input":{"@type":"PropertyValueSpecification","valueRequired":true,"valueName":"search_term_string"}}],"inLanguage":"es"},{"@type":"Person","@id":"https:\/\/empresasyeventos.com.uy\/#\/schema\/person\/e2ecff9df3397b6bced46c0154bc0aa2","name":"Sergio Goloubintseff","image":{"@type":"ImageObject","inLanguage":"es","@id":"https:\/\/empresasyeventos.com.uy\/wp-content\/litespeed\/avatar\/e7e78d5d2c4fffc5dbfffc2212c10ee5.jpg?ver=1776792077","url":"https:\/\/empresasyeventos.com.uy\/wp-content\/litespeed\/avatar\/e7e78d5d2c4fffc5dbfffc2212c10ee5.jpg?ver=1776792077","contentUrl":"https:\/\/empresasyeventos.com.uy\/wp-content\/litespeed\/avatar\/e7e78d5d2c4fffc5dbfffc2212c10ee5.jpg?ver=1776792077","caption":"Sergio Goloubintseff"},"url":"https:\/\/empresasyeventos.com.uy\/index.php\/author\/sergio-goloubintseff\/"}]}},"jetpack_publicize_connections":[],"jetpack_featured_media_url":"https:\/\/i0.wp.com\/empresasyeventos.com.uy\/wp-content\/uploads\/2023\/11\/Nueva-ruta-de-la-aerolinea-brasilena-Azul.jpg?fit=800%2C532&ssl=1","jetpack_sharing_enabled":true,"_links":{"self":[{"href":"https:\/\/empresasyeventos.com.uy\/index.php\/wp-json\/wp\/v2\/posts\/2730","targetHints":{"allow":["GET"]}}],"collection":[{"href":"https:\/\/empresasyeventos.com.uy\/index.php\/wp-json\/wp\/v2\/posts"}],"about":[{"href":"https:\/\/empresasyeventos.com.uy\/index.php\/wp-json\/wp\/v2\/types\/post"}],"author":[{"embeddable":true,"href":"https:\/\/empresasyeventos.com.uy\/index.php\/wp-json\/wp\/v2\/users\/3"}],"replies":[{"embeddable":true,"href":"https:\/\/empresasyeventos.com.uy\/index.php\/wp-json\/wp\/v2\/comments?post=2730"}],"version-history":[{"count":1,"href":"https:\/\/empresasyeventos.com.uy\/index.php\/wp-json\/wp\/v2\/posts\/2730\/revisions"}],"predecessor-version":[{"id":2733,"href":"https:\/\/empresasyeventos.com.uy\/index.php\/wp-json\/wp\/v2\/posts\/2730\/revisions\/2733"}],"wp:featuredmedia":[{"embeddable":true,"href":"https:\/\/empresasyeventos.com.uy\/index.php\/wp-json\/wp\/v2\/media\/2731"}],"wp:attachment":[{"href":"https:\/\/empresasyeventos.com.uy\/index.php\/wp-json\/wp\/v2\/media?parent=2730"}],"wp:term":[{"taxonomy":"category","embeddable":true,"href":"https:\/\/empresasyeventos.com.uy\/index.php\/wp-json\/wp\/v2\/categories?post=2730"},{"taxonomy":"post_tag","embeddable":true,"href":"https:\/\/empresasyeventos.com.uy\/index.php\/wp-json\/wp\/v2\/tags?post=2730"}],"curies":[{"name":"wp","href":"https:\/\/api.w.org\/{rel}","templated":true}]}}