{"id":2611,"date":"2023-07-25T10:30:00","date_gmt":"2023-07-25T13:30:00","guid":{"rendered":"http:\/\/empresasyeventos.com.uy\/?p=2611"},"modified":"2023-07-26T10:31:23","modified_gmt":"2023-07-26T13:31:23","slug":"twitter-pasa-a-llamarse-x","status":"publish","type":"post","link":"https:\/\/empresasyeventos.com.uy\/index.php\/2023\/07\/25\/twitter-pasa-a-llamarse-x\/","title":{"rendered":"Twitter pasa a llamarse X\u00a0"},"content":{"rendered":"\n<p>Elon Musk ha anunciado novedades en la red Twitter, la del p\u00e1jaro azul, que ha cambiado su nombre a &#8216;X&#8217; y que se consolidar\u00e1 como una plataforma \u00abcentrada en audio, v\u00eddeo, mensajer\u00eda, pagos\u00bb impulsada por Inteligencia Artificial (IA).<\/p>\n\n\n\n<p>El due\u00f1o de la red ha anunciado recientemente el nuevo nombre y logo de la red social.&nbsp;Los cambios est\u00e1n a punto de producirse y de hecho,&nbsp;<a href=\"http:\/\/x.com\/\" target=\"_blank\" rel=\"noreferrer noopener\">x.com<\/a>&nbsp;ya redirige a&nbsp;<a href=\"http:\/\/twitter.com\/\" target=\"_blank\" rel=\"noreferrer noopener\">twitter.com<\/a>&nbsp;y el nuevo logo y nombre basados en la letra X ya est\u00e1n a punto de reemplazar al m\u00edtico p\u00e1jaro.<\/p>\n\n\n\n<p>De momento,&nbsp;todav\u00eda es posible encontrar muchas menciones a Twitter&nbsp;y otros conceptos asociados al antiguo nombre en varias partes de la red social. Es de esperar que la compa\u00f1\u00eda vaya realizando las modificaciones necesarias con el paso de las horas, hasta acabar de una vez por todas con la antigua marca.<\/p>\n\n\n\n<p>En definitiva Twitter pasa a llamarse X y ser\u00e1 una plataforma de audio y v\u00eddeo impulsada por IA<\/p>\n","protected":false},"excerpt":{"rendered":"<p>Elon Musk ha anunciado novedades en la red Twitter, la del p\u00e1jaro azul, que ha cambiado su nombre a &#8216;X&#8217; y que se consolidar\u00e1 como una plataforma \u00abcentrada en audio, [&hellip;]<\/p>\n","protected":false},"author":3,"featured_media":2612,"comment_status":"closed","ping_status":"open","sticky":false,"template":"","format":"standard","meta":{"_exactmetrics_skip_tracking":false,"_exactmetrics_sitenote_active":false,"_exactmetrics_sitenote_note":"","_exactmetrics_sitenote_category":0,"_jetpack_memberships_contains_paid_content":false,"footnotes":"","jetpack_publicize_message":"","jetpack_publicize_feature_enabled":true,"jetpack_social_post_already_shared":true,"jetpack_social_options":{"image_generator_settings":{"template":"highway","default_image_id":0,"font":"","enabled":false},"version":2}},"categories":[487],"tags":[],"class_list":["post-2611","post","type-post","status-publish","format-standard","has-post-thumbnail","category-internacional"],"yoast_head":"<!-- This site is optimized with the Yoast SEO plugin v27.4 - https:\/\/yoast.com\/product\/yoast-seo-wordpress\/ -->\n<title>Twitter pasa a llamarse X\u00a0 - Empresas &amp; Eventos<\/title>\n<meta name=\"robots\" content=\"index, follow, max-snippet:-1, max-image-preview:large, max-video-preview:-1\" \/>\n<link rel=\"canonical\" href=\"https:\/\/empresasyeventos.com.uy\/index.php\/2023\/07\/25\/twitter-pasa-a-llamarse-x\/\" \/>\n<meta property=\"og:locale\" content=\"es_ES\" \/>\n<meta property=\"og:type\" content=\"article\" \/>\n<meta property=\"og:title\" content=\"Twitter pasa a llamarse X\u00a0 - Empresas &amp; Eventos\" \/>\n<meta property=\"og:description\" content=\"Elon Musk ha anunciado novedades en la red Twitter, la del p\u00e1jaro azul, que ha cambiado su nombre a &#8216;X&#8217; y que se consolidar\u00e1 como una plataforma \u00abcentrada en audio, [&hellip;]\" \/>\n<meta property=\"og:url\" content=\"https:\/\/empresasyeventos.com.uy\/index.php\/2023\/07\/25\/twitter-pasa-a-llamarse-x\/\" \/>\n<meta property=\"og:site_name\" content=\"Empresas &amp; Eventos\" \/>\n<meta property=\"article:published_time\" content=\"2023-07-25T13:30:00+00:00\" \/>\n<meta property=\"article:modified_time\" content=\"2023-07-26T13:31:23+00:00\" \/>\n<meta property=\"og:image\" content=\"https:\/\/empresasyeventos.com.uy\/wp-content\/uploads\/2023\/07\/Twitter-X.webp\" \/>\n\t<meta property=\"og:image:width\" content=\"1900\" \/>\n\t<meta property=\"og:image:height\" content=\"1069\" \/>\n\t<meta property=\"og:image:type\" content=\"image\/webp\" \/>\n<meta name=\"author\" content=\"Sergio Goloubintseff\" \/>\n<meta name=\"twitter:card\" content=\"summary_large_image\" \/>\n<meta name=\"twitter:label1\" content=\"Escrito por\" \/>\n\t<meta name=\"twitter:data1\" content=\"Sergio Goloubintseff\" \/>\n\t<meta name=\"twitter:label2\" content=\"Tiempo de lectura\" \/>\n\t<meta name=\"twitter:data2\" content=\"1 minuto\" \/>\n<script type=\"application\/ld+json\" class=\"yoast-schema-graph\">{\"@context\":\"https:\\\/\\\/schema.org\",\"@graph\":[{\"@type\":\"Article\",\"@id\":\"https:\\\/\\\/empresasyeventos.com.uy\\\/index.php\\\/2023\\\/07\\\/25\\\/twitter-pasa-a-llamarse-x\\\/#article\",\"isPartOf\":{\"@id\":\"https:\\\/\\\/empresasyeventos.com.uy\\\/index.php\\\/2023\\\/07\\\/25\\\/twitter-pasa-a-llamarse-x\\\/\"},\"author\":{\"name\":\"Sergio Goloubintseff\",\"@id\":\"https:\\\/\\\/empresasyeventos.com.uy\\\/#\\\/schema\\\/person\\\/e2ecff9df3397b6bced46c0154bc0aa2\"},\"headline\":\"Twitter pasa a llamarse X\u00a0\",\"datePublished\":\"2023-07-25T13:30:00+00:00\",\"dateModified\":\"2023-07-26T13:31:23+00:00\",\"mainEntityOfPage\":{\"@id\":\"https:\\\/\\\/empresasyeventos.com.uy\\\/index.php\\\/2023\\\/07\\\/25\\\/twitter-pasa-a-llamarse-x\\\/\"},\"wordCount\":185,\"image\":{\"@id\":\"https:\\\/\\\/empresasyeventos.com.uy\\\/index.php\\\/2023\\\/07\\\/25\\\/twitter-pasa-a-llamarse-x\\\/#primaryimage\"},\"thumbnailUrl\":\"https:\\\/\\\/i0.wp.com\\\/empresasyeventos.com.uy\\\/wp-content\\\/uploads\\\/2023\\\/07\\\/Twitter-X.webp?fit=1900%2C1069&ssl=1\",\"articleSection\":[\"Internacional\"],\"inLanguage\":\"es\"},{\"@type\":\"WebPage\",\"@id\":\"https:\\\/\\\/empresasyeventos.com.uy\\\/index.php\\\/2023\\\/07\\\/25\\\/twitter-pasa-a-llamarse-x\\\/\",\"url\":\"https:\\\/\\\/empresasyeventos.com.uy\\\/index.php\\\/2023\\\/07\\\/25\\\/twitter-pasa-a-llamarse-x\\\/\",\"name\":\"Twitter pasa a llamarse X\u00a0 - Empresas &amp; Eventos\",\"isPartOf\":{\"@id\":\"https:\\\/\\\/empresasyeventos.com.uy\\\/#website\"},\"primaryImageOfPage\":{\"@id\":\"https:\\\/\\\/empresasyeventos.com.uy\\\/index.php\\\/2023\\\/07\\\/25\\\/twitter-pasa-a-llamarse-x\\\/#primaryimage\"},\"image\":{\"@id\":\"https:\\\/\\\/empresasyeventos.com.uy\\\/index.php\\\/2023\\\/07\\\/25\\\/twitter-pasa-a-llamarse-x\\\/#primaryimage\"},\"thumbnailUrl\":\"https:\\\/\\\/i0.wp.com\\\/empresasyeventos.com.uy\\\/wp-content\\\/uploads\\\/2023\\\/07\\\/Twitter-X.webp?fit=1900%2C1069&ssl=1\",\"datePublished\":\"2023-07-25T13:30:00+00:00\",\"dateModified\":\"2023-07-26T13:31:23+00:00\",\"author\":{\"@id\":\"https:\\\/\\\/empresasyeventos.com.uy\\\/#\\\/schema\\\/person\\\/e2ecff9df3397b6bced46c0154bc0aa2\"},\"breadcrumb\":{\"@id\":\"https:\\\/\\\/empresasyeventos.com.uy\\\/index.php\\\/2023\\\/07\\\/25\\\/twitter-pasa-a-llamarse-x\\\/#breadcrumb\"},\"inLanguage\":\"es\",\"potentialAction\":[{\"@type\":\"ReadAction\",\"target\":[\"https:\\\/\\\/empresasyeventos.com.uy\\\/index.php\\\/2023\\\/07\\\/25\\\/twitter-pasa-a-llamarse-x\\\/\"]}]},{\"@type\":\"ImageObject\",\"inLanguage\":\"es\",\"@id\":\"https:\\\/\\\/empresasyeventos.com.uy\\\/index.php\\\/2023\\\/07\\\/25\\\/twitter-pasa-a-llamarse-x\\\/#primaryimage\",\"url\":\"https:\\\/\\\/i0.wp.com\\\/empresasyeventos.com.uy\\\/wp-content\\\/uploads\\\/2023\\\/07\\\/Twitter-X.webp?fit=1900%2C1069&ssl=1\",\"contentUrl\":\"https:\\\/\\\/i0.wp.com\\\/empresasyeventos.com.uy\\\/wp-content\\\/uploads\\\/2023\\\/07\\\/Twitter-X.webp?fit=1900%2C1069&ssl=1\",\"width\":1900,\"height\":1069,\"caption\":\"Twitter - X\"},{\"@type\":\"BreadcrumbList\",\"@id\":\"https:\\\/\\\/empresasyeventos.com.uy\\\/index.php\\\/2023\\\/07\\\/25\\\/twitter-pasa-a-llamarse-x\\\/#breadcrumb\",\"itemListElement\":[{\"@type\":\"ListItem\",\"position\":1,\"name\":\"Home\",\"item\":\"https:\\\/\\\/empresasyeventos.com.uy\\\/\"},{\"@type\":\"ListItem\",\"position\":2,\"name\":\"Twitter pasa a llamarse X\u00a0\"}]},{\"@type\":\"WebSite\",\"@id\":\"https:\\\/\\\/empresasyeventos.com.uy\\\/#website\",\"url\":\"https:\\\/\\\/empresasyeventos.com.uy\\\/\",\"name\":\"Empresas &amp; Eventos\",\"description\":\"Portal de noticias de Empresas y Eventos\",\"potentialAction\":[{\"@type\":\"SearchAction\",\"target\":{\"@type\":\"EntryPoint\",\"urlTemplate\":\"https:\\\/\\\/empresasyeventos.com.uy\\\/?s={search_term_string}\"},\"query-input\":{\"@type\":\"PropertyValueSpecification\",\"valueRequired\":true,\"valueName\":\"search_term_string\"}}],\"inLanguage\":\"es\"},{\"@type\":\"Person\",\"@id\":\"https:\\\/\\\/empresasyeventos.com.uy\\\/#\\\/schema\\\/person\\\/e2ecff9df3397b6bced46c0154bc0aa2\",\"name\":\"Sergio Goloubintseff\",\"image\":{\"@type\":\"ImageObject\",\"inLanguage\":\"es\",\"@id\":\"https:\\\/\\\/empresasyeventos.com.uy\\\/wp-content\\\/litespeed\\\/avatar\\\/e7e78d5d2c4fffc5dbfffc2212c10ee5.jpg?ver=1776792077\",\"url\":\"https:\\\/\\\/empresasyeventos.com.uy\\\/wp-content\\\/litespeed\\\/avatar\\\/e7e78d5d2c4fffc5dbfffc2212c10ee5.jpg?ver=1776792077\",\"contentUrl\":\"https:\\\/\\\/empresasyeventos.com.uy\\\/wp-content\\\/litespeed\\\/avatar\\\/e7e78d5d2c4fffc5dbfffc2212c10ee5.jpg?ver=1776792077\",\"caption\":\"Sergio Goloubintseff\"},\"url\":\"https:\\\/\\\/empresasyeventos.com.uy\\\/index.php\\\/author\\\/sergio-goloubintseff\\\/\"}]}<\/script>\n<!-- \/ Yoast SEO plugin. -->","yoast_head_json":{"title":"Twitter pasa a llamarse X\u00a0 - Empresas &amp; Eventos","robots":{"index":"index","follow":"follow","max-snippet":"max-snippet:-1","max-image-preview":"max-image-preview:large","max-video-preview":"max-video-preview:-1"},"canonical":"https:\/\/empresasyeventos.com.uy\/index.php\/2023\/07\/25\/twitter-pasa-a-llamarse-x\/","og_locale":"es_ES","og_type":"article","og_title":"Twitter pasa a llamarse X\u00a0 - Empresas &amp; Eventos","og_description":"Elon Musk ha anunciado novedades en la red Twitter, la del p\u00e1jaro azul, que ha cambiado su nombre a &#8216;X&#8217; y que se consolidar\u00e1 como una plataforma \u00abcentrada en audio, [&hellip;]","og_url":"https:\/\/empresasyeventos.com.uy\/index.php\/2023\/07\/25\/twitter-pasa-a-llamarse-x\/","og_site_name":"Empresas &amp; Eventos","article_published_time":"2023-07-25T13:30:00+00:00","article_modified_time":"2023-07-26T13:31:23+00:00","og_image":[{"width":1900,"height":1069,"url":"https:\/\/empresasyeventos.com.uy\/wp-content\/uploads\/2023\/07\/Twitter-X.webp","type":"image\/webp"}],"author":"Sergio Goloubintseff","twitter_card":"summary_large_image","twitter_misc":{"Escrito por":"Sergio Goloubintseff","Tiempo de lectura":"1 minuto"},"schema":{"@context":"https:\/\/schema.org","@graph":[{"@type":"Article","@id":"https:\/\/empresasyeventos.com.uy\/index.php\/2023\/07\/25\/twitter-pasa-a-llamarse-x\/#article","isPartOf":{"@id":"https:\/\/empresasyeventos.com.uy\/index.php\/2023\/07\/25\/twitter-pasa-a-llamarse-x\/"},"author":{"name":"Sergio Goloubintseff","@id":"https:\/\/empresasyeventos.com.uy\/#\/schema\/person\/e2ecff9df3397b6bced46c0154bc0aa2"},"headline":"Twitter pasa a llamarse X\u00a0","datePublished":"2023-07-25T13:30:00+00:00","dateModified":"2023-07-26T13:31:23+00:00","mainEntityOfPage":{"@id":"https:\/\/empresasyeventos.com.uy\/index.php\/2023\/07\/25\/twitter-pasa-a-llamarse-x\/"},"wordCount":185,"image":{"@id":"https:\/\/empresasyeventos.com.uy\/index.php\/2023\/07\/25\/twitter-pasa-a-llamarse-x\/#primaryimage"},"thumbnailUrl":"https:\/\/i0.wp.com\/empresasyeventos.com.uy\/wp-content\/uploads\/2023\/07\/Twitter-X.webp?fit=1900%2C1069&ssl=1","articleSection":["Internacional"],"inLanguage":"es"},{"@type":"WebPage","@id":"https:\/\/empresasyeventos.com.uy\/index.php\/2023\/07\/25\/twitter-pasa-a-llamarse-x\/","url":"https:\/\/empresasyeventos.com.uy\/index.php\/2023\/07\/25\/twitter-pasa-a-llamarse-x\/","name":"Twitter pasa a llamarse X\u00a0 - Empresas &amp; Eventos","isPartOf":{"@id":"https:\/\/empresasyeventos.com.uy\/#website"},"primaryImageOfPage":{"@id":"https:\/\/empresasyeventos.com.uy\/index.php\/2023\/07\/25\/twitter-pasa-a-llamarse-x\/#primaryimage"},"image":{"@id":"https:\/\/empresasyeventos.com.uy\/index.php\/2023\/07\/25\/twitter-pasa-a-llamarse-x\/#primaryimage"},"thumbnailUrl":"https:\/\/i0.wp.com\/empresasyeventos.com.uy\/wp-content\/uploads\/2023\/07\/Twitter-X.webp?fit=1900%2C1069&ssl=1","datePublished":"2023-07-25T13:30:00+00:00","dateModified":"2023-07-26T13:31:23+00:00","author":{"@id":"https:\/\/empresasyeventos.com.uy\/#\/schema\/person\/e2ecff9df3397b6bced46c0154bc0aa2"},"breadcrumb":{"@id":"https:\/\/empresasyeventos.com.uy\/index.php\/2023\/07\/25\/twitter-pasa-a-llamarse-x\/#breadcrumb"},"inLanguage":"es","potentialAction":[{"@type":"ReadAction","target":["https:\/\/empresasyeventos.com.uy\/index.php\/2023\/07\/25\/twitter-pasa-a-llamarse-x\/"]}]},{"@type":"ImageObject","inLanguage":"es","@id":"https:\/\/empresasyeventos.com.uy\/index.php\/2023\/07\/25\/twitter-pasa-a-llamarse-x\/#primaryimage","url":"https:\/\/i0.wp.com\/empresasyeventos.com.uy\/wp-content\/uploads\/2023\/07\/Twitter-X.webp?fit=1900%2C1069&ssl=1","contentUrl":"https:\/\/i0.wp.com\/empresasyeventos.com.uy\/wp-content\/uploads\/2023\/07\/Twitter-X.webp?fit=1900%2C1069&ssl=1","width":1900,"height":1069,"caption":"Twitter - X"},{"@type":"BreadcrumbList","@id":"https:\/\/empresasyeventos.com.uy\/index.php\/2023\/07\/25\/twitter-pasa-a-llamarse-x\/#breadcrumb","itemListElement":[{"@type":"ListItem","position":1,"name":"Home","item":"https:\/\/empresasyeventos.com.uy\/"},{"@type":"ListItem","position":2,"name":"Twitter pasa a llamarse X\u00a0"}]},{"@type":"WebSite","@id":"https:\/\/empresasyeventos.com.uy\/#website","url":"https:\/\/empresasyeventos.com.uy\/","name":"Empresas &amp; Eventos","description":"Portal de noticias de Empresas y Eventos","potentialAction":[{"@type":"SearchAction","target":{"@type":"EntryPoint","urlTemplate":"https:\/\/empresasyeventos.com.uy\/?s={search_term_string}"},"query-input":{"@type":"PropertyValueSpecification","valueRequired":true,"valueName":"search_term_string"}}],"inLanguage":"es"},{"@type":"Person","@id":"https:\/\/empresasyeventos.com.uy\/#\/schema\/person\/e2ecff9df3397b6bced46c0154bc0aa2","name":"Sergio Goloubintseff","image":{"@type":"ImageObject","inLanguage":"es","@id":"https:\/\/empresasyeventos.com.uy\/wp-content\/litespeed\/avatar\/e7e78d5d2c4fffc5dbfffc2212c10ee5.jpg?ver=1776792077","url":"https:\/\/empresasyeventos.com.uy\/wp-content\/litespeed\/avatar\/e7e78d5d2c4fffc5dbfffc2212c10ee5.jpg?ver=1776792077","contentUrl":"https:\/\/empresasyeventos.com.uy\/wp-content\/litespeed\/avatar\/e7e78d5d2c4fffc5dbfffc2212c10ee5.jpg?ver=1776792077","caption":"Sergio Goloubintseff"},"url":"https:\/\/empresasyeventos.com.uy\/index.php\/author\/sergio-goloubintseff\/"}]}},"jetpack_publicize_connections":[],"jetpack_featured_media_url":"https:\/\/i0.wp.com\/empresasyeventos.com.uy\/wp-content\/uploads\/2023\/07\/Twitter-X.webp?fit=1900%2C1069&ssl=1","jetpack_sharing_enabled":true,"_links":{"self":[{"href":"https:\/\/empresasyeventos.com.uy\/index.php\/wp-json\/wp\/v2\/posts\/2611","targetHints":{"allow":["GET"]}}],"collection":[{"href":"https:\/\/empresasyeventos.com.uy\/index.php\/wp-json\/wp\/v2\/posts"}],"about":[{"href":"https:\/\/empresasyeventos.com.uy\/index.php\/wp-json\/wp\/v2\/types\/post"}],"author":[{"embeddable":true,"href":"https:\/\/empresasyeventos.com.uy\/index.php\/wp-json\/wp\/v2\/users\/3"}],"replies":[{"embeddable":true,"href":"https:\/\/empresasyeventos.com.uy\/index.php\/wp-json\/wp\/v2\/comments?post=2611"}],"version-history":[{"count":1,"href":"https:\/\/empresasyeventos.com.uy\/index.php\/wp-json\/wp\/v2\/posts\/2611\/revisions"}],"predecessor-version":[{"id":2613,"href":"https:\/\/empresasyeventos.com.uy\/index.php\/wp-json\/wp\/v2\/posts\/2611\/revisions\/2613"}],"wp:featuredmedia":[{"embeddable":true,"href":"https:\/\/empresasyeventos.com.uy\/index.php\/wp-json\/wp\/v2\/media\/2612"}],"wp:attachment":[{"href":"https:\/\/empresasyeventos.com.uy\/index.php\/wp-json\/wp\/v2\/media?parent=2611"}],"wp:term":[{"taxonomy":"category","embeddable":true,"href":"https:\/\/empresasyeventos.com.uy\/index.php\/wp-json\/wp\/v2\/categories?post=2611"},{"taxonomy":"post_tag","embeddable":true,"href":"https:\/\/empresasyeventos.com.uy\/index.php\/wp-json\/wp\/v2\/tags?post=2611"}],"curies":[{"name":"wp","href":"https:\/\/api.w.org\/{rel}","templated":true}]}}