{"id":2575,"date":"2023-07-13T10:42:58","date_gmt":"2023-07-13T13:42:58","guid":{"rendered":"http:\/\/empresasyeventos.com.uy\/?p=2575"},"modified":"2023-07-13T10:43:07","modified_gmt":"2023-07-13T13:43:07","slug":"catena-zapata-elegida-la-mejor-del-mundo-garzon-se-ubico-sexta","status":"publish","type":"post","link":"https:\/\/empresasyeventos.com.uy\/index.php\/2023\/07\/13\/catena-zapata-elegida-la-mejor-del-mundo-garzon-se-ubico-sexta\/","title":{"rendered":"Catena Zapata elegida la mejor del mundo, Garz\u00f3n se ubic\u00f3 sexta"},"content":{"rendered":"\n<p>La bodega mendocina Catena Zapata fue elegida como la mejor del mundo&nbsp;en el prestigioso ranking&nbsp;World&#8217;s Best Vineyards&nbsp;en su edici\u00f3n 2023, celebrada esta semana en La&nbsp;Rioja, Espa\u00f1a. De este modo, Argentina vuelve a tener un representante en lo m\u00e1s alto de esta lista, que ya hab\u00eda ocupado la bodega Zuccardi en 2019, 2020 y 2021.<\/p>\n\n\n\n<p>Los premios World&#8217;s Best Vineyards&nbsp;son otorgados a partir de la votaci\u00f3n de&nbsp;un jurado integrado por m\u00e1s de 500 expertos y corresponsales de viajes&nbsp;de 22 regiones geogr\u00e1ficas que eval\u00faan vi\u00f1edos analizando tanto la calidad de los vinos como la experiencia que ofrecen al visitante.<\/p>\n\n\n\n<p>Catena Zapata, que en 2022\u00a0hab\u00eda quedado en el noveno\u00a0lugar, esta vez trep\u00f3 a lo m\u00e1s alto del podio, superando a\u00a0Herederos del Marqu\u00e9s de Riscal (Espa\u00f1a) y Vik (Chile) que quedaron en segundo y tercer lugar\u00a0respectivamente.\u00a0 La encargada de recibir la distinci\u00f3n fue Laura Catena, directora de la bodega familiar quien coment\u00f3: \u201cNos acabamos de ganar el premio de la bodega n\u00famero 1 del mundo. Estamos en Rioja, es un gran honor,\u00a0estoy pensando en mi padre, mi abuelo y mi bisabuelo que vino a la Argentina con un sue\u00f1o\u00bb. En lo que respecta a bodegas de Uruguay, Garz\u00f3n se meti\u00f3 en el sexto lugar siendo una gran distinci\u00f3n, mientras que Bouza se coloc\u00f3 en el puesto 30.<\/p>\n\n\n\n<figure class=\"wp-block-image size-full\"><img data-recalc-dims=\"1\" decoding=\"async\" width=\"696\" height=\"345\" data-attachment-id=\"2576\" data-permalink=\"https:\/\/empresasyeventos.com.uy\/index.php\/2023\/07\/13\/catena-zapata-elegida-la-mejor-del-mundo-garzon-se-ubico-sexta\/worlds-best-vineyards\/\" data-orig-file=\"https:\/\/i0.wp.com\/empresasyeventos.com.uy\/wp-content\/uploads\/2023\/07\/Worlds-Best-Vineyards.jpg?fit=800%2C396&amp;ssl=1\" data-orig-size=\"800,396\" data-comments-opened=\"0\" data-image-meta=\"{&quot;aperture&quot;:&quot;0&quot;,&quot;credit&quot;:&quot;&quot;,&quot;camera&quot;:&quot;&quot;,&quot;caption&quot;:&quot;&quot;,&quot;created_timestamp&quot;:&quot;0&quot;,&quot;copyright&quot;:&quot;&quot;,&quot;focal_length&quot;:&quot;0&quot;,&quot;iso&quot;:&quot;0&quot;,&quot;shutter_speed&quot;:&quot;0&quot;,&quot;title&quot;:&quot;&quot;,&quot;orientation&quot;:&quot;0&quot;}\" data-image-title=\"World&amp;#8217;s Best Vineyards\" data-image-description=\"&lt;p&gt;World&amp;#8217;s Best Vineyards&lt;\/p&gt;\n\" data-image-caption=\"&lt;p&gt;World&amp;#8217;s Best Vineyards&lt;\/p&gt;\n\" data-large-file=\"https:\/\/i0.wp.com\/empresasyeventos.com.uy\/wp-content\/uploads\/2023\/07\/Worlds-Best-Vineyards.jpg?fit=800%2C396&amp;ssl=1\" src=\"https:\/\/i0.wp.com\/empresasyeventos.com.uy\/wp-content\/uploads\/2023\/07\/Worlds-Best-Vineyards.jpg?resize=696%2C345\" alt=\"World's Best Vineyards\" class=\"wp-image-2576\" srcset=\"https:\/\/i0.wp.com\/empresasyeventos.com.uy\/wp-content\/uploads\/2023\/07\/Worlds-Best-Vineyards.jpg?w=800&amp;ssl=1 800w, https:\/\/i0.wp.com\/empresasyeventos.com.uy\/wp-content\/uploads\/2023\/07\/Worlds-Best-Vineyards.jpg?resize=768%2C380&amp;ssl=1 768w, https:\/\/i0.wp.com\/empresasyeventos.com.uy\/wp-content\/uploads\/2023\/07\/Worlds-Best-Vineyards.jpg?resize=150%2C74&amp;ssl=1 150w, https:\/\/i0.wp.com\/empresasyeventos.com.uy\/wp-content\/uploads\/2023\/07\/Worlds-Best-Vineyards.jpg?resize=300%2C149&amp;ssl=1 300w, https:\/\/i0.wp.com\/empresasyeventos.com.uy\/wp-content\/uploads\/2023\/07\/Worlds-Best-Vineyards.jpg?resize=696%2C345&amp;ssl=1 696w, https:\/\/i0.wp.com\/empresasyeventos.com.uy\/wp-content\/uploads\/2023\/07\/Worlds-Best-Vineyards.jpg?resize=324%2C160&amp;ssl=1 324w, https:\/\/i0.wp.com\/empresasyeventos.com.uy\/wp-content\/uploads\/2023\/07\/Worlds-Best-Vineyards.jpg?resize=648%2C320&amp;ssl=1 648w\" sizes=\"(max-width: 696px) 100vw, 696px\" \/><figcaption class=\"wp-element-caption\">World&#8217;s Best Vineyards<\/figcaption><\/figure>\n","protected":false},"excerpt":{"rendered":"<p>La bodega mendocina Catena Zapata fue elegida como la mejor del mundo&nbsp;en el prestigioso ranking&nbsp;World&#8217;s Best Vineyards&nbsp;en su edici\u00f3n 2023, celebrada esta semana en La&nbsp;Rioja, Espa\u00f1a. De este modo, Argentina [&hellip;]<\/p>\n","protected":false},"author":3,"featured_media":2577,"comment_status":"closed","ping_status":"open","sticky":false,"template":"","format":"standard","meta":{"_exactmetrics_skip_tracking":false,"_exactmetrics_sitenote_active":false,"_exactmetrics_sitenote_note":"","_exactmetrics_sitenote_category":0,"_jetpack_memberships_contains_paid_content":false,"footnotes":"","jetpack_publicize_message":"","jetpack_publicize_feature_enabled":true,"jetpack_social_post_already_shared":true,"jetpack_social_options":{"image_generator_settings":{"template":"highway","default_image_id":0,"font":"","enabled":false},"version":2}},"categories":[487],"tags":[],"class_list":["post-2575","post","type-post","status-publish","format-standard","has-post-thumbnail","category-internacional"],"yoast_head":"<!-- This site is optimized with the Yoast SEO plugin v27.4 - https:\/\/yoast.com\/product\/yoast-seo-wordpress\/ -->\n<title>Catena Zapata elegida la mejor del mundo, Garz\u00f3n se ubic\u00f3 sexta - Empresas &amp; Eventos<\/title>\n<meta name=\"robots\" content=\"index, follow, max-snippet:-1, max-image-preview:large, max-video-preview:-1\" \/>\n<link rel=\"canonical\" href=\"https:\/\/empresasyeventos.com.uy\/index.php\/2023\/07\/13\/catena-zapata-elegida-la-mejor-del-mundo-garzon-se-ubico-sexta\/\" \/>\n<meta property=\"og:locale\" content=\"es_ES\" \/>\n<meta property=\"og:type\" content=\"article\" \/>\n<meta property=\"og:title\" content=\"Catena Zapata elegida la mejor del mundo, Garz\u00f3n se ubic\u00f3 sexta - Empresas &amp; Eventos\" \/>\n<meta property=\"og:description\" content=\"La bodega mendocina Catena Zapata fue elegida como la mejor del mundo&nbsp;en el prestigioso ranking&nbsp;World&#8217;s Best Vineyards&nbsp;en su edici\u00f3n 2023, celebrada esta semana en La&nbsp;Rioja, Espa\u00f1a. De este modo, Argentina [&hellip;]\" \/>\n<meta property=\"og:url\" content=\"https:\/\/empresasyeventos.com.uy\/index.php\/2023\/07\/13\/catena-zapata-elegida-la-mejor-del-mundo-garzon-se-ubico-sexta\/\" \/>\n<meta property=\"og:site_name\" content=\"Empresas &amp; Eventos\" \/>\n<meta property=\"article:published_time\" content=\"2023-07-13T13:42:58+00:00\" \/>\n<meta property=\"article:modified_time\" content=\"2023-07-13T13:43:07+00:00\" \/>\n<meta property=\"og:image\" content=\"https:\/\/empresasyeventos.com.uy\/wp-content\/uploads\/2023\/07\/Catena-Zapata.jpg\" \/>\n\t<meta property=\"og:image:width\" content=\"800\" \/>\n\t<meta property=\"og:image:height\" content=\"651\" \/>\n\t<meta property=\"og:image:type\" content=\"image\/jpeg\" \/>\n<meta name=\"author\" content=\"Sergio Goloubintseff\" \/>\n<meta name=\"twitter:card\" content=\"summary_large_image\" \/>\n<meta name=\"twitter:label1\" content=\"Escrito por\" \/>\n\t<meta name=\"twitter:data1\" content=\"Sergio Goloubintseff\" \/>\n\t<meta name=\"twitter:label2\" content=\"Tiempo de lectura\" \/>\n\t<meta name=\"twitter:data2\" content=\"2 minutos\" \/>\n<script type=\"application\/ld+json\" class=\"yoast-schema-graph\">{\"@context\":\"https:\\\/\\\/schema.org\",\"@graph\":[{\"@type\":\"Article\",\"@id\":\"https:\\\/\\\/empresasyeventos.com.uy\\\/index.php\\\/2023\\\/07\\\/13\\\/catena-zapata-elegida-la-mejor-del-mundo-garzon-se-ubico-sexta\\\/#article\",\"isPartOf\":{\"@id\":\"https:\\\/\\\/empresasyeventos.com.uy\\\/index.php\\\/2023\\\/07\\\/13\\\/catena-zapata-elegida-la-mejor-del-mundo-garzon-se-ubico-sexta\\\/\"},\"author\":{\"name\":\"Sergio Goloubintseff\",\"@id\":\"https:\\\/\\\/empresasyeventos.com.uy\\\/#\\\/schema\\\/person\\\/e2ecff9df3397b6bced46c0154bc0aa2\"},\"headline\":\"Catena Zapata elegida la mejor del mundo, Garz\u00f3n se ubic\u00f3 sexta\",\"datePublished\":\"2023-07-13T13:42:58+00:00\",\"dateModified\":\"2023-07-13T13:43:07+00:00\",\"mainEntityOfPage\":{\"@id\":\"https:\\\/\\\/empresasyeventos.com.uy\\\/index.php\\\/2023\\\/07\\\/13\\\/catena-zapata-elegida-la-mejor-del-mundo-garzon-se-ubico-sexta\\\/\"},\"wordCount\":259,\"image\":{\"@id\":\"https:\\\/\\\/empresasyeventos.com.uy\\\/index.php\\\/2023\\\/07\\\/13\\\/catena-zapata-elegida-la-mejor-del-mundo-garzon-se-ubico-sexta\\\/#primaryimage\"},\"thumbnailUrl\":\"https:\\\/\\\/i0.wp.com\\\/empresasyeventos.com.uy\\\/wp-content\\\/uploads\\\/2023\\\/07\\\/Catena-Zapata.jpg?fit=800%2C651&ssl=1\",\"articleSection\":[\"Internacional\"],\"inLanguage\":\"es\"},{\"@type\":\"WebPage\",\"@id\":\"https:\\\/\\\/empresasyeventos.com.uy\\\/index.php\\\/2023\\\/07\\\/13\\\/catena-zapata-elegida-la-mejor-del-mundo-garzon-se-ubico-sexta\\\/\",\"url\":\"https:\\\/\\\/empresasyeventos.com.uy\\\/index.php\\\/2023\\\/07\\\/13\\\/catena-zapata-elegida-la-mejor-del-mundo-garzon-se-ubico-sexta\\\/\",\"name\":\"Catena Zapata elegida la mejor del mundo, Garz\u00f3n se ubic\u00f3 sexta - Empresas &amp; Eventos\",\"isPartOf\":{\"@id\":\"https:\\\/\\\/empresasyeventos.com.uy\\\/#website\"},\"primaryImageOfPage\":{\"@id\":\"https:\\\/\\\/empresasyeventos.com.uy\\\/index.php\\\/2023\\\/07\\\/13\\\/catena-zapata-elegida-la-mejor-del-mundo-garzon-se-ubico-sexta\\\/#primaryimage\"},\"image\":{\"@id\":\"https:\\\/\\\/empresasyeventos.com.uy\\\/index.php\\\/2023\\\/07\\\/13\\\/catena-zapata-elegida-la-mejor-del-mundo-garzon-se-ubico-sexta\\\/#primaryimage\"},\"thumbnailUrl\":\"https:\\\/\\\/i0.wp.com\\\/empresasyeventos.com.uy\\\/wp-content\\\/uploads\\\/2023\\\/07\\\/Catena-Zapata.jpg?fit=800%2C651&ssl=1\",\"datePublished\":\"2023-07-13T13:42:58+00:00\",\"dateModified\":\"2023-07-13T13:43:07+00:00\",\"author\":{\"@id\":\"https:\\\/\\\/empresasyeventos.com.uy\\\/#\\\/schema\\\/person\\\/e2ecff9df3397b6bced46c0154bc0aa2\"},\"breadcrumb\":{\"@id\":\"https:\\\/\\\/empresasyeventos.com.uy\\\/index.php\\\/2023\\\/07\\\/13\\\/catena-zapata-elegida-la-mejor-del-mundo-garzon-se-ubico-sexta\\\/#breadcrumb\"},\"inLanguage\":\"es\",\"potentialAction\":[{\"@type\":\"ReadAction\",\"target\":[\"https:\\\/\\\/empresasyeventos.com.uy\\\/index.php\\\/2023\\\/07\\\/13\\\/catena-zapata-elegida-la-mejor-del-mundo-garzon-se-ubico-sexta\\\/\"]}]},{\"@type\":\"ImageObject\",\"inLanguage\":\"es\",\"@id\":\"https:\\\/\\\/empresasyeventos.com.uy\\\/index.php\\\/2023\\\/07\\\/13\\\/catena-zapata-elegida-la-mejor-del-mundo-garzon-se-ubico-sexta\\\/#primaryimage\",\"url\":\"https:\\\/\\\/i0.wp.com\\\/empresasyeventos.com.uy\\\/wp-content\\\/uploads\\\/2023\\\/07\\\/Catena-Zapata.jpg?fit=800%2C651&ssl=1\",\"contentUrl\":\"https:\\\/\\\/i0.wp.com\\\/empresasyeventos.com.uy\\\/wp-content\\\/uploads\\\/2023\\\/07\\\/Catena-Zapata.jpg?fit=800%2C651&ssl=1\",\"width\":800,\"height\":651,\"caption\":\"Catena Zapata World's Best Vineyards\"},{\"@type\":\"BreadcrumbList\",\"@id\":\"https:\\\/\\\/empresasyeventos.com.uy\\\/index.php\\\/2023\\\/07\\\/13\\\/catena-zapata-elegida-la-mejor-del-mundo-garzon-se-ubico-sexta\\\/#breadcrumb\",\"itemListElement\":[{\"@type\":\"ListItem\",\"position\":1,\"name\":\"Home\",\"item\":\"https:\\\/\\\/empresasyeventos.com.uy\\\/\"},{\"@type\":\"ListItem\",\"position\":2,\"name\":\"Catena Zapata elegida la mejor del mundo, Garz\u00f3n se ubic\u00f3 sexta\"}]},{\"@type\":\"WebSite\",\"@id\":\"https:\\\/\\\/empresasyeventos.com.uy\\\/#website\",\"url\":\"https:\\\/\\\/empresasyeventos.com.uy\\\/\",\"name\":\"Empresas &amp; Eventos\",\"description\":\"Portal de noticias de Empresas y Eventos\",\"potentialAction\":[{\"@type\":\"SearchAction\",\"target\":{\"@type\":\"EntryPoint\",\"urlTemplate\":\"https:\\\/\\\/empresasyeventos.com.uy\\\/?s={search_term_string}\"},\"query-input\":{\"@type\":\"PropertyValueSpecification\",\"valueRequired\":true,\"valueName\":\"search_term_string\"}}],\"inLanguage\":\"es\"},{\"@type\":\"Person\",\"@id\":\"https:\\\/\\\/empresasyeventos.com.uy\\\/#\\\/schema\\\/person\\\/e2ecff9df3397b6bced46c0154bc0aa2\",\"name\":\"Sergio Goloubintseff\",\"image\":{\"@type\":\"ImageObject\",\"inLanguage\":\"es\",\"@id\":\"https:\\\/\\\/empresasyeventos.com.uy\\\/wp-content\\\/litespeed\\\/avatar\\\/e7e78d5d2c4fffc5dbfffc2212c10ee5.jpg?ver=1776792077\",\"url\":\"https:\\\/\\\/empresasyeventos.com.uy\\\/wp-content\\\/litespeed\\\/avatar\\\/e7e78d5d2c4fffc5dbfffc2212c10ee5.jpg?ver=1776792077\",\"contentUrl\":\"https:\\\/\\\/empresasyeventos.com.uy\\\/wp-content\\\/litespeed\\\/avatar\\\/e7e78d5d2c4fffc5dbfffc2212c10ee5.jpg?ver=1776792077\",\"caption\":\"Sergio Goloubintseff\"},\"url\":\"https:\\\/\\\/empresasyeventos.com.uy\\\/index.php\\\/author\\\/sergio-goloubintseff\\\/\"}]}<\/script>\n<!-- \/ Yoast SEO plugin. -->","yoast_head_json":{"title":"Catena Zapata elegida la mejor del mundo, Garz\u00f3n se ubic\u00f3 sexta - Empresas &amp; Eventos","robots":{"index":"index","follow":"follow","max-snippet":"max-snippet:-1","max-image-preview":"max-image-preview:large","max-video-preview":"max-video-preview:-1"},"canonical":"https:\/\/empresasyeventos.com.uy\/index.php\/2023\/07\/13\/catena-zapata-elegida-la-mejor-del-mundo-garzon-se-ubico-sexta\/","og_locale":"es_ES","og_type":"article","og_title":"Catena Zapata elegida la mejor del mundo, Garz\u00f3n se ubic\u00f3 sexta - Empresas &amp; Eventos","og_description":"La bodega mendocina Catena Zapata fue elegida como la mejor del mundo&nbsp;en el prestigioso ranking&nbsp;World&#8217;s Best Vineyards&nbsp;en su edici\u00f3n 2023, celebrada esta semana en La&nbsp;Rioja, Espa\u00f1a. De este modo, Argentina [&hellip;]","og_url":"https:\/\/empresasyeventos.com.uy\/index.php\/2023\/07\/13\/catena-zapata-elegida-la-mejor-del-mundo-garzon-se-ubico-sexta\/","og_site_name":"Empresas &amp; Eventos","article_published_time":"2023-07-13T13:42:58+00:00","article_modified_time":"2023-07-13T13:43:07+00:00","og_image":[{"width":800,"height":651,"url":"https:\/\/empresasyeventos.com.uy\/wp-content\/uploads\/2023\/07\/Catena-Zapata.jpg","type":"image\/jpeg"}],"author":"Sergio Goloubintseff","twitter_card":"summary_large_image","twitter_misc":{"Escrito por":"Sergio Goloubintseff","Tiempo de lectura":"2 minutos"},"schema":{"@context":"https:\/\/schema.org","@graph":[{"@type":"Article","@id":"https:\/\/empresasyeventos.com.uy\/index.php\/2023\/07\/13\/catena-zapata-elegida-la-mejor-del-mundo-garzon-se-ubico-sexta\/#article","isPartOf":{"@id":"https:\/\/empresasyeventos.com.uy\/index.php\/2023\/07\/13\/catena-zapata-elegida-la-mejor-del-mundo-garzon-se-ubico-sexta\/"},"author":{"name":"Sergio Goloubintseff","@id":"https:\/\/empresasyeventos.com.uy\/#\/schema\/person\/e2ecff9df3397b6bced46c0154bc0aa2"},"headline":"Catena Zapata elegida la mejor del mundo, Garz\u00f3n se ubic\u00f3 sexta","datePublished":"2023-07-13T13:42:58+00:00","dateModified":"2023-07-13T13:43:07+00:00","mainEntityOfPage":{"@id":"https:\/\/empresasyeventos.com.uy\/index.php\/2023\/07\/13\/catena-zapata-elegida-la-mejor-del-mundo-garzon-se-ubico-sexta\/"},"wordCount":259,"image":{"@id":"https:\/\/empresasyeventos.com.uy\/index.php\/2023\/07\/13\/catena-zapata-elegida-la-mejor-del-mundo-garzon-se-ubico-sexta\/#primaryimage"},"thumbnailUrl":"https:\/\/i0.wp.com\/empresasyeventos.com.uy\/wp-content\/uploads\/2023\/07\/Catena-Zapata.jpg?fit=800%2C651&ssl=1","articleSection":["Internacional"],"inLanguage":"es"},{"@type":"WebPage","@id":"https:\/\/empresasyeventos.com.uy\/index.php\/2023\/07\/13\/catena-zapata-elegida-la-mejor-del-mundo-garzon-se-ubico-sexta\/","url":"https:\/\/empresasyeventos.com.uy\/index.php\/2023\/07\/13\/catena-zapata-elegida-la-mejor-del-mundo-garzon-se-ubico-sexta\/","name":"Catena Zapata elegida la mejor del mundo, Garz\u00f3n se ubic\u00f3 sexta - Empresas &amp; Eventos","isPartOf":{"@id":"https:\/\/empresasyeventos.com.uy\/#website"},"primaryImageOfPage":{"@id":"https:\/\/empresasyeventos.com.uy\/index.php\/2023\/07\/13\/catena-zapata-elegida-la-mejor-del-mundo-garzon-se-ubico-sexta\/#primaryimage"},"image":{"@id":"https:\/\/empresasyeventos.com.uy\/index.php\/2023\/07\/13\/catena-zapata-elegida-la-mejor-del-mundo-garzon-se-ubico-sexta\/#primaryimage"},"thumbnailUrl":"https:\/\/i0.wp.com\/empresasyeventos.com.uy\/wp-content\/uploads\/2023\/07\/Catena-Zapata.jpg?fit=800%2C651&ssl=1","datePublished":"2023-07-13T13:42:58+00:00","dateModified":"2023-07-13T13:43:07+00:00","author":{"@id":"https:\/\/empresasyeventos.com.uy\/#\/schema\/person\/e2ecff9df3397b6bced46c0154bc0aa2"},"breadcrumb":{"@id":"https:\/\/empresasyeventos.com.uy\/index.php\/2023\/07\/13\/catena-zapata-elegida-la-mejor-del-mundo-garzon-se-ubico-sexta\/#breadcrumb"},"inLanguage":"es","potentialAction":[{"@type":"ReadAction","target":["https:\/\/empresasyeventos.com.uy\/index.php\/2023\/07\/13\/catena-zapata-elegida-la-mejor-del-mundo-garzon-se-ubico-sexta\/"]}]},{"@type":"ImageObject","inLanguage":"es","@id":"https:\/\/empresasyeventos.com.uy\/index.php\/2023\/07\/13\/catena-zapata-elegida-la-mejor-del-mundo-garzon-se-ubico-sexta\/#primaryimage","url":"https:\/\/i0.wp.com\/empresasyeventos.com.uy\/wp-content\/uploads\/2023\/07\/Catena-Zapata.jpg?fit=800%2C651&ssl=1","contentUrl":"https:\/\/i0.wp.com\/empresasyeventos.com.uy\/wp-content\/uploads\/2023\/07\/Catena-Zapata.jpg?fit=800%2C651&ssl=1","width":800,"height":651,"caption":"Catena Zapata World's Best Vineyards"},{"@type":"BreadcrumbList","@id":"https:\/\/empresasyeventos.com.uy\/index.php\/2023\/07\/13\/catena-zapata-elegida-la-mejor-del-mundo-garzon-se-ubico-sexta\/#breadcrumb","itemListElement":[{"@type":"ListItem","position":1,"name":"Home","item":"https:\/\/empresasyeventos.com.uy\/"},{"@type":"ListItem","position":2,"name":"Catena Zapata elegida la mejor del mundo, Garz\u00f3n se ubic\u00f3 sexta"}]},{"@type":"WebSite","@id":"https:\/\/empresasyeventos.com.uy\/#website","url":"https:\/\/empresasyeventos.com.uy\/","name":"Empresas &amp; Eventos","description":"Portal de noticias de Empresas y Eventos","potentialAction":[{"@type":"SearchAction","target":{"@type":"EntryPoint","urlTemplate":"https:\/\/empresasyeventos.com.uy\/?s={search_term_string}"},"query-input":{"@type":"PropertyValueSpecification","valueRequired":true,"valueName":"search_term_string"}}],"inLanguage":"es"},{"@type":"Person","@id":"https:\/\/empresasyeventos.com.uy\/#\/schema\/person\/e2ecff9df3397b6bced46c0154bc0aa2","name":"Sergio Goloubintseff","image":{"@type":"ImageObject","inLanguage":"es","@id":"https:\/\/empresasyeventos.com.uy\/wp-content\/litespeed\/avatar\/e7e78d5d2c4fffc5dbfffc2212c10ee5.jpg?ver=1776792077","url":"https:\/\/empresasyeventos.com.uy\/wp-content\/litespeed\/avatar\/e7e78d5d2c4fffc5dbfffc2212c10ee5.jpg?ver=1776792077","contentUrl":"https:\/\/empresasyeventos.com.uy\/wp-content\/litespeed\/avatar\/e7e78d5d2c4fffc5dbfffc2212c10ee5.jpg?ver=1776792077","caption":"Sergio Goloubintseff"},"url":"https:\/\/empresasyeventos.com.uy\/index.php\/author\/sergio-goloubintseff\/"}]}},"jetpack_publicize_connections":[],"jetpack_featured_media_url":"https:\/\/i0.wp.com\/empresasyeventos.com.uy\/wp-content\/uploads\/2023\/07\/Catena-Zapata.jpg?fit=800%2C651&ssl=1","jetpack_sharing_enabled":true,"_links":{"self":[{"href":"https:\/\/empresasyeventos.com.uy\/index.php\/wp-json\/wp\/v2\/posts\/2575","targetHints":{"allow":["GET"]}}],"collection":[{"href":"https:\/\/empresasyeventos.com.uy\/index.php\/wp-json\/wp\/v2\/posts"}],"about":[{"href":"https:\/\/empresasyeventos.com.uy\/index.php\/wp-json\/wp\/v2\/types\/post"}],"author":[{"embeddable":true,"href":"https:\/\/empresasyeventos.com.uy\/index.php\/wp-json\/wp\/v2\/users\/3"}],"replies":[{"embeddable":true,"href":"https:\/\/empresasyeventos.com.uy\/index.php\/wp-json\/wp\/v2\/comments?post=2575"}],"version-history":[{"count":1,"href":"https:\/\/empresasyeventos.com.uy\/index.php\/wp-json\/wp\/v2\/posts\/2575\/revisions"}],"predecessor-version":[{"id":2578,"href":"https:\/\/empresasyeventos.com.uy\/index.php\/wp-json\/wp\/v2\/posts\/2575\/revisions\/2578"}],"wp:featuredmedia":[{"embeddable":true,"href":"https:\/\/empresasyeventos.com.uy\/index.php\/wp-json\/wp\/v2\/media\/2577"}],"wp:attachment":[{"href":"https:\/\/empresasyeventos.com.uy\/index.php\/wp-json\/wp\/v2\/media?parent=2575"}],"wp:term":[{"taxonomy":"category","embeddable":true,"href":"https:\/\/empresasyeventos.com.uy\/index.php\/wp-json\/wp\/v2\/categories?post=2575"},{"taxonomy":"post_tag","embeddable":true,"href":"https:\/\/empresasyeventos.com.uy\/index.php\/wp-json\/wp\/v2\/tags?post=2575"}],"curies":[{"name":"wp","href":"https:\/\/api.w.org\/{rel}","templated":true}]}}