{"id":2420,"date":"2023-03-22T11:01:12","date_gmt":"2023-03-22T14:01:12","guid":{"rendered":"http:\/\/empresasyeventos.com.uy\/?p=2420"},"modified":"2023-03-22T11:01:37","modified_gmt":"2023-03-22T14:01:37","slug":"on-y-la-numero-1","status":"publish","type":"post","link":"https:\/\/empresasyeventos.com.uy\/index.php\/2023\/03\/22\/on-y-la-numero-1\/","title":{"rendered":"On y la n\u00famero 1"},"content":{"rendered":"<div id=\":yd\" class=\"ii gt\">\n<div id=\":yc\" class=\"a3s aiL \">\n<div>\n<p>La marca de indumentaria y calzado On firma con la n\u00famero 1 del ranking WTA, Iga Swiatek, como nueva imagen de la empresa suiza. La marca nacida en el 2010, On con su propia e innovadora tecnolog\u00eda CloudTec tiene un objetivo: revolucionar la sensaci\u00f3n al correr. On contaba con Roger Federer como accionista y el fichaje de la polaca movi\u00f3 todo.<\/p>\n<p>La propia marca ha sido la encargada de desvelar la noticia.\u00a0<em>\u201cEstoy muy emocionada de ser la primera tenista que se une a On. Sus valores son lo que verdaderamente me une a la marca. Me entusiasma la idea de crecer juntos y ser un ejemplo para otras jugadoras que aspiran a ser las mejores\u201d<\/em>, dice Swiatek en la web oficial de la marca. De esta manera, la polaca dejar\u00e1 de asociarse con ASICS. Adem\u00e1s de Swiatek tambi\u00e9n jugar\u00e1n con On el estadounidense,\u00a0Ben Shelton\u00a0y\u00a0Joao Fonseca. On es un calzado de tenis de alto rendimiento\u00a0que a nivel mundial est\u00e1 cambiando la experiencia del running.<\/p>\n<div class=\"yj6qo\"><\/div>\n<div class=\"adL\"><\/div>\n<\/div>\n<div class=\"adL\"><\/div>\n<\/div>\n<\/div>\n<div id=\":z7\" class=\"hq gt\"><\/div>\n","protected":false},"excerpt":{"rendered":"<p>La marca de indumentaria y calzado On firma con la n\u00famero 1 del ranking WTA, Iga Swiatek, como nueva imagen de la empresa suiza. La marca nacida en el 2010, [&hellip;]<\/p>\n","protected":false},"author":3,"featured_media":2421,"comment_status":"closed","ping_status":"open","sticky":false,"template":"","format":"standard","meta":{"_exactmetrics_skip_tracking":false,"_exactmetrics_sitenote_active":false,"_exactmetrics_sitenote_note":"","_exactmetrics_sitenote_category":0,"_jetpack_memberships_contains_paid_content":false,"footnotes":"","jetpack_publicize_message":"On y la n\u00famero 1","jetpack_publicize_feature_enabled":true,"jetpack_social_post_already_shared":true,"jetpack_social_options":{"image_generator_settings":{"template":"highway","default_image_id":0,"font":"","enabled":false},"version":2}},"categories":[487],"tags":[],"class_list":["post-2420","post","type-post","status-publish","format-standard","has-post-thumbnail","category-internacional"],"yoast_head":"<!-- This site is optimized with the Yoast SEO plugin v27.4 - https:\/\/yoast.com\/product\/yoast-seo-wordpress\/ -->\n<title>On y la n\u00famero 1 - Empresas &amp; Eventos<\/title>\n<meta name=\"robots\" content=\"index, follow, max-snippet:-1, max-image-preview:large, max-video-preview:-1\" \/>\n<link rel=\"canonical\" href=\"https:\/\/empresasyeventos.com.uy\/index.php\/2023\/03\/22\/on-y-la-numero-1\/\" \/>\n<meta property=\"og:locale\" content=\"es_ES\" \/>\n<meta property=\"og:type\" content=\"article\" \/>\n<meta property=\"og:title\" content=\"On y la n\u00famero 1 - Empresas &amp; Eventos\" \/>\n<meta property=\"og:description\" content=\"La marca de indumentaria y calzado On firma con la n\u00famero 1 del ranking WTA, Iga Swiatek, como nueva imagen de la empresa suiza. La marca nacida en el 2010, [&hellip;]\" \/>\n<meta property=\"og:url\" content=\"https:\/\/empresasyeventos.com.uy\/index.php\/2023\/03\/22\/on-y-la-numero-1\/\" \/>\n<meta property=\"og:site_name\" content=\"Empresas &amp; Eventos\" \/>\n<meta property=\"article:published_time\" content=\"2023-03-22T14:01:12+00:00\" \/>\n<meta property=\"article:modified_time\" content=\"2023-03-22T14:01:37+00:00\" \/>\n<meta property=\"og:image\" content=\"https:\/\/empresasyeventos.com.uy\/wp-content\/uploads\/2023\/03\/Iga-Swiatek.jpg\" \/>\n\t<meta property=\"og:image:width\" content=\"800\" \/>\n\t<meta property=\"og:image:height\" content=\"517\" \/>\n\t<meta property=\"og:image:type\" content=\"image\/jpeg\" \/>\n<meta name=\"author\" content=\"Sergio Goloubintseff\" \/>\n<meta name=\"twitter:card\" content=\"summary_large_image\" \/>\n<meta name=\"twitter:label1\" content=\"Escrito por\" \/>\n\t<meta name=\"twitter:data1\" content=\"Sergio Goloubintseff\" \/>\n\t<meta name=\"twitter:label2\" content=\"Tiempo de lectura\" \/>\n\t<meta name=\"twitter:data2\" content=\"1 minuto\" \/>\n<script type=\"application\/ld+json\" class=\"yoast-schema-graph\">{\"@context\":\"https:\\\/\\\/schema.org\",\"@graph\":[{\"@type\":\"Article\",\"@id\":\"https:\\\/\\\/empresasyeventos.com.uy\\\/index.php\\\/2023\\\/03\\\/22\\\/on-y-la-numero-1\\\/#article\",\"isPartOf\":{\"@id\":\"https:\\\/\\\/empresasyeventos.com.uy\\\/index.php\\\/2023\\\/03\\\/22\\\/on-y-la-numero-1\\\/\"},\"author\":{\"name\":\"Sergio Goloubintseff\",\"@id\":\"https:\\\/\\\/empresasyeventos.com.uy\\\/#\\\/schema\\\/person\\\/e2ecff9df3397b6bced46c0154bc0aa2\"},\"headline\":\"On y la n\u00famero 1\",\"datePublished\":\"2023-03-22T14:01:12+00:00\",\"dateModified\":\"2023-03-22T14:01:37+00:00\",\"mainEntityOfPage\":{\"@id\":\"https:\\\/\\\/empresasyeventos.com.uy\\\/index.php\\\/2023\\\/03\\\/22\\\/on-y-la-numero-1\\\/\"},\"wordCount\":177,\"image\":{\"@id\":\"https:\\\/\\\/empresasyeventos.com.uy\\\/index.php\\\/2023\\\/03\\\/22\\\/on-y-la-numero-1\\\/#primaryimage\"},\"thumbnailUrl\":\"https:\\\/\\\/i0.wp.com\\\/empresasyeventos.com.uy\\\/wp-content\\\/uploads\\\/2023\\\/03\\\/Iga-Swiatek.jpg?fit=800%2C517&ssl=1\",\"articleSection\":[\"Internacional\"],\"inLanguage\":\"es\"},{\"@type\":\"WebPage\",\"@id\":\"https:\\\/\\\/empresasyeventos.com.uy\\\/index.php\\\/2023\\\/03\\\/22\\\/on-y-la-numero-1\\\/\",\"url\":\"https:\\\/\\\/empresasyeventos.com.uy\\\/index.php\\\/2023\\\/03\\\/22\\\/on-y-la-numero-1\\\/\",\"name\":\"On y la n\u00famero 1 - Empresas &amp; Eventos\",\"isPartOf\":{\"@id\":\"https:\\\/\\\/empresasyeventos.com.uy\\\/#website\"},\"primaryImageOfPage\":{\"@id\":\"https:\\\/\\\/empresasyeventos.com.uy\\\/index.php\\\/2023\\\/03\\\/22\\\/on-y-la-numero-1\\\/#primaryimage\"},\"image\":{\"@id\":\"https:\\\/\\\/empresasyeventos.com.uy\\\/index.php\\\/2023\\\/03\\\/22\\\/on-y-la-numero-1\\\/#primaryimage\"},\"thumbnailUrl\":\"https:\\\/\\\/i0.wp.com\\\/empresasyeventos.com.uy\\\/wp-content\\\/uploads\\\/2023\\\/03\\\/Iga-Swiatek.jpg?fit=800%2C517&ssl=1\",\"datePublished\":\"2023-03-22T14:01:12+00:00\",\"dateModified\":\"2023-03-22T14:01:37+00:00\",\"author\":{\"@id\":\"https:\\\/\\\/empresasyeventos.com.uy\\\/#\\\/schema\\\/person\\\/e2ecff9df3397b6bced46c0154bc0aa2\"},\"breadcrumb\":{\"@id\":\"https:\\\/\\\/empresasyeventos.com.uy\\\/index.php\\\/2023\\\/03\\\/22\\\/on-y-la-numero-1\\\/#breadcrumb\"},\"inLanguage\":\"es\",\"potentialAction\":[{\"@type\":\"ReadAction\",\"target\":[\"https:\\\/\\\/empresasyeventos.com.uy\\\/index.php\\\/2023\\\/03\\\/22\\\/on-y-la-numero-1\\\/\"]}]},{\"@type\":\"ImageObject\",\"inLanguage\":\"es\",\"@id\":\"https:\\\/\\\/empresasyeventos.com.uy\\\/index.php\\\/2023\\\/03\\\/22\\\/on-y-la-numero-1\\\/#primaryimage\",\"url\":\"https:\\\/\\\/i0.wp.com\\\/empresasyeventos.com.uy\\\/wp-content\\\/uploads\\\/2023\\\/03\\\/Iga-Swiatek.jpg?fit=800%2C517&ssl=1\",\"contentUrl\":\"https:\\\/\\\/i0.wp.com\\\/empresasyeventos.com.uy\\\/wp-content\\\/uploads\\\/2023\\\/03\\\/Iga-Swiatek.jpg?fit=800%2C517&ssl=1\",\"width\":800,\"height\":517},{\"@type\":\"BreadcrumbList\",\"@id\":\"https:\\\/\\\/empresasyeventos.com.uy\\\/index.php\\\/2023\\\/03\\\/22\\\/on-y-la-numero-1\\\/#breadcrumb\",\"itemListElement\":[{\"@type\":\"ListItem\",\"position\":1,\"name\":\"Home\",\"item\":\"https:\\\/\\\/empresasyeventos.com.uy\\\/\"},{\"@type\":\"ListItem\",\"position\":2,\"name\":\"On y la n\u00famero 1\"}]},{\"@type\":\"WebSite\",\"@id\":\"https:\\\/\\\/empresasyeventos.com.uy\\\/#website\",\"url\":\"https:\\\/\\\/empresasyeventos.com.uy\\\/\",\"name\":\"Empresas &amp; Eventos\",\"description\":\"Portal de noticias de Empresas y Eventos\",\"potentialAction\":[{\"@type\":\"SearchAction\",\"target\":{\"@type\":\"EntryPoint\",\"urlTemplate\":\"https:\\\/\\\/empresasyeventos.com.uy\\\/?s={search_term_string}\"},\"query-input\":{\"@type\":\"PropertyValueSpecification\",\"valueRequired\":true,\"valueName\":\"search_term_string\"}}],\"inLanguage\":\"es\"},{\"@type\":\"Person\",\"@id\":\"https:\\\/\\\/empresasyeventos.com.uy\\\/#\\\/schema\\\/person\\\/e2ecff9df3397b6bced46c0154bc0aa2\",\"name\":\"Sergio Goloubintseff\",\"image\":{\"@type\":\"ImageObject\",\"inLanguage\":\"es\",\"@id\":\"https:\\\/\\\/empresasyeventos.com.uy\\\/wp-content\\\/litespeed\\\/avatar\\\/e7e78d5d2c4fffc5dbfffc2212c10ee5.jpg?ver=1776792077\",\"url\":\"https:\\\/\\\/empresasyeventos.com.uy\\\/wp-content\\\/litespeed\\\/avatar\\\/e7e78d5d2c4fffc5dbfffc2212c10ee5.jpg?ver=1776792077\",\"contentUrl\":\"https:\\\/\\\/empresasyeventos.com.uy\\\/wp-content\\\/litespeed\\\/avatar\\\/e7e78d5d2c4fffc5dbfffc2212c10ee5.jpg?ver=1776792077\",\"caption\":\"Sergio Goloubintseff\"},\"url\":\"https:\\\/\\\/empresasyeventos.com.uy\\\/index.php\\\/author\\\/sergio-goloubintseff\\\/\"}]}<\/script>\n<!-- \/ Yoast SEO plugin. -->","yoast_head_json":{"title":"On y la n\u00famero 1 - Empresas &amp; Eventos","robots":{"index":"index","follow":"follow","max-snippet":"max-snippet:-1","max-image-preview":"max-image-preview:large","max-video-preview":"max-video-preview:-1"},"canonical":"https:\/\/empresasyeventos.com.uy\/index.php\/2023\/03\/22\/on-y-la-numero-1\/","og_locale":"es_ES","og_type":"article","og_title":"On y la n\u00famero 1 - Empresas &amp; Eventos","og_description":"La marca de indumentaria y calzado On firma con la n\u00famero 1 del ranking WTA, Iga Swiatek, como nueva imagen de la empresa suiza. La marca nacida en el 2010, [&hellip;]","og_url":"https:\/\/empresasyeventos.com.uy\/index.php\/2023\/03\/22\/on-y-la-numero-1\/","og_site_name":"Empresas &amp; Eventos","article_published_time":"2023-03-22T14:01:12+00:00","article_modified_time":"2023-03-22T14:01:37+00:00","og_image":[{"width":800,"height":517,"url":"https:\/\/empresasyeventos.com.uy\/wp-content\/uploads\/2023\/03\/Iga-Swiatek.jpg","type":"image\/jpeg"}],"author":"Sergio Goloubintseff","twitter_card":"summary_large_image","twitter_misc":{"Escrito por":"Sergio Goloubintseff","Tiempo de lectura":"1 minuto"},"schema":{"@context":"https:\/\/schema.org","@graph":[{"@type":"Article","@id":"https:\/\/empresasyeventos.com.uy\/index.php\/2023\/03\/22\/on-y-la-numero-1\/#article","isPartOf":{"@id":"https:\/\/empresasyeventos.com.uy\/index.php\/2023\/03\/22\/on-y-la-numero-1\/"},"author":{"name":"Sergio Goloubintseff","@id":"https:\/\/empresasyeventos.com.uy\/#\/schema\/person\/e2ecff9df3397b6bced46c0154bc0aa2"},"headline":"On y la n\u00famero 1","datePublished":"2023-03-22T14:01:12+00:00","dateModified":"2023-03-22T14:01:37+00:00","mainEntityOfPage":{"@id":"https:\/\/empresasyeventos.com.uy\/index.php\/2023\/03\/22\/on-y-la-numero-1\/"},"wordCount":177,"image":{"@id":"https:\/\/empresasyeventos.com.uy\/index.php\/2023\/03\/22\/on-y-la-numero-1\/#primaryimage"},"thumbnailUrl":"https:\/\/i0.wp.com\/empresasyeventos.com.uy\/wp-content\/uploads\/2023\/03\/Iga-Swiatek.jpg?fit=800%2C517&ssl=1","articleSection":["Internacional"],"inLanguage":"es"},{"@type":"WebPage","@id":"https:\/\/empresasyeventos.com.uy\/index.php\/2023\/03\/22\/on-y-la-numero-1\/","url":"https:\/\/empresasyeventos.com.uy\/index.php\/2023\/03\/22\/on-y-la-numero-1\/","name":"On y la n\u00famero 1 - Empresas &amp; Eventos","isPartOf":{"@id":"https:\/\/empresasyeventos.com.uy\/#website"},"primaryImageOfPage":{"@id":"https:\/\/empresasyeventos.com.uy\/index.php\/2023\/03\/22\/on-y-la-numero-1\/#primaryimage"},"image":{"@id":"https:\/\/empresasyeventos.com.uy\/index.php\/2023\/03\/22\/on-y-la-numero-1\/#primaryimage"},"thumbnailUrl":"https:\/\/i0.wp.com\/empresasyeventos.com.uy\/wp-content\/uploads\/2023\/03\/Iga-Swiatek.jpg?fit=800%2C517&ssl=1","datePublished":"2023-03-22T14:01:12+00:00","dateModified":"2023-03-22T14:01:37+00:00","author":{"@id":"https:\/\/empresasyeventos.com.uy\/#\/schema\/person\/e2ecff9df3397b6bced46c0154bc0aa2"},"breadcrumb":{"@id":"https:\/\/empresasyeventos.com.uy\/index.php\/2023\/03\/22\/on-y-la-numero-1\/#breadcrumb"},"inLanguage":"es","potentialAction":[{"@type":"ReadAction","target":["https:\/\/empresasyeventos.com.uy\/index.php\/2023\/03\/22\/on-y-la-numero-1\/"]}]},{"@type":"ImageObject","inLanguage":"es","@id":"https:\/\/empresasyeventos.com.uy\/index.php\/2023\/03\/22\/on-y-la-numero-1\/#primaryimage","url":"https:\/\/i0.wp.com\/empresasyeventos.com.uy\/wp-content\/uploads\/2023\/03\/Iga-Swiatek.jpg?fit=800%2C517&ssl=1","contentUrl":"https:\/\/i0.wp.com\/empresasyeventos.com.uy\/wp-content\/uploads\/2023\/03\/Iga-Swiatek.jpg?fit=800%2C517&ssl=1","width":800,"height":517},{"@type":"BreadcrumbList","@id":"https:\/\/empresasyeventos.com.uy\/index.php\/2023\/03\/22\/on-y-la-numero-1\/#breadcrumb","itemListElement":[{"@type":"ListItem","position":1,"name":"Home","item":"https:\/\/empresasyeventos.com.uy\/"},{"@type":"ListItem","position":2,"name":"On y la n\u00famero 1"}]},{"@type":"WebSite","@id":"https:\/\/empresasyeventos.com.uy\/#website","url":"https:\/\/empresasyeventos.com.uy\/","name":"Empresas &amp; Eventos","description":"Portal de noticias de Empresas y Eventos","potentialAction":[{"@type":"SearchAction","target":{"@type":"EntryPoint","urlTemplate":"https:\/\/empresasyeventos.com.uy\/?s={search_term_string}"},"query-input":{"@type":"PropertyValueSpecification","valueRequired":true,"valueName":"search_term_string"}}],"inLanguage":"es"},{"@type":"Person","@id":"https:\/\/empresasyeventos.com.uy\/#\/schema\/person\/e2ecff9df3397b6bced46c0154bc0aa2","name":"Sergio Goloubintseff","image":{"@type":"ImageObject","inLanguage":"es","@id":"https:\/\/empresasyeventos.com.uy\/wp-content\/litespeed\/avatar\/e7e78d5d2c4fffc5dbfffc2212c10ee5.jpg?ver=1776792077","url":"https:\/\/empresasyeventos.com.uy\/wp-content\/litespeed\/avatar\/e7e78d5d2c4fffc5dbfffc2212c10ee5.jpg?ver=1776792077","contentUrl":"https:\/\/empresasyeventos.com.uy\/wp-content\/litespeed\/avatar\/e7e78d5d2c4fffc5dbfffc2212c10ee5.jpg?ver=1776792077","caption":"Sergio Goloubintseff"},"url":"https:\/\/empresasyeventos.com.uy\/index.php\/author\/sergio-goloubintseff\/"}]}},"jetpack_publicize_connections":[],"jetpack_featured_media_url":"https:\/\/i0.wp.com\/empresasyeventos.com.uy\/wp-content\/uploads\/2023\/03\/Iga-Swiatek.jpg?fit=800%2C517&ssl=1","jetpack_sharing_enabled":true,"_links":{"self":[{"href":"https:\/\/empresasyeventos.com.uy\/index.php\/wp-json\/wp\/v2\/posts\/2420","targetHints":{"allow":["GET"]}}],"collection":[{"href":"https:\/\/empresasyeventos.com.uy\/index.php\/wp-json\/wp\/v2\/posts"}],"about":[{"href":"https:\/\/empresasyeventos.com.uy\/index.php\/wp-json\/wp\/v2\/types\/post"}],"author":[{"embeddable":true,"href":"https:\/\/empresasyeventos.com.uy\/index.php\/wp-json\/wp\/v2\/users\/3"}],"replies":[{"embeddable":true,"href":"https:\/\/empresasyeventos.com.uy\/index.php\/wp-json\/wp\/v2\/comments?post=2420"}],"version-history":[{"count":2,"href":"https:\/\/empresasyeventos.com.uy\/index.php\/wp-json\/wp\/v2\/posts\/2420\/revisions"}],"predecessor-version":[{"id":2423,"href":"https:\/\/empresasyeventos.com.uy\/index.php\/wp-json\/wp\/v2\/posts\/2420\/revisions\/2423"}],"wp:featuredmedia":[{"embeddable":true,"href":"https:\/\/empresasyeventos.com.uy\/index.php\/wp-json\/wp\/v2\/media\/2421"}],"wp:attachment":[{"href":"https:\/\/empresasyeventos.com.uy\/index.php\/wp-json\/wp\/v2\/media?parent=2420"}],"wp:term":[{"taxonomy":"category","embeddable":true,"href":"https:\/\/empresasyeventos.com.uy\/index.php\/wp-json\/wp\/v2\/categories?post=2420"},{"taxonomy":"post_tag","embeddable":true,"href":"https:\/\/empresasyeventos.com.uy\/index.php\/wp-json\/wp\/v2\/tags?post=2420"}],"curies":[{"name":"wp","href":"https:\/\/api.w.org\/{rel}","templated":true}]}}