{"id":2358,"date":"2023-01-31T10:33:22","date_gmt":"2023-01-31T13:33:22","guid":{"rendered":"http:\/\/empresasyeventos.com.uy\/?p=2358"},"modified":"2023-01-31T10:33:22","modified_gmt":"2023-01-31T13:33:22","slug":"eukanuba-y-su-playa-para-perros","status":"publish","type":"post","link":"https:\/\/empresasyeventos.com.uy\/index.php\/2023\/01\/31\/eukanuba-y-su-playa-para-perros\/","title":{"rendered":"Eukanuba y su playa para perros"},"content":{"rendered":"<p>By Chris Solis<\/p>\n<p>@purobranding<\/p>\n<p>Sin duda alguna que muchas compa\u00f1\u00edas plantaron bandera en la costa atl\u00e1ntica argentina y cada uno presento sus propias propuestas, algunas trilladas y otras originales. Una marca que no deja de sorprenderme es Eukanuba porque a diferencia de otras empresas volvi\u00f3 a brillar en Playa Canina Yes, un parador ubicado a 50 metros del Faro, al sur de Mar del Plata y donde cientos de familia pueden disfrutar del verano acompa\u00f1ados de sus perritos.<\/p>\n<figure id=\"attachment_2361\" aria-describedby=\"caption-attachment-2361\" style=\"width: 800px\" class=\"wp-caption aligncenter\"><a href=\"https:\/\/i0.wp.com\/empresasyeventos.com.uy\/wp-content\/uploads\/2023\/01\/PLAYA-YES.jpg\"><img data-recalc-dims=\"1\" decoding=\"async\" data-attachment-id=\"2361\" data-permalink=\"https:\/\/empresasyeventos.com.uy\/index.php\/2023\/01\/31\/eukanuba-y-su-playa-para-perros\/playa-yes\/\" data-orig-file=\"https:\/\/i0.wp.com\/empresasyeventos.com.uy\/wp-content\/uploads\/2023\/01\/PLAYA-YES.jpg?fit=800%2C450&ssl=1\" data-orig-size=\"800,450\" data-comments-opened=\"0\" data-image-meta=\"{&quot;aperture&quot;:&quot;0&quot;,&quot;credit&quot;:&quot;&quot;,&quot;camera&quot;:&quot;&quot;,&quot;caption&quot;:&quot;&quot;,&quot;created_timestamp&quot;:&quot;0&quot;,&quot;copyright&quot;:&quot;&quot;,&quot;focal_length&quot;:&quot;0&quot;,&quot;iso&quot;:&quot;0&quot;,&quot;shutter_speed&quot;:&quot;0&quot;,&quot;title&quot;:&quot;&quot;,&quot;orientation&quot;:&quot;1&quot;}\" data-image-title=\"VERANO EUKANUBA\" data-image-description=\"<p>VERANO EUKANUBA<\/p>\n\" data-image-caption=\"<p>VERANO EUKANUBA<\/p>\n\" data-large-file=\"https:\/\/i0.wp.com\/empresasyeventos.com.uy\/wp-content\/uploads\/2023\/01\/PLAYA-YES.jpg?fit=800%2C450&ssl=1\" class=\"size-full wp-image-2361\" src=\"https:\/\/i0.wp.com\/empresasyeventos.com.uy\/wp-content\/uploads\/2023\/01\/PLAYA-YES.jpg?resize=696%2C392\" alt=\"VERANO EUKANUBA\" width=\"696\" height=\"392\" srcset=\"https:\/\/i0.wp.com\/empresasyeventos.com.uy\/wp-content\/uploads\/2023\/01\/PLAYA-YES.jpg?w=800&ssl=1 800w, https:\/\/i0.wp.com\/empresasyeventos.com.uy\/wp-content\/uploads\/2023\/01\/PLAYA-YES.jpg?resize=768%2C432&ssl=1 768w, https:\/\/i0.wp.com\/empresasyeventos.com.uy\/wp-content\/uploads\/2023\/01\/PLAYA-YES.jpg?resize=150%2C84&ssl=1 150w, https:\/\/i0.wp.com\/empresasyeventos.com.uy\/wp-content\/uploads\/2023\/01\/PLAYA-YES.jpg?resize=300%2C169&ssl=1 300w, https:\/\/i0.wp.com\/empresasyeventos.com.uy\/wp-content\/uploads\/2023\/01\/PLAYA-YES.jpg?resize=696%2C392&ssl=1 696w\" sizes=\"(max-width: 696px) 100vw, 696px\" \/><\/a><figcaption id=\"caption-attachment-2361\" class=\"wp-caption-text\">VERANO EUKANUBA<\/figcaption><\/figure>\n<p>Lo interesante de la movida es que la Playa Canina Yes\u00a0no solo est\u00e1 tuneada con banderitas y logo de la marca, sino que tambi\u00e9n hay muchas actividades para las mascotas como una plaza de agility para divertirse juntos haciendo ejercicio o practicando nuevos trucos de destreza canina, hasta caminatas, Surf Canino, clases de conducta, juegos en la pileta y clases de DOGA (Yoga Canino). Yes, es el primer balneario canino de Latinoam\u00e9rica\u00a0y se destaca por sus cuidados y servicios para los perros.<\/p>\n<figure id=\"attachment_2359\" aria-describedby=\"caption-attachment-2359\" style=\"width: 800px\" class=\"wp-caption aligncenter\"><a href=\"https:\/\/i0.wp.com\/empresasyeventos.com.uy\/wp-content\/uploads\/2023\/01\/VERANO-EUKANUBA-1.jpg\"><img data-recalc-dims=\"1\" decoding=\"async\" data-attachment-id=\"2359\" data-permalink=\"https:\/\/empresasyeventos.com.uy\/index.php\/2023\/01\/31\/eukanuba-y-su-playa-para-perros\/verano-eukanuba-1\/\" data-orig-file=\"https:\/\/i0.wp.com\/empresasyeventos.com.uy\/wp-content\/uploads\/2023\/01\/VERANO-EUKANUBA-1.jpg?fit=800%2C420&ssl=1\" data-orig-size=\"800,420\" data-comments-opened=\"0\" data-image-meta=\"{&quot;aperture&quot;:&quot;0&quot;,&quot;credit&quot;:&quot;&quot;,&quot;camera&quot;:&quot;&quot;,&quot;caption&quot;:&quot;&quot;,&quot;created_timestamp&quot;:&quot;0&quot;,&quot;copyright&quot;:&quot;&quot;,&quot;focal_length&quot;:&quot;0&quot;,&quot;iso&quot;:&quot;0&quot;,&quot;shutter_speed&quot;:&quot;0&quot;,&quot;title&quot;:&quot;&quot;,&quot;orientation&quot;:&quot;1&quot;}\" data-image-title=\"VERANO EUKANUBA\" data-image-description=\"<p>VERANO EUKANUBA<\/p>\n\" data-image-caption=\"<p>VERANO EUKANUBA<\/p>\n\" data-large-file=\"https:\/\/i0.wp.com\/empresasyeventos.com.uy\/wp-content\/uploads\/2023\/01\/VERANO-EUKANUBA-1.jpg?fit=800%2C420&ssl=1\" class=\"size-full wp-image-2359\" src=\"https:\/\/i0.wp.com\/empresasyeventos.com.uy\/wp-content\/uploads\/2023\/01\/VERANO-EUKANUBA-1.jpg?resize=696%2C365\" alt=\"VERANO EUKANUBA\" width=\"696\" height=\"365\" srcset=\"https:\/\/i0.wp.com\/empresasyeventos.com.uy\/wp-content\/uploads\/2023\/01\/VERANO-EUKANUBA-1.jpg?w=800&ssl=1 800w, https:\/\/i0.wp.com\/empresasyeventos.com.uy\/wp-content\/uploads\/2023\/01\/VERANO-EUKANUBA-1.jpg?resize=768%2C403&ssl=1 768w, https:\/\/i0.wp.com\/empresasyeventos.com.uy\/wp-content\/uploads\/2023\/01\/VERANO-EUKANUBA-1.jpg?resize=150%2C79&ssl=1 150w, https:\/\/i0.wp.com\/empresasyeventos.com.uy\/wp-content\/uploads\/2023\/01\/VERANO-EUKANUBA-1.jpg?resize=300%2C158&ssl=1 300w, https:\/\/i0.wp.com\/empresasyeventos.com.uy\/wp-content\/uploads\/2023\/01\/VERANO-EUKANUBA-1.jpg?resize=696%2C365&ssl=1 696w\" sizes=\"(max-width: 696px) 100vw, 696px\" \/><\/a><figcaption id=\"caption-attachment-2359\" class=\"wp-caption-text\">VERANO EUKANUBA<\/figcaption><\/figure>\n<p>El balneario cuenta con adiestradores caninos que son los encargados de velar por la paz del balneario identificando la conducta de cada perro, acomod\u00e1ndolos seg\u00fan el car\u00e1cter, y ayudando a los hu\u00e9spedes a socializar con otros vecinos caninos.<\/p>\n<div class=\"tiled-gallery type-rectangular tiled-gallery-unresized\" data-original-width=\"696\" data-carousel-extra='{&quot;blog_id&quot;:1,&quot;permalink&quot;:&quot;https:\\\/\\\/empresasyeventos.com.uy\\\/index.php\\\/2023\\\/01\\\/31\\\/eukanuba-y-su-playa-para-perros\\\/&quot;,&quot;likes_blog_id&quot;:180023567}' itemscope itemtype=\"http:\/\/schema.org\/ImageGallery\" > <div class=\"gallery-row\" style=\"width: 696px; height: 158px;\" data-original-width=\"696\" data-original-height=\"158\" > <div class=\"gallery-group images-1\" style=\"width: 107px; height: 158px;\" data-original-width=\"107\" data-original-height=\"158\" > <div class=\"tiled-gallery-item tiled-gallery-item-small\" itemprop=\"associatedMedia\" itemscope itemtype=\"http:\/\/schema.org\/ImageObject\"> <a href=\"https:\/\/empresasyeventos.com.uy\/index.php\/2023\/01\/31\/eukanuba-y-su-playa-para-perros\/2t8a6144\/\" border=\"0\" itemprop=\"url\"> <meta itemprop=\"width\" content=\"103\"> <meta itemprop=\"height\" content=\"154\"> <img decoding=\"async\" class=\"\" data-attachment-id=\"2362\" data-orig-file=\"https:\/\/empresasyeventos.com.uy\/wp-content\/uploads\/2023\/01\/2T8A6144.jpg\" data-orig-size=\"800,1200\" data-comments-opened=\"\" data-image-meta=\"{&quot;aperture&quot;:&quot;5.6&quot;,&quot;credit&quot;:&quot;julieta marilyn&quot;,&quot;camera&quot;:&quot;Canon EOS R&quot;,&quot;caption&quot;:&quot;&quot;,&quot;created_timestamp&quot;:&quot;1610976356&quot;,&quot;copyright&quot;:&quot;&quot;,&quot;focal_length&quot;:&quot;103&quot;,&quot;iso&quot;:&quot;100&quot;,&quot;shutter_speed&quot;:&quot;0.003125&quot;,&quot;title&quot;:&quot;&quot;,&quot;orientation&quot;:&quot;1&quot;}\" data-image-title=\"VERANO EUKANUBA\" data-image-description=\"<p>VERANO EUKANUBA<\/p> \" data-medium-file=\"https:\/\/i0.wp.com\/empresasyeventos.com.uy\/wp-content\/uploads\/2023\/01\/2T8A6144.jpg?fit=800%2C1200&ssl=1\" data-large-file=\"https:\/\/i0.wp.com\/empresasyeventos.com.uy\/wp-content\/uploads\/2023\/01\/2T8A6144.jpg?fit=800%2C1200&ssl=1\" src=\"https:\/\/i0.wp.com\/empresasyeventos.com.uy\/wp-content\/uploads\/2023\/01\/2T8A6144.jpg?w=103&h=154&ssl=1\" srcset=\"https:\/\/i0.wp.com\/empresasyeventos.com.uy\/wp-content\/uploads\/2023\/01\/2T8A6144.jpg?w=800&ssl=1 800w, https:\/\/i0.wp.com\/empresasyeventos.com.uy\/wp-content\/uploads\/2023\/01\/2T8A6144.jpg?resize=768%2C1152&ssl=1 768w, https:\/\/i0.wp.com\/empresasyeventos.com.uy\/wp-content\/uploads\/2023\/01\/2T8A6144.jpg?resize=150%2C225&ssl=1 150w, https:\/\/i0.wp.com\/empresasyeventos.com.uy\/wp-content\/uploads\/2023\/01\/2T8A6144.jpg?resize=300%2C450&ssl=1 300w, https:\/\/i0.wp.com\/empresasyeventos.com.uy\/wp-content\/uploads\/2023\/01\/2T8A6144.jpg?resize=696%2C1044&ssl=1 696w\" width=\"103\" height=\"154\" loading=\"lazy\" data-original-width=\"103\" data-original-height=\"154\" itemprop=\"http:\/\/schema.org\/image\" title=\"VERANO EUKANUBA\" alt=\"VERANO EUKANUBA\" style=\"width: 103px; height: 154px;\" \/> <\/a> <div class=\"tiled-gallery-caption\" itemprop=\"caption description\"> VERANO EUKANUBA <\/div> <\/div> <\/div> <!-- close group --> <div class=\"gallery-group images-1\" style=\"width: 119px; height: 158px;\" data-original-width=\"119\" data-original-height=\"158\" > <div class=\"tiled-gallery-item tiled-gallery-item-small\" itemprop=\"associatedMedia\" itemscope itemtype=\"http:\/\/schema.org\/ImageObject\"> <a href=\"https:\/\/empresasyeventos.com.uy\/index.php\/2023\/01\/31\/eukanuba-y-su-playa-para-perros\/33c33b05-7a00-4676-be86-e492296d50a3\/\" border=\"0\" itemprop=\"url\"> <meta itemprop=\"width\" content=\"115\"> <meta itemprop=\"height\" content=\"154\"> <img decoding=\"async\" class=\"\" data-attachment-id=\"2360\" data-orig-file=\"https:\/\/empresasyeventos.com.uy\/wp-content\/uploads\/2023\/01\/33c33b05-7a00-4676-be86-e492296d50a3.jpg\" data-orig-size=\"800,1067\" data-comments-opened=\"\" data-image-meta=\"{&quot;aperture&quot;:&quot;0&quot;,&quot;credit&quot;:&quot;&quot;,&quot;camera&quot;:&quot;&quot;,&quot;caption&quot;:&quot;&quot;,&quot;created_timestamp&quot;:&quot;0&quot;,&quot;copyright&quot;:&quot;&quot;,&quot;focal_length&quot;:&quot;0&quot;,&quot;iso&quot;:&quot;0&quot;,&quot;shutter_speed&quot;:&quot;0&quot;,&quot;title&quot;:&quot;&quot;,&quot;orientation&quot;:&quot;0&quot;}\" data-image-title=\"VERANO EUKANUBA\" data-image-description=\"<p>VERANO EUKANUBA<\/p> \" data-medium-file=\"https:\/\/i0.wp.com\/empresasyeventos.com.uy\/wp-content\/uploads\/2023\/01\/33c33b05-7a00-4676-be86-e492296d50a3.jpg?fit=800%2C1067&ssl=1\" data-large-file=\"https:\/\/i0.wp.com\/empresasyeventos.com.uy\/wp-content\/uploads\/2023\/01\/33c33b05-7a00-4676-be86-e492296d50a3.jpg?fit=800%2C1067&ssl=1\" src=\"https:\/\/i0.wp.com\/empresasyeventos.com.uy\/wp-content\/uploads\/2023\/01\/33c33b05-7a00-4676-be86-e492296d50a3.jpg?w=115&h=154&ssl=1\" srcset=\"https:\/\/i0.wp.com\/empresasyeventos.com.uy\/wp-content\/uploads\/2023\/01\/33c33b05-7a00-4676-be86-e492296d50a3.jpg?w=800&ssl=1 800w, https:\/\/i0.wp.com\/empresasyeventos.com.uy\/wp-content\/uploads\/2023\/01\/33c33b05-7a00-4676-be86-e492296d50a3.jpg?resize=768%2C1024&ssl=1 768w, https:\/\/i0.wp.com\/empresasyeventos.com.uy\/wp-content\/uploads\/2023\/01\/33c33b05-7a00-4676-be86-e492296d50a3.jpg?resize=150%2C200&ssl=1 150w, https:\/\/i0.wp.com\/empresasyeventos.com.uy\/wp-content\/uploads\/2023\/01\/33c33b05-7a00-4676-be86-e492296d50a3.jpg?resize=300%2C400&ssl=1 300w, https:\/\/i0.wp.com\/empresasyeventos.com.uy\/wp-content\/uploads\/2023\/01\/33c33b05-7a00-4676-be86-e492296d50a3.jpg?resize=696%2C928&ssl=1 696w\" width=\"115\" height=\"154\" loading=\"lazy\" data-original-width=\"115\" data-original-height=\"154\" itemprop=\"http:\/\/schema.org\/image\" title=\"VERANO EUKANUBA\" alt=\"VERANO EUKANUBA\" style=\"width: 115px; height: 154px;\" \/> <\/a> <div class=\"tiled-gallery-caption\" itemprop=\"caption description\"> VERANO EUKANUBA <\/div> <\/div> <\/div> <!-- close group --> <div class=\"gallery-group images-1\" style=\"width: 235px; height: 158px;\" data-original-width=\"235\" data-original-height=\"158\" > <div class=\"tiled-gallery-item tiled-gallery-item-small\" itemprop=\"associatedMedia\" itemscope itemtype=\"http:\/\/schema.org\/ImageObject\"> <a href=\"https:\/\/empresasyeventos.com.uy\/index.php\/2023\/01\/31\/eukanuba-y-su-playa-para-perros\/2t8a6211\/\" border=\"0\" itemprop=\"url\"> <meta itemprop=\"width\" content=\"231\"> <meta itemprop=\"height\" content=\"154\"> <img decoding=\"async\" class=\"\" data-attachment-id=\"2364\" data-orig-file=\"https:\/\/empresasyeventos.com.uy\/wp-content\/uploads\/2023\/01\/2T8A6211.jpg\" data-orig-size=\"800,533\" data-comments-opened=\"\" data-image-meta=\"{&quot;aperture&quot;:&quot;6.3&quot;,&quot;credit&quot;:&quot;julieta marilyn&quot;,&quot;camera&quot;:&quot;Canon EOS R&quot;,&quot;caption&quot;:&quot;&quot;,&quot;created_timestamp&quot;:&quot;1610977446&quot;,&quot;copyright&quot;:&quot;&quot;,&quot;focal_length&quot;:&quot;24&quot;,&quot;iso&quot;:&quot;100&quot;,&quot;shutter_speed&quot;:&quot;0.0025&quot;,&quot;title&quot;:&quot;&quot;,&quot;orientation&quot;:&quot;1&quot;}\" data-image-title=\"VERANO EUKANUBA\" data-image-description=\"<p>VERANO EUKANUBA<\/p> \" data-medium-file=\"https:\/\/i0.wp.com\/empresasyeventos.com.uy\/wp-content\/uploads\/2023\/01\/2T8A6211.jpg?fit=800%2C533&ssl=1\" data-large-file=\"https:\/\/i0.wp.com\/empresasyeventos.com.uy\/wp-content\/uploads\/2023\/01\/2T8A6211.jpg?fit=800%2C533&ssl=1\" src=\"https:\/\/i0.wp.com\/empresasyeventos.com.uy\/wp-content\/uploads\/2023\/01\/2T8A6211.jpg?w=231&h=154&ssl=1\" srcset=\"https:\/\/i0.wp.com\/empresasyeventos.com.uy\/wp-content\/uploads\/2023\/01\/2T8A6211.jpg?w=800&ssl=1 800w, https:\/\/i0.wp.com\/empresasyeventos.com.uy\/wp-content\/uploads\/2023\/01\/2T8A6211.jpg?resize=768%2C512&ssl=1 768w, https:\/\/i0.wp.com\/empresasyeventos.com.uy\/wp-content\/uploads\/2023\/01\/2T8A6211.jpg?resize=150%2C100&ssl=1 150w, https:\/\/i0.wp.com\/empresasyeventos.com.uy\/wp-content\/uploads\/2023\/01\/2T8A6211.jpg?resize=300%2C200&ssl=1 300w, https:\/\/i0.wp.com\/empresasyeventos.com.uy\/wp-content\/uploads\/2023\/01\/2T8A6211.jpg?resize=696%2C464&ssl=1 696w\" width=\"231\" height=\"154\" loading=\"lazy\" data-original-width=\"231\" data-original-height=\"154\" itemprop=\"http:\/\/schema.org\/image\" title=\"VERANO EUKANUBA\" alt=\"VERANO EUKANUBA\" style=\"width: 231px; height: 154px;\" \/> <\/a> <div class=\"tiled-gallery-caption\" itemprop=\"caption description\"> VERANO EUKANUBA <\/div> <\/div> <\/div> <!-- close group --> <div class=\"gallery-group images-1\" style=\"width: 235px; height: 158px;\" data-original-width=\"235\" data-original-height=\"158\" > <div class=\"tiled-gallery-item tiled-gallery-item-small\" itemprop=\"associatedMedia\" itemscope itemtype=\"http:\/\/schema.org\/ImageObject\"> <a href=\"https:\/\/empresasyeventos.com.uy\/index.php\/2023\/01\/31\/eukanuba-y-su-playa-para-perros\/verano-eukanuba\/\" border=\"0\" itemprop=\"url\"> <meta itemprop=\"width\" content=\"231\"> <meta itemprop=\"height\" content=\"154\"> <img decoding=\"async\" class=\"\" data-attachment-id=\"2363\" data-orig-file=\"https:\/\/empresasyeventos.com.uy\/wp-content\/uploads\/2023\/01\/VERANO-EUKANUBA.jpg\" data-orig-size=\"800,533\" data-comments-opened=\"\" data-image-meta=\"{&quot;aperture&quot;:&quot;5&quot;,&quot;credit&quot;:&quot;&quot;,&quot;camera&quot;:&quot;NIKON D610&quot;,&quot;caption&quot;:&quot;&quot;,&quot;created_timestamp&quot;:&quot;1612644525&quot;,&quot;copyright&quot;:&quot;&quot;,&quot;focal_length&quot;:&quot;10&quot;,&quot;iso&quot;:&quot;160&quot;,&quot;shutter_speed&quot;:&quot;0.0005&quot;,&quot;title&quot;:&quot;&quot;,&quot;orientation&quot;:&quot;1&quot;}\" data-image-title=\"VERANO EUKANUBA\" data-image-description=\"<p>VERANO EUKANUBA<\/p> \" data-medium-file=\"https:\/\/i0.wp.com\/empresasyeventos.com.uy\/wp-content\/uploads\/2023\/01\/VERANO-EUKANUBA.jpg?fit=800%2C533&ssl=1\" data-large-file=\"https:\/\/i0.wp.com\/empresasyeventos.com.uy\/wp-content\/uploads\/2023\/01\/VERANO-EUKANUBA.jpg?fit=800%2C533&ssl=1\" src=\"https:\/\/i0.wp.com\/empresasyeventos.com.uy\/wp-content\/uploads\/2023\/01\/VERANO-EUKANUBA.jpg?w=231&h=154&ssl=1\" srcset=\"https:\/\/i0.wp.com\/empresasyeventos.com.uy\/wp-content\/uploads\/2023\/01\/VERANO-EUKANUBA.jpg?w=800&ssl=1 800w, https:\/\/i0.wp.com\/empresasyeventos.com.uy\/wp-content\/uploads\/2023\/01\/VERANO-EUKANUBA.jpg?resize=768%2C512&ssl=1 768w, https:\/\/i0.wp.com\/empresasyeventos.com.uy\/wp-content\/uploads\/2023\/01\/VERANO-EUKANUBA.jpg?resize=150%2C100&ssl=1 150w, https:\/\/i0.wp.com\/empresasyeventos.com.uy\/wp-content\/uploads\/2023\/01\/VERANO-EUKANUBA.jpg?resize=300%2C200&ssl=1 300w, https:\/\/i0.wp.com\/empresasyeventos.com.uy\/wp-content\/uploads\/2023\/01\/VERANO-EUKANUBA.jpg?resize=696%2C464&ssl=1 696w\" width=\"231\" height=\"154\" loading=\"lazy\" data-original-width=\"231\" data-original-height=\"154\" itemprop=\"http:\/\/schema.org\/image\" title=\"VERANO EUKANUBA\" alt=\"VERANO EUKANUBA\" style=\"width: 231px; height: 154px;\" \/> <\/a> <div class=\"tiled-gallery-caption\" itemprop=\"caption description\"> VERANO EUKANUBA <\/div> <\/div> <\/div> <!-- close group --> <\/div> <!-- close row --> <\/div>\n","protected":false},"excerpt":{"rendered":"<p>By Chris Solis @purobranding Sin duda alguna que muchas compa\u00f1\u00edas plantaron bandera en la costa atl\u00e1ntica argentina y cada uno presento sus propias propuestas, algunas trilladas y otras originales. Una [&hellip;]<\/p>\n","protected":false},"author":3,"featured_media":2365,"comment_status":"closed","ping_status":"open","sticky":false,"template":"","format":"standard","meta":{"_exactmetrics_skip_tracking":false,"_exactmetrics_sitenote_active":false,"_exactmetrics_sitenote_note":"","_exactmetrics_sitenote_category":0,"_jetpack_memberships_contains_paid_content":false,"footnotes":"","jetpack_publicize_message":"Eukanuba y su playa para perros","jetpack_publicize_feature_enabled":true,"jetpack_social_post_already_shared":true,"jetpack_social_options":{"image_generator_settings":{"template":"highway","default_image_id":0,"font":"","enabled":false},"version":2}},"categories":[487],"tags":[737],"class_list":["post-2358","post","type-post","status-publish","format-standard","has-post-thumbnail","category-internacional","tag-verano-eukanuba"],"yoast_head":"<!-- This site is optimized with the Yoast SEO plugin v27.5 - https:\/\/yoast.com\/product\/yoast-seo-wordpress\/ -->\n<title>Eukanuba y su playa para perros - Empresas &amp; Eventos<\/title>\n<meta name=\"robots\" content=\"index, follow, max-snippet:-1, max-image-preview:large, max-video-preview:-1\" \/>\n<link rel=\"canonical\" href=\"https:\/\/empresasyeventos.com.uy\/index.php\/2023\/01\/31\/eukanuba-y-su-playa-para-perros\/\" \/>\n<meta property=\"og:locale\" content=\"es_ES\" \/>\n<meta property=\"og:type\" content=\"article\" \/>\n<meta property=\"og:title\" content=\"Eukanuba y su playa para perros - Empresas &amp; Eventos\" \/>\n<meta property=\"og:description\" content=\"By Chris Solis @purobranding Sin duda alguna que muchas compa\u00f1\u00edas plantaron bandera en la costa atl\u00e1ntica argentina y cada uno presento sus propias propuestas, algunas trilladas y otras originales. Una [&hellip;]\" \/>\n<meta property=\"og:url\" content=\"https:\/\/empresasyeventos.com.uy\/index.php\/2023\/01\/31\/eukanuba-y-su-playa-para-perros\/\" \/>\n<meta property=\"og:site_name\" content=\"Empresas &amp; Eventos\" \/>\n<meta property=\"article:published_time\" content=\"2023-01-31T13:33:22+00:00\" \/>\n<meta property=\"og:image\" content=\"https:\/\/empresasyeventos.com.uy\/wp-content\/uploads\/2023\/01\/PLAYA-YES-1.jpg\" \/>\n\t<meta property=\"og:image:width\" content=\"800\" \/>\n\t<meta property=\"og:image:height\" content=\"533\" \/>\n\t<meta property=\"og:image:type\" content=\"image\/jpeg\" \/>\n<meta name=\"author\" content=\"Sergio Goloubintseff\" \/>\n<meta name=\"twitter:card\" content=\"summary_large_image\" \/>\n<meta name=\"twitter:label1\" content=\"Escrito por\" \/>\n\t<meta name=\"twitter:data1\" content=\"Sergio Goloubintseff\" \/>\n\t<meta name=\"twitter:label2\" content=\"Tiempo de lectura\" \/>\n\t<meta name=\"twitter:data2\" content=\"1 minuto\" \/>\n<script type=\"application\/ld+json\" class=\"yoast-schema-graph\">{\"@context\":\"https:\\\/\\\/schema.org\",\"@graph\":[{\"@type\":\"Article\",\"@id\":\"https:\\\/\\\/empresasyeventos.com.uy\\\/index.php\\\/2023\\\/01\\\/31\\\/eukanuba-y-su-playa-para-perros\\\/#article\",\"isPartOf\":{\"@id\":\"https:\\\/\\\/empresasyeventos.com.uy\\\/index.php\\\/2023\\\/01\\\/31\\\/eukanuba-y-su-playa-para-perros\\\/\"},\"author\":{\"name\":\"Sergio Goloubintseff\",\"@id\":\"https:\\\/\\\/empresasyeventos.com.uy\\\/#\\\/schema\\\/person\\\/e2ecff9df3397b6bced46c0154bc0aa2\"},\"headline\":\"Eukanuba y su playa para perros\",\"datePublished\":\"2023-01-31T13:33:22+00:00\",\"mainEntityOfPage\":{\"@id\":\"https:\\\/\\\/empresasyeventos.com.uy\\\/index.php\\\/2023\\\/01\\\/31\\\/eukanuba-y-su-playa-para-perros\\\/\"},\"wordCount\":237,\"image\":{\"@id\":\"https:\\\/\\\/empresasyeventos.com.uy\\\/index.php\\\/2023\\\/01\\\/31\\\/eukanuba-y-su-playa-para-perros\\\/#primaryimage\"},\"thumbnailUrl\":\"https:\\\/\\\/i0.wp.com\\\/empresasyeventos.com.uy\\\/wp-content\\\/uploads\\\/2023\\\/01\\\/PLAYA-YES-1.jpg?fit=800%2C533&ssl=1\",\"keywords\":[\"VERANO EUKANUBA\"],\"articleSection\":[\"Internacional\"],\"inLanguage\":\"es\"},{\"@type\":\"WebPage\",\"@id\":\"https:\\\/\\\/empresasyeventos.com.uy\\\/index.php\\\/2023\\\/01\\\/31\\\/eukanuba-y-su-playa-para-perros\\\/\",\"url\":\"https:\\\/\\\/empresasyeventos.com.uy\\\/index.php\\\/2023\\\/01\\\/31\\\/eukanuba-y-su-playa-para-perros\\\/\",\"name\":\"Eukanuba y su playa para perros - Empresas &amp; Eventos\",\"isPartOf\":{\"@id\":\"https:\\\/\\\/empresasyeventos.com.uy\\\/#website\"},\"primaryImageOfPage\":{\"@id\":\"https:\\\/\\\/empresasyeventos.com.uy\\\/index.php\\\/2023\\\/01\\\/31\\\/eukanuba-y-su-playa-para-perros\\\/#primaryimage\"},\"image\":{\"@id\":\"https:\\\/\\\/empresasyeventos.com.uy\\\/index.php\\\/2023\\\/01\\\/31\\\/eukanuba-y-su-playa-para-perros\\\/#primaryimage\"},\"thumbnailUrl\":\"https:\\\/\\\/i0.wp.com\\\/empresasyeventos.com.uy\\\/wp-content\\\/uploads\\\/2023\\\/01\\\/PLAYA-YES-1.jpg?fit=800%2C533&ssl=1\",\"datePublished\":\"2023-01-31T13:33:22+00:00\",\"author\":{\"@id\":\"https:\\\/\\\/empresasyeventos.com.uy\\\/#\\\/schema\\\/person\\\/e2ecff9df3397b6bced46c0154bc0aa2\"},\"breadcrumb\":{\"@id\":\"https:\\\/\\\/empresasyeventos.com.uy\\\/index.php\\\/2023\\\/01\\\/31\\\/eukanuba-y-su-playa-para-perros\\\/#breadcrumb\"},\"inLanguage\":\"es\",\"potentialAction\":[{\"@type\":\"ReadAction\",\"target\":[\"https:\\\/\\\/empresasyeventos.com.uy\\\/index.php\\\/2023\\\/01\\\/31\\\/eukanuba-y-su-playa-para-perros\\\/\"]}]},{\"@type\":\"ImageObject\",\"inLanguage\":\"es\",\"@id\":\"https:\\\/\\\/empresasyeventos.com.uy\\\/index.php\\\/2023\\\/01\\\/31\\\/eukanuba-y-su-playa-para-perros\\\/#primaryimage\",\"url\":\"https:\\\/\\\/i0.wp.com\\\/empresasyeventos.com.uy\\\/wp-content\\\/uploads\\\/2023\\\/01\\\/PLAYA-YES-1.jpg?fit=800%2C533&ssl=1\",\"contentUrl\":\"https:\\\/\\\/i0.wp.com\\\/empresasyeventos.com.uy\\\/wp-content\\\/uploads\\\/2023\\\/01\\\/PLAYA-YES-1.jpg?fit=800%2C533&ssl=1\",\"width\":800,\"height\":533,\"caption\":\"VERANO EUKANUBA\"},{\"@type\":\"BreadcrumbList\",\"@id\":\"https:\\\/\\\/empresasyeventos.com.uy\\\/index.php\\\/2023\\\/01\\\/31\\\/eukanuba-y-su-playa-para-perros\\\/#breadcrumb\",\"itemListElement\":[{\"@type\":\"ListItem\",\"position\":1,\"name\":\"Home\",\"item\":\"https:\\\/\\\/empresasyeventos.com.uy\\\/\"},{\"@type\":\"ListItem\",\"position\":2,\"name\":\"Eukanuba y su playa para perros\"}]},{\"@type\":\"WebSite\",\"@id\":\"https:\\\/\\\/empresasyeventos.com.uy\\\/#website\",\"url\":\"https:\\\/\\\/empresasyeventos.com.uy\\\/\",\"name\":\"Empresas &amp; Eventos\",\"description\":\"Portal de noticias de Empresas y Eventos\",\"potentialAction\":[{\"@type\":\"SearchAction\",\"target\":{\"@type\":\"EntryPoint\",\"urlTemplate\":\"https:\\\/\\\/empresasyeventos.com.uy\\\/?s={search_term_string}\"},\"query-input\":{\"@type\":\"PropertyValueSpecification\",\"valueRequired\":true,\"valueName\":\"search_term_string\"}}],\"inLanguage\":\"es\"},{\"@type\":\"Person\",\"@id\":\"https:\\\/\\\/empresasyeventos.com.uy\\\/#\\\/schema\\\/person\\\/e2ecff9df3397b6bced46c0154bc0aa2\",\"name\":\"Sergio Goloubintseff\",\"image\":{\"@type\":\"ImageObject\",\"inLanguage\":\"es\",\"@id\":\"https:\\\/\\\/empresasyeventos.com.uy\\\/wp-content\\\/litespeed\\\/avatar\\\/e7e78d5d2c4fffc5dbfffc2212c10ee5.jpg?ver=1777397007\",\"url\":\"https:\\\/\\\/empresasyeventos.com.uy\\\/wp-content\\\/litespeed\\\/avatar\\\/e7e78d5d2c4fffc5dbfffc2212c10ee5.jpg?ver=1777397007\",\"contentUrl\":\"https:\\\/\\\/empresasyeventos.com.uy\\\/wp-content\\\/litespeed\\\/avatar\\\/e7e78d5d2c4fffc5dbfffc2212c10ee5.jpg?ver=1777397007\",\"caption\":\"Sergio Goloubintseff\"},\"url\":\"https:\\\/\\\/empresasyeventos.com.uy\\\/index.php\\\/author\\\/sergio-goloubintseff\\\/\"}]}<\/script>\n<!-- \/ Yoast SEO plugin. -->","yoast_head_json":{"title":"Eukanuba y su playa para perros - Empresas &amp; Eventos","robots":{"index":"index","follow":"follow","max-snippet":"max-snippet:-1","max-image-preview":"max-image-preview:large","max-video-preview":"max-video-preview:-1"},"canonical":"https:\/\/empresasyeventos.com.uy\/index.php\/2023\/01\/31\/eukanuba-y-su-playa-para-perros\/","og_locale":"es_ES","og_type":"article","og_title":"Eukanuba y su playa para perros - Empresas &amp; Eventos","og_description":"By Chris Solis @purobranding Sin duda alguna que muchas compa\u00f1\u00edas plantaron bandera en la costa atl\u00e1ntica argentina y cada uno presento sus propias propuestas, algunas trilladas y otras originales. Una [&hellip;]","og_url":"https:\/\/empresasyeventos.com.uy\/index.php\/2023\/01\/31\/eukanuba-y-su-playa-para-perros\/","og_site_name":"Empresas &amp; Eventos","article_published_time":"2023-01-31T13:33:22+00:00","og_image":[{"width":800,"height":533,"url":"https:\/\/empresasyeventos.com.uy\/wp-content\/uploads\/2023\/01\/PLAYA-YES-1.jpg","type":"image\/jpeg"}],"author":"Sergio Goloubintseff","twitter_card":"summary_large_image","twitter_misc":{"Escrito por":"Sergio Goloubintseff","Tiempo de lectura":"1 minuto"},"schema":{"@context":"https:\/\/schema.org","@graph":[{"@type":"Article","@id":"https:\/\/empresasyeventos.com.uy\/index.php\/2023\/01\/31\/eukanuba-y-su-playa-para-perros\/#article","isPartOf":{"@id":"https:\/\/empresasyeventos.com.uy\/index.php\/2023\/01\/31\/eukanuba-y-su-playa-para-perros\/"},"author":{"name":"Sergio Goloubintseff","@id":"https:\/\/empresasyeventos.com.uy\/#\/schema\/person\/e2ecff9df3397b6bced46c0154bc0aa2"},"headline":"Eukanuba y su playa para perros","datePublished":"2023-01-31T13:33:22+00:00","mainEntityOfPage":{"@id":"https:\/\/empresasyeventos.com.uy\/index.php\/2023\/01\/31\/eukanuba-y-su-playa-para-perros\/"},"wordCount":237,"image":{"@id":"https:\/\/empresasyeventos.com.uy\/index.php\/2023\/01\/31\/eukanuba-y-su-playa-para-perros\/#primaryimage"},"thumbnailUrl":"https:\/\/i0.wp.com\/empresasyeventos.com.uy\/wp-content\/uploads\/2023\/01\/PLAYA-YES-1.jpg?fit=800%2C533&ssl=1","keywords":["VERANO EUKANUBA"],"articleSection":["Internacional"],"inLanguage":"es"},{"@type":"WebPage","@id":"https:\/\/empresasyeventos.com.uy\/index.php\/2023\/01\/31\/eukanuba-y-su-playa-para-perros\/","url":"https:\/\/empresasyeventos.com.uy\/index.php\/2023\/01\/31\/eukanuba-y-su-playa-para-perros\/","name":"Eukanuba y su playa para perros - Empresas &amp; Eventos","isPartOf":{"@id":"https:\/\/empresasyeventos.com.uy\/#website"},"primaryImageOfPage":{"@id":"https:\/\/empresasyeventos.com.uy\/index.php\/2023\/01\/31\/eukanuba-y-su-playa-para-perros\/#primaryimage"},"image":{"@id":"https:\/\/empresasyeventos.com.uy\/index.php\/2023\/01\/31\/eukanuba-y-su-playa-para-perros\/#primaryimage"},"thumbnailUrl":"https:\/\/i0.wp.com\/empresasyeventos.com.uy\/wp-content\/uploads\/2023\/01\/PLAYA-YES-1.jpg?fit=800%2C533&ssl=1","datePublished":"2023-01-31T13:33:22+00:00","author":{"@id":"https:\/\/empresasyeventos.com.uy\/#\/schema\/person\/e2ecff9df3397b6bced46c0154bc0aa2"},"breadcrumb":{"@id":"https:\/\/empresasyeventos.com.uy\/index.php\/2023\/01\/31\/eukanuba-y-su-playa-para-perros\/#breadcrumb"},"inLanguage":"es","potentialAction":[{"@type":"ReadAction","target":["https:\/\/empresasyeventos.com.uy\/index.php\/2023\/01\/31\/eukanuba-y-su-playa-para-perros\/"]}]},{"@type":"ImageObject","inLanguage":"es","@id":"https:\/\/empresasyeventos.com.uy\/index.php\/2023\/01\/31\/eukanuba-y-su-playa-para-perros\/#primaryimage","url":"https:\/\/i0.wp.com\/empresasyeventos.com.uy\/wp-content\/uploads\/2023\/01\/PLAYA-YES-1.jpg?fit=800%2C533&ssl=1","contentUrl":"https:\/\/i0.wp.com\/empresasyeventos.com.uy\/wp-content\/uploads\/2023\/01\/PLAYA-YES-1.jpg?fit=800%2C533&ssl=1","width":800,"height":533,"caption":"VERANO EUKANUBA"},{"@type":"BreadcrumbList","@id":"https:\/\/empresasyeventos.com.uy\/index.php\/2023\/01\/31\/eukanuba-y-su-playa-para-perros\/#breadcrumb","itemListElement":[{"@type":"ListItem","position":1,"name":"Home","item":"https:\/\/empresasyeventos.com.uy\/"},{"@type":"ListItem","position":2,"name":"Eukanuba y su playa para perros"}]},{"@type":"WebSite","@id":"https:\/\/empresasyeventos.com.uy\/#website","url":"https:\/\/empresasyeventos.com.uy\/","name":"Empresas &amp; Eventos","description":"Portal de noticias de Empresas y Eventos","potentialAction":[{"@type":"SearchAction","target":{"@type":"EntryPoint","urlTemplate":"https:\/\/empresasyeventos.com.uy\/?s={search_term_string}"},"query-input":{"@type":"PropertyValueSpecification","valueRequired":true,"valueName":"search_term_string"}}],"inLanguage":"es"},{"@type":"Person","@id":"https:\/\/empresasyeventos.com.uy\/#\/schema\/person\/e2ecff9df3397b6bced46c0154bc0aa2","name":"Sergio Goloubintseff","image":{"@type":"ImageObject","inLanguage":"es","@id":"https:\/\/empresasyeventos.com.uy\/wp-content\/litespeed\/avatar\/e7e78d5d2c4fffc5dbfffc2212c10ee5.jpg?ver=1777397007","url":"https:\/\/empresasyeventos.com.uy\/wp-content\/litespeed\/avatar\/e7e78d5d2c4fffc5dbfffc2212c10ee5.jpg?ver=1777397007","contentUrl":"https:\/\/empresasyeventos.com.uy\/wp-content\/litespeed\/avatar\/e7e78d5d2c4fffc5dbfffc2212c10ee5.jpg?ver=1777397007","caption":"Sergio Goloubintseff"},"url":"https:\/\/empresasyeventos.com.uy\/index.php\/author\/sergio-goloubintseff\/"}]}},"jetpack_publicize_connections":[],"jetpack_featured_media_url":"https:\/\/i0.wp.com\/empresasyeventos.com.uy\/wp-content\/uploads\/2023\/01\/PLAYA-YES-1.jpg?fit=800%2C533&ssl=1","jetpack_sharing_enabled":true,"_links":{"self":[{"href":"https:\/\/empresasyeventos.com.uy\/index.php\/wp-json\/wp\/v2\/posts\/2358","targetHints":{"allow":["GET"]}}],"collection":[{"href":"https:\/\/empresasyeventos.com.uy\/index.php\/wp-json\/wp\/v2\/posts"}],"about":[{"href":"https:\/\/empresasyeventos.com.uy\/index.php\/wp-json\/wp\/v2\/types\/post"}],"author":[{"embeddable":true,"href":"https:\/\/empresasyeventos.com.uy\/index.php\/wp-json\/wp\/v2\/users\/3"}],"replies":[{"embeddable":true,"href":"https:\/\/empresasyeventos.com.uy\/index.php\/wp-json\/wp\/v2\/comments?post=2358"}],"version-history":[{"count":2,"href":"https:\/\/empresasyeventos.com.uy\/index.php\/wp-json\/wp\/v2\/posts\/2358\/revisions"}],"predecessor-version":[{"id":2368,"href":"https:\/\/empresasyeventos.com.uy\/index.php\/wp-json\/wp\/v2\/posts\/2358\/revisions\/2368"}],"wp:featuredmedia":[{"embeddable":true,"href":"https:\/\/empresasyeventos.com.uy\/index.php\/wp-json\/wp\/v2\/media\/2365"}],"wp:attachment":[{"href":"https:\/\/empresasyeventos.com.uy\/index.php\/wp-json\/wp\/v2\/media?parent=2358"}],"wp:term":[{"taxonomy":"category","embeddable":true,"href":"https:\/\/empresasyeventos.com.uy\/index.php\/wp-json\/wp\/v2\/categories?post=2358"},{"taxonomy":"post_tag","embeddable":true,"href":"https:\/\/empresasyeventos.com.uy\/index.php\/wp-json\/wp\/v2\/tags?post=2358"}],"curies":[{"name":"wp","href":"https:\/\/api.w.org\/{rel}","templated":true}]}}