{"id":2245,"date":"2022-11-04T17:53:51","date_gmt":"2022-11-04T20:53:51","guid":{"rendered":"http:\/\/empresasyeventos.com.uy\/?p=2245"},"modified":"2022-11-04T17:53:51","modified_gmt":"2022-11-04T20:53:51","slug":"torres-cardinal-un-proyecto-innovador","status":"publish","type":"post","link":"https:\/\/empresasyeventos.com.uy\/index.php\/2022\/11\/04\/torres-cardinal-un-proyecto-innovador\/","title":{"rendered":"Torres Cardinal, un proyecto innovador"},"content":{"rendered":"<p>El tema inmobiliario cada d\u00eda tiene nuevos desarrollos, uno de los m\u00e1s innovadores es Torres Cardinal en Punta del Este, y para conocer m\u00e1s del emprendimiento Empresas &amp; Eventos dialog\u00f3 con la Directora Comercial de Torres Cardinal Antonella Pierro.<\/p>\n<p><strong>C\u00f3mo nacen las torres?<\/strong><\/p>\n<p>Torres Cardinal es un proyecto de la desarrolladora Liderus, enmarcado dentro de la ley18.795. Un proyecto joven, fresco e innovador, con caracter\u00edsticas y conceptos destacables,<br \/>\ncuya obra fue estrat\u00e9gicamente dividida en dos etapas: La primera etapa se inici\u00f3 en el a\u00f1o 2014 y se comercializ\u00f3 una vez concluida la obra, con el fin de poder garantizar un producto calidad a todos sus clientes. Sus 2 torres de 13 pisos comprenden un total de 116 apartamentos de distintas tipolog\u00edas,100% vendidos y habitados. La segunda y \u00faltima etapa se inicia en enero 2023 y ya lanz\u00f3 su pre-venta en pozo. Sus 2 torres de 13 pisos comprenden un total de 140 apartamentos de 1, 2, 3 y 4 ambientes, con valores desde usd 99.000 con cochera en subsuelo incluida. Las 4 torres representan los 4 puntos cardinales, unidos por un amplio parque verde privado dise\u00f1ado para asegurar el bienestar de todos sus habitantes.<\/p>\n<p><strong>D\u00f3nde se encuentran vuestros edificios?<\/strong><\/p>\n<figure id=\"attachment_2249\" aria-describedby=\"caption-attachment-2249\" style=\"width: 800px\" class=\"wp-caption alignright\"><a href=\"https:\/\/i0.wp.com\/empresasyeventos.com.uy\/wp-content\/uploads\/2022\/11\/Torres-Cardinal-4.png\"><img data-recalc-dims=\"1\" decoding=\"async\" data-attachment-id=\"2249\" data-permalink=\"https:\/\/empresasyeventos.com.uy\/index.php\/2022\/11\/04\/torres-cardinal-un-proyecto-innovador\/torres-cardinal-4\/\" data-orig-file=\"https:\/\/i0.wp.com\/empresasyeventos.com.uy\/wp-content\/uploads\/2022\/11\/Torres-Cardinal-4.png?fit=800%2C450&amp;ssl=1\" data-orig-size=\"800,450\" data-comments-opened=\"0\" data-image-meta=\"{&quot;aperture&quot;:&quot;0&quot;,&quot;credit&quot;:&quot;&quot;,&quot;camera&quot;:&quot;&quot;,&quot;caption&quot;:&quot;&quot;,&quot;created_timestamp&quot;:&quot;0&quot;,&quot;copyright&quot;:&quot;&quot;,&quot;focal_length&quot;:&quot;0&quot;,&quot;iso&quot;:&quot;0&quot;,&quot;shutter_speed&quot;:&quot;0&quot;,&quot;title&quot;:&quot;&quot;,&quot;orientation&quot;:&quot;0&quot;}\" data-image-title=\"Torres Cardinal\" data-image-description=\"&lt;p&gt;Torres Cardinal&lt;\/p&gt;\n\" data-image-caption=\"&lt;p&gt;Torres Cardinal&lt;\/p&gt;\n\" data-large-file=\"https:\/\/i0.wp.com\/empresasyeventos.com.uy\/wp-content\/uploads\/2022\/11\/Torres-Cardinal-4.png?fit=800%2C450&amp;ssl=1\" class=\"size-full wp-image-2249\" src=\"https:\/\/i0.wp.com\/empresasyeventos.com.uy\/wp-content\/uploads\/2022\/11\/Torres-Cardinal-4.png?resize=696%2C392\" alt=\"Torres Cardinal\" width=\"696\" height=\"392\" srcset=\"https:\/\/i0.wp.com\/empresasyeventos.com.uy\/wp-content\/uploads\/2022\/11\/Torres-Cardinal-4.png?w=800&amp;ssl=1 800w, https:\/\/i0.wp.com\/empresasyeventos.com.uy\/wp-content\/uploads\/2022\/11\/Torres-Cardinal-4.png?resize=768%2C432&amp;ssl=1 768w, https:\/\/i0.wp.com\/empresasyeventos.com.uy\/wp-content\/uploads\/2022\/11\/Torres-Cardinal-4.png?resize=150%2C84&amp;ssl=1 150w, https:\/\/i0.wp.com\/empresasyeventos.com.uy\/wp-content\/uploads\/2022\/11\/Torres-Cardinal-4.png?resize=300%2C169&amp;ssl=1 300w, https:\/\/i0.wp.com\/empresasyeventos.com.uy\/wp-content\/uploads\/2022\/11\/Torres-Cardinal-4.png?resize=696%2C392&amp;ssl=1 696w\" sizes=\"(max-width: 696px) 100vw, 696px\" \/><\/a><figcaption id=\"caption-attachment-2249\" class=\"wp-caption-text\">Torres Cardinal<\/figcaption><\/figure>\n<p>Las Torres se ubican sobre Jos\u00e9 Dodera, esquina 3 de Febrero. A una cuadra de Av. Roosevelt y a pocas cuadras de la Playa Mansa. Una zona en expansi\u00f3n y gran proyecci\u00f3n en el corto<br \/>\nplazo. Se trata de un producto de calidad y dise\u00f1o de excelencia, ubicado en una zona residencial c\u00f3moda y segura, cerca de todos los servicios de Maldonado y Punta del Este.<br \/>\nRealmente cerca de todo: pen\u00ednsula, puerto, supermercados, hospitales, negocios comerciales y gastron\u00f3micos, centros educativos, terminal de \u00f3mnibus y a tan solo 13km del Aeropuerto de Punta del Este.<\/p>\n<p><strong>Por qu\u00e9 invertir en Cardinal?<\/strong><\/p>\n<p>Torres Cardinal representa una excelente opci\u00f3n de inversi\u00f3n por su por su alta calidad constructiva, por sus bajos gastos comunes, por ubicarse dentro una zona en pleno crecimiento<br \/>\ny desarrollo, que en consecuencia genera una constante revalorizaci\u00f3n del producto y una gran demanda de alquileres, y por tratarse de un proyecto amparado por la ley de vivienda social<br \/>\npromovida, la cual otorga exoneraciones impositivas a su primer propietario hasta por 10 a\u00f1os. Adem\u00e1s, la desarrolladora ofrece financiaci\u00f3n directa post ocupaci\u00f3n de hasta el 50% del total. Es una opci\u00f3n muy rentable y segura para resguardar el capital, pero por sobre todo muy atractiva para gozar de una buena calidad de vida.<\/p>\n<figure id=\"attachment_2248\" aria-describedby=\"caption-attachment-2248\" style=\"width: 800px\" class=\"wp-caption alignleft\"><a href=\"https:\/\/i0.wp.com\/empresasyeventos.com.uy\/wp-content\/uploads\/2022\/11\/Torres-Cardinal-3.png\"><img data-recalc-dims=\"1\" decoding=\"async\" data-attachment-id=\"2248\" data-permalink=\"https:\/\/empresasyeventos.com.uy\/index.php\/2022\/11\/04\/torres-cardinal-un-proyecto-innovador\/torres-cardinal-3\/\" data-orig-file=\"https:\/\/i0.wp.com\/empresasyeventos.com.uy\/wp-content\/uploads\/2022\/11\/Torres-Cardinal-3.png?fit=800%2C436&amp;ssl=1\" data-orig-size=\"800,436\" data-comments-opened=\"0\" data-image-meta=\"{&quot;aperture&quot;:&quot;0&quot;,&quot;credit&quot;:&quot;&quot;,&quot;camera&quot;:&quot;&quot;,&quot;caption&quot;:&quot;&quot;,&quot;created_timestamp&quot;:&quot;0&quot;,&quot;copyright&quot;:&quot;&quot;,&quot;focal_length&quot;:&quot;0&quot;,&quot;iso&quot;:&quot;0&quot;,&quot;shutter_speed&quot;:&quot;0&quot;,&quot;title&quot;:&quot;&quot;,&quot;orientation&quot;:&quot;0&quot;}\" data-image-title=\"Torres Cardinal\" data-image-description=\"&lt;p&gt;Torres Cardinal&lt;\/p&gt;\n\" data-image-caption=\"&lt;p&gt;Torres Cardinal&lt;\/p&gt;\n\" data-large-file=\"https:\/\/i0.wp.com\/empresasyeventos.com.uy\/wp-content\/uploads\/2022\/11\/Torres-Cardinal-3.png?fit=800%2C436&amp;ssl=1\" class=\"size-full wp-image-2248\" src=\"https:\/\/i0.wp.com\/empresasyeventos.com.uy\/wp-content\/uploads\/2022\/11\/Torres-Cardinal-3.png?resize=696%2C379\" alt=\"Torres Cardinal\" width=\"696\" height=\"379\" srcset=\"https:\/\/i0.wp.com\/empresasyeventos.com.uy\/wp-content\/uploads\/2022\/11\/Torres-Cardinal-3.png?w=800&amp;ssl=1 800w, https:\/\/i0.wp.com\/empresasyeventos.com.uy\/wp-content\/uploads\/2022\/11\/Torres-Cardinal-3.png?resize=768%2C419&amp;ssl=1 768w, https:\/\/i0.wp.com\/empresasyeventos.com.uy\/wp-content\/uploads\/2022\/11\/Torres-Cardinal-3.png?resize=150%2C82&amp;ssl=1 150w, https:\/\/i0.wp.com\/empresasyeventos.com.uy\/wp-content\/uploads\/2022\/11\/Torres-Cardinal-3.png?resize=300%2C164&amp;ssl=1 300w, https:\/\/i0.wp.com\/empresasyeventos.com.uy\/wp-content\/uploads\/2022\/11\/Torres-Cardinal-3.png?resize=696%2C379&amp;ssl=1 696w\" sizes=\"(max-width: 696px) 100vw, 696px\" \/><\/a><figcaption id=\"caption-attachment-2248\" class=\"wp-caption-text\">Torres Cardinal<\/figcaption><\/figure>\n<p><strong>Por qu\u00e9 son edificios sustentables?<\/strong><\/p>\n<p>En Liderus consideramos que el cuidado del medio ambiente y la preservaci\u00f3n de los recursos son la brujula para una nueva forma de vida, natural, consciente y sustentable. El proyecto<br \/>\ncuenta con un pulm\u00f3n verde de casi 3.000 m2, con huerta y vegetaci\u00f3n natural, gesti\u00f3n de separaci\u00f3n de residuos, sensores de iluminaci\u00f3n por energ\u00eda solar, y certificaci\u00f3n de luces<br \/>\nLED.<\/p>\n<p><strong>La base de operaciones de uds es Punta del Este?<\/strong><\/p>\n<p>Actualmente nos encontramos operando dentro del departamento de Maldonado, con posibilidades y muchas expectativa de expansi\u00f3n. La desarrolladora est\u00e1 formada por un equipo de profesionales comprometidos en obtener productos inmobiliarios innovadores que otorguen calidad de vida, garantizando resultados \u00f3ptimos de acuerdo a la amplia experiencia en proyectos de escala. Liderus, brinda un servicio integral que abarca todas las etapas del desarrollo: detecci\u00f3n de oportunidades de inversi\u00f3n, dise\u00f1o arquitect\u00f3nico, gerenciamiento de construcci\u00f3n y comercializaci\u00f3n, control de calidad y atenci\u00f3n post venta. Desde Punta del Este al mundo, el equipo atiende, contiene y gu\u00eda a cada uno de sus clientes.<\/p>\n<figure id=\"attachment_2247\" aria-describedby=\"caption-attachment-2247\" style=\"width: 800px\" class=\"wp-caption alignright\"><a href=\"https:\/\/i0.wp.com\/empresasyeventos.com.uy\/wp-content\/uploads\/2022\/11\/Torres-Cardinal-2.jpg\"><img data-recalc-dims=\"1\" decoding=\"async\" data-attachment-id=\"2247\" data-permalink=\"https:\/\/empresasyeventos.com.uy\/index.php\/2022\/11\/04\/torres-cardinal-un-proyecto-innovador\/torres-cardinal-2\/\" data-orig-file=\"https:\/\/i0.wp.com\/empresasyeventos.com.uy\/wp-content\/uploads\/2022\/11\/Torres-Cardinal-2.jpg?fit=800%2C450&amp;ssl=1\" data-orig-size=\"800,450\" data-comments-opened=\"0\" data-image-meta=\"{&quot;aperture&quot;:&quot;0&quot;,&quot;credit&quot;:&quot;&quot;,&quot;camera&quot;:&quot;&quot;,&quot;caption&quot;:&quot;&quot;,&quot;created_timestamp&quot;:&quot;0&quot;,&quot;copyright&quot;:&quot;&quot;,&quot;focal_length&quot;:&quot;0&quot;,&quot;iso&quot;:&quot;0&quot;,&quot;shutter_speed&quot;:&quot;0&quot;,&quot;title&quot;:&quot;&quot;,&quot;orientation&quot;:&quot;0&quot;}\" data-image-title=\"Torres Cardinal\" data-image-description=\"&lt;p&gt;Torres Cardinal&lt;\/p&gt;\n\" data-image-caption=\"&lt;p&gt;Torres Cardinal&lt;\/p&gt;\n\" data-large-file=\"https:\/\/i0.wp.com\/empresasyeventos.com.uy\/wp-content\/uploads\/2022\/11\/Torres-Cardinal-2.jpg?fit=800%2C450&amp;ssl=1\" class=\"size-full wp-image-2247\" src=\"https:\/\/i0.wp.com\/empresasyeventos.com.uy\/wp-content\/uploads\/2022\/11\/Torres-Cardinal-2.jpg?resize=696%2C392\" alt=\"Torres Cardinal\" width=\"696\" height=\"392\" srcset=\"https:\/\/i0.wp.com\/empresasyeventos.com.uy\/wp-content\/uploads\/2022\/11\/Torres-Cardinal-2.jpg?w=800&amp;ssl=1 800w, https:\/\/i0.wp.com\/empresasyeventos.com.uy\/wp-content\/uploads\/2022\/11\/Torres-Cardinal-2.jpg?resize=768%2C432&amp;ssl=1 768w, https:\/\/i0.wp.com\/empresasyeventos.com.uy\/wp-content\/uploads\/2022\/11\/Torres-Cardinal-2.jpg?resize=150%2C84&amp;ssl=1 150w, https:\/\/i0.wp.com\/empresasyeventos.com.uy\/wp-content\/uploads\/2022\/11\/Torres-Cardinal-2.jpg?resize=300%2C169&amp;ssl=1 300w, https:\/\/i0.wp.com\/empresasyeventos.com.uy\/wp-content\/uploads\/2022\/11\/Torres-Cardinal-2.jpg?resize=696%2C392&amp;ssl=1 696w\" sizes=\"(max-width: 696px) 100vw, 696px\" \/><\/a><figcaption id=\"caption-attachment-2247\" class=\"wp-caption-text\">Torres Cardinal<\/figcaption><\/figure>\n<p>La oficina de ventas se encuentra sobre la calle 3 de febrero, en el terreno donde pr\u00f3ximamente se construir\u00e1n las torres. Alli\u00ed el equipo comercial los espera con excelentes y exclusivas promociones.\u00a0Horario de atenci\u00f3n: de lunes a viernes de 10 a 19 hs, y los s\u00e1bados de 9 a 13 hs.<\/p>\n<p>Tel\u00e9fonos: 4222 0600 \/ + 598 93 351 269<br \/>\nMail:\u00a0<a href=\"mailto:info@torrescardinal.com\" target=\"_blank\" rel=\"noopener\">info@torrescardinal.com<\/a><br \/>\nWeb:\u00a0<a href=\"http:\/\/www.torrescardinal.com\/\" target=\"_blank\" rel=\"noopener\" data-saferedirecturl=\"https:\/\/www.google.com\/url?q=http:\/\/www.torrescardinal.com&amp;source=gmail&amp;ust=1667669875128000&amp;usg=AOvVaw2z0fxRP9rY6YZUZ4ScGlsx\">www.torrescardinal.com<\/a><\/p>\n","protected":false},"excerpt":{"rendered":"<p>El tema inmobiliario cada d\u00eda tiene nuevos desarrollos, uno de los m\u00e1s innovadores es Torres Cardinal en Punta del Este, y para conocer m\u00e1s del emprendimiento Empresas &amp; Eventos dialog\u00f3 [&hellip;]<\/p>\n","protected":false},"author":3,"featured_media":2246,"comment_status":"closed","ping_status":"open","sticky":false,"template":"","format":"standard","meta":{"_exactmetrics_skip_tracking":false,"_exactmetrics_sitenote_active":false,"_exactmetrics_sitenote_note":"","_exactmetrics_sitenote_category":0,"_jetpack_memberships_contains_paid_content":false,"footnotes":"","jetpack_publicize_message":"Torres Cardinal, un proyecto innovador","jetpack_publicize_feature_enabled":true,"jetpack_social_post_already_shared":true,"jetpack_social_options":{"image_generator_settings":{"template":"highway","default_image_id":0,"font":"","enabled":false},"version":2}},"categories":[58],"tags":[],"class_list":["post-2245","post","type-post","status-publish","format-standard","has-post-thumbnail","category-buen-vivir"],"yoast_head":"<!-- This site is optimized with the Yoast SEO plugin v27.5 - https:\/\/yoast.com\/product\/yoast-seo-wordpress\/ -->\n<title>Torres Cardinal, un proyecto innovador - Empresas &amp; Eventos<\/title>\n<meta name=\"robots\" content=\"index, follow, max-snippet:-1, max-image-preview:large, max-video-preview:-1\" \/>\n<link rel=\"canonical\" href=\"https:\/\/empresasyeventos.com.uy\/index.php\/2022\/11\/04\/torres-cardinal-un-proyecto-innovador\/\" \/>\n<meta property=\"og:locale\" content=\"es_ES\" \/>\n<meta property=\"og:type\" content=\"article\" \/>\n<meta property=\"og:title\" content=\"Torres Cardinal, un proyecto innovador - Empresas &amp; Eventos\" \/>\n<meta property=\"og:description\" content=\"El tema inmobiliario cada d\u00eda tiene nuevos desarrollos, uno de los m\u00e1s innovadores es Torres Cardinal en Punta del Este, y para conocer m\u00e1s del emprendimiento Empresas &amp; Eventos dialog\u00f3 [&hellip;]\" \/>\n<meta property=\"og:url\" content=\"https:\/\/empresasyeventos.com.uy\/index.php\/2022\/11\/04\/torres-cardinal-un-proyecto-innovador\/\" \/>\n<meta property=\"og:site_name\" content=\"Empresas &amp; Eventos\" \/>\n<meta property=\"article:published_time\" content=\"2022-11-04T20:53:51+00:00\" \/>\n<meta property=\"og:image\" content=\"https:\/\/empresasyeventos.com.uy\/wp-content\/uploads\/2022\/11\/Torres-Cardinal-1.png\" \/>\n\t<meta property=\"og:image:width\" content=\"800\" \/>\n\t<meta property=\"og:image:height\" content=\"422\" \/>\n\t<meta property=\"og:image:type\" content=\"image\/png\" \/>\n<meta name=\"author\" content=\"Sergio Goloubintseff\" \/>\n<meta name=\"twitter:card\" content=\"summary_large_image\" \/>\n<meta name=\"twitter:label1\" content=\"Escrito por\" \/>\n\t<meta name=\"twitter:data1\" content=\"Sergio Goloubintseff\" \/>\n\t<meta name=\"twitter:label2\" content=\"Tiempo de lectura\" \/>\n\t<meta name=\"twitter:data2\" content=\"3 minutos\" \/>\n<script type=\"application\/ld+json\" class=\"yoast-schema-graph\">{\"@context\":\"https:\\\/\\\/schema.org\",\"@graph\":[{\"@type\":\"Article\",\"@id\":\"https:\\\/\\\/empresasyeventos.com.uy\\\/index.php\\\/2022\\\/11\\\/04\\\/torres-cardinal-un-proyecto-innovador\\\/#article\",\"isPartOf\":{\"@id\":\"https:\\\/\\\/empresasyeventos.com.uy\\\/index.php\\\/2022\\\/11\\\/04\\\/torres-cardinal-un-proyecto-innovador\\\/\"},\"author\":{\"name\":\"Sergio Goloubintseff\",\"@id\":\"https:\\\/\\\/empresasyeventos.com.uy\\\/#\\\/schema\\\/person\\\/e2ecff9df3397b6bced46c0154bc0aa2\"},\"headline\":\"Torres Cardinal, un proyecto innovador\",\"datePublished\":\"2022-11-04T20:53:51+00:00\",\"mainEntityOfPage\":{\"@id\":\"https:\\\/\\\/empresasyeventos.com.uy\\\/index.php\\\/2022\\\/11\\\/04\\\/torres-cardinal-un-proyecto-innovador\\\/\"},\"wordCount\":697,\"image\":{\"@id\":\"https:\\\/\\\/empresasyeventos.com.uy\\\/index.php\\\/2022\\\/11\\\/04\\\/torres-cardinal-un-proyecto-innovador\\\/#primaryimage\"},\"thumbnailUrl\":\"https:\\\/\\\/i0.wp.com\\\/empresasyeventos.com.uy\\\/wp-content\\\/uploads\\\/2022\\\/11\\\/Torres-Cardinal-1.png?fit=800%2C422&ssl=1\",\"articleSection\":[\"Buen Vivir\"],\"inLanguage\":\"es\"},{\"@type\":\"WebPage\",\"@id\":\"https:\\\/\\\/empresasyeventos.com.uy\\\/index.php\\\/2022\\\/11\\\/04\\\/torres-cardinal-un-proyecto-innovador\\\/\",\"url\":\"https:\\\/\\\/empresasyeventos.com.uy\\\/index.php\\\/2022\\\/11\\\/04\\\/torres-cardinal-un-proyecto-innovador\\\/\",\"name\":\"Torres Cardinal, un proyecto innovador - Empresas &amp; Eventos\",\"isPartOf\":{\"@id\":\"https:\\\/\\\/empresasyeventos.com.uy\\\/#website\"},\"primaryImageOfPage\":{\"@id\":\"https:\\\/\\\/empresasyeventos.com.uy\\\/index.php\\\/2022\\\/11\\\/04\\\/torres-cardinal-un-proyecto-innovador\\\/#primaryimage\"},\"image\":{\"@id\":\"https:\\\/\\\/empresasyeventos.com.uy\\\/index.php\\\/2022\\\/11\\\/04\\\/torres-cardinal-un-proyecto-innovador\\\/#primaryimage\"},\"thumbnailUrl\":\"https:\\\/\\\/i0.wp.com\\\/empresasyeventos.com.uy\\\/wp-content\\\/uploads\\\/2022\\\/11\\\/Torres-Cardinal-1.png?fit=800%2C422&ssl=1\",\"datePublished\":\"2022-11-04T20:53:51+00:00\",\"author\":{\"@id\":\"https:\\\/\\\/empresasyeventos.com.uy\\\/#\\\/schema\\\/person\\\/e2ecff9df3397b6bced46c0154bc0aa2\"},\"breadcrumb\":{\"@id\":\"https:\\\/\\\/empresasyeventos.com.uy\\\/index.php\\\/2022\\\/11\\\/04\\\/torres-cardinal-un-proyecto-innovador\\\/#breadcrumb\"},\"inLanguage\":\"es\",\"potentialAction\":[{\"@type\":\"ReadAction\",\"target\":[\"https:\\\/\\\/empresasyeventos.com.uy\\\/index.php\\\/2022\\\/11\\\/04\\\/torres-cardinal-un-proyecto-innovador\\\/\"]}]},{\"@type\":\"ImageObject\",\"inLanguage\":\"es\",\"@id\":\"https:\\\/\\\/empresasyeventos.com.uy\\\/index.php\\\/2022\\\/11\\\/04\\\/torres-cardinal-un-proyecto-innovador\\\/#primaryimage\",\"url\":\"https:\\\/\\\/i0.wp.com\\\/empresasyeventos.com.uy\\\/wp-content\\\/uploads\\\/2022\\\/11\\\/Torres-Cardinal-1.png?fit=800%2C422&ssl=1\",\"contentUrl\":\"https:\\\/\\\/i0.wp.com\\\/empresasyeventos.com.uy\\\/wp-content\\\/uploads\\\/2022\\\/11\\\/Torres-Cardinal-1.png?fit=800%2C422&ssl=1\",\"width\":800,\"height\":422,\"caption\":\"Torres Cardinal\"},{\"@type\":\"BreadcrumbList\",\"@id\":\"https:\\\/\\\/empresasyeventos.com.uy\\\/index.php\\\/2022\\\/11\\\/04\\\/torres-cardinal-un-proyecto-innovador\\\/#breadcrumb\",\"itemListElement\":[{\"@type\":\"ListItem\",\"position\":1,\"name\":\"Home\",\"item\":\"https:\\\/\\\/empresasyeventos.com.uy\\\/\"},{\"@type\":\"ListItem\",\"position\":2,\"name\":\"Torres Cardinal, un proyecto innovador\"}]},{\"@type\":\"WebSite\",\"@id\":\"https:\\\/\\\/empresasyeventos.com.uy\\\/#website\",\"url\":\"https:\\\/\\\/empresasyeventos.com.uy\\\/\",\"name\":\"Empresas &amp; Eventos\",\"description\":\"Portal de noticias de Empresas y Eventos\",\"potentialAction\":[{\"@type\":\"SearchAction\",\"target\":{\"@type\":\"EntryPoint\",\"urlTemplate\":\"https:\\\/\\\/empresasyeventos.com.uy\\\/?s={search_term_string}\"},\"query-input\":{\"@type\":\"PropertyValueSpecification\",\"valueRequired\":true,\"valueName\":\"search_term_string\"}}],\"inLanguage\":\"es\"},{\"@type\":\"Person\",\"@id\":\"https:\\\/\\\/empresasyeventos.com.uy\\\/#\\\/schema\\\/person\\\/e2ecff9df3397b6bced46c0154bc0aa2\",\"name\":\"Sergio Goloubintseff\",\"image\":{\"@type\":\"ImageObject\",\"inLanguage\":\"es\",\"@id\":\"https:\\\/\\\/empresasyeventos.com.uy\\\/wp-content\\\/litespeed\\\/avatar\\\/e7e78d5d2c4fffc5dbfffc2212c10ee5.jpg?ver=1777397007\",\"url\":\"https:\\\/\\\/empresasyeventos.com.uy\\\/wp-content\\\/litespeed\\\/avatar\\\/e7e78d5d2c4fffc5dbfffc2212c10ee5.jpg?ver=1777397007\",\"contentUrl\":\"https:\\\/\\\/empresasyeventos.com.uy\\\/wp-content\\\/litespeed\\\/avatar\\\/e7e78d5d2c4fffc5dbfffc2212c10ee5.jpg?ver=1777397007\",\"caption\":\"Sergio Goloubintseff\"},\"url\":\"https:\\\/\\\/empresasyeventos.com.uy\\\/index.php\\\/author\\\/sergio-goloubintseff\\\/\"}]}<\/script>\n<!-- \/ Yoast SEO plugin. -->","yoast_head_json":{"title":"Torres Cardinal, un proyecto innovador - Empresas &amp; Eventos","robots":{"index":"index","follow":"follow","max-snippet":"max-snippet:-1","max-image-preview":"max-image-preview:large","max-video-preview":"max-video-preview:-1"},"canonical":"https:\/\/empresasyeventos.com.uy\/index.php\/2022\/11\/04\/torres-cardinal-un-proyecto-innovador\/","og_locale":"es_ES","og_type":"article","og_title":"Torres Cardinal, un proyecto innovador - Empresas &amp; Eventos","og_description":"El tema inmobiliario cada d\u00eda tiene nuevos desarrollos, uno de los m\u00e1s innovadores es Torres Cardinal en Punta del Este, y para conocer m\u00e1s del emprendimiento Empresas &amp; Eventos dialog\u00f3 [&hellip;]","og_url":"https:\/\/empresasyeventos.com.uy\/index.php\/2022\/11\/04\/torres-cardinal-un-proyecto-innovador\/","og_site_name":"Empresas &amp; Eventos","article_published_time":"2022-11-04T20:53:51+00:00","og_image":[{"width":800,"height":422,"url":"https:\/\/empresasyeventos.com.uy\/wp-content\/uploads\/2022\/11\/Torres-Cardinal-1.png","type":"image\/png"}],"author":"Sergio Goloubintseff","twitter_card":"summary_large_image","twitter_misc":{"Escrito por":"Sergio Goloubintseff","Tiempo de lectura":"3 minutos"},"schema":{"@context":"https:\/\/schema.org","@graph":[{"@type":"Article","@id":"https:\/\/empresasyeventos.com.uy\/index.php\/2022\/11\/04\/torres-cardinal-un-proyecto-innovador\/#article","isPartOf":{"@id":"https:\/\/empresasyeventos.com.uy\/index.php\/2022\/11\/04\/torres-cardinal-un-proyecto-innovador\/"},"author":{"name":"Sergio Goloubintseff","@id":"https:\/\/empresasyeventos.com.uy\/#\/schema\/person\/e2ecff9df3397b6bced46c0154bc0aa2"},"headline":"Torres Cardinal, un proyecto innovador","datePublished":"2022-11-04T20:53:51+00:00","mainEntityOfPage":{"@id":"https:\/\/empresasyeventos.com.uy\/index.php\/2022\/11\/04\/torres-cardinal-un-proyecto-innovador\/"},"wordCount":697,"image":{"@id":"https:\/\/empresasyeventos.com.uy\/index.php\/2022\/11\/04\/torres-cardinal-un-proyecto-innovador\/#primaryimage"},"thumbnailUrl":"https:\/\/i0.wp.com\/empresasyeventos.com.uy\/wp-content\/uploads\/2022\/11\/Torres-Cardinal-1.png?fit=800%2C422&ssl=1","articleSection":["Buen Vivir"],"inLanguage":"es"},{"@type":"WebPage","@id":"https:\/\/empresasyeventos.com.uy\/index.php\/2022\/11\/04\/torres-cardinal-un-proyecto-innovador\/","url":"https:\/\/empresasyeventos.com.uy\/index.php\/2022\/11\/04\/torres-cardinal-un-proyecto-innovador\/","name":"Torres Cardinal, un proyecto innovador - Empresas &amp; Eventos","isPartOf":{"@id":"https:\/\/empresasyeventos.com.uy\/#website"},"primaryImageOfPage":{"@id":"https:\/\/empresasyeventos.com.uy\/index.php\/2022\/11\/04\/torres-cardinal-un-proyecto-innovador\/#primaryimage"},"image":{"@id":"https:\/\/empresasyeventos.com.uy\/index.php\/2022\/11\/04\/torres-cardinal-un-proyecto-innovador\/#primaryimage"},"thumbnailUrl":"https:\/\/i0.wp.com\/empresasyeventos.com.uy\/wp-content\/uploads\/2022\/11\/Torres-Cardinal-1.png?fit=800%2C422&ssl=1","datePublished":"2022-11-04T20:53:51+00:00","author":{"@id":"https:\/\/empresasyeventos.com.uy\/#\/schema\/person\/e2ecff9df3397b6bced46c0154bc0aa2"},"breadcrumb":{"@id":"https:\/\/empresasyeventos.com.uy\/index.php\/2022\/11\/04\/torres-cardinal-un-proyecto-innovador\/#breadcrumb"},"inLanguage":"es","potentialAction":[{"@type":"ReadAction","target":["https:\/\/empresasyeventos.com.uy\/index.php\/2022\/11\/04\/torres-cardinal-un-proyecto-innovador\/"]}]},{"@type":"ImageObject","inLanguage":"es","@id":"https:\/\/empresasyeventos.com.uy\/index.php\/2022\/11\/04\/torres-cardinal-un-proyecto-innovador\/#primaryimage","url":"https:\/\/i0.wp.com\/empresasyeventos.com.uy\/wp-content\/uploads\/2022\/11\/Torres-Cardinal-1.png?fit=800%2C422&ssl=1","contentUrl":"https:\/\/i0.wp.com\/empresasyeventos.com.uy\/wp-content\/uploads\/2022\/11\/Torres-Cardinal-1.png?fit=800%2C422&ssl=1","width":800,"height":422,"caption":"Torres Cardinal"},{"@type":"BreadcrumbList","@id":"https:\/\/empresasyeventos.com.uy\/index.php\/2022\/11\/04\/torres-cardinal-un-proyecto-innovador\/#breadcrumb","itemListElement":[{"@type":"ListItem","position":1,"name":"Home","item":"https:\/\/empresasyeventos.com.uy\/"},{"@type":"ListItem","position":2,"name":"Torres Cardinal, un proyecto innovador"}]},{"@type":"WebSite","@id":"https:\/\/empresasyeventos.com.uy\/#website","url":"https:\/\/empresasyeventos.com.uy\/","name":"Empresas &amp; Eventos","description":"Portal de noticias de Empresas y Eventos","potentialAction":[{"@type":"SearchAction","target":{"@type":"EntryPoint","urlTemplate":"https:\/\/empresasyeventos.com.uy\/?s={search_term_string}"},"query-input":{"@type":"PropertyValueSpecification","valueRequired":true,"valueName":"search_term_string"}}],"inLanguage":"es"},{"@type":"Person","@id":"https:\/\/empresasyeventos.com.uy\/#\/schema\/person\/e2ecff9df3397b6bced46c0154bc0aa2","name":"Sergio Goloubintseff","image":{"@type":"ImageObject","inLanguage":"es","@id":"https:\/\/empresasyeventos.com.uy\/wp-content\/litespeed\/avatar\/e7e78d5d2c4fffc5dbfffc2212c10ee5.jpg?ver=1777397007","url":"https:\/\/empresasyeventos.com.uy\/wp-content\/litespeed\/avatar\/e7e78d5d2c4fffc5dbfffc2212c10ee5.jpg?ver=1777397007","contentUrl":"https:\/\/empresasyeventos.com.uy\/wp-content\/litespeed\/avatar\/e7e78d5d2c4fffc5dbfffc2212c10ee5.jpg?ver=1777397007","caption":"Sergio Goloubintseff"},"url":"https:\/\/empresasyeventos.com.uy\/index.php\/author\/sergio-goloubintseff\/"}]}},"jetpack_publicize_connections":[],"jetpack_featured_media_url":"https:\/\/i0.wp.com\/empresasyeventos.com.uy\/wp-content\/uploads\/2022\/11\/Torres-Cardinal-1.png?fit=800%2C422&ssl=1","jetpack_sharing_enabled":true,"_links":{"self":[{"href":"https:\/\/empresasyeventos.com.uy\/index.php\/wp-json\/wp\/v2\/posts\/2245","targetHints":{"allow":["GET"]}}],"collection":[{"href":"https:\/\/empresasyeventos.com.uy\/index.php\/wp-json\/wp\/v2\/posts"}],"about":[{"href":"https:\/\/empresasyeventos.com.uy\/index.php\/wp-json\/wp\/v2\/types\/post"}],"author":[{"embeddable":true,"href":"https:\/\/empresasyeventos.com.uy\/index.php\/wp-json\/wp\/v2\/users\/3"}],"replies":[{"embeddable":true,"href":"https:\/\/empresasyeventos.com.uy\/index.php\/wp-json\/wp\/v2\/comments?post=2245"}],"version-history":[{"count":1,"href":"https:\/\/empresasyeventos.com.uy\/index.php\/wp-json\/wp\/v2\/posts\/2245\/revisions"}],"predecessor-version":[{"id":2250,"href":"https:\/\/empresasyeventos.com.uy\/index.php\/wp-json\/wp\/v2\/posts\/2245\/revisions\/2250"}],"wp:featuredmedia":[{"embeddable":true,"href":"https:\/\/empresasyeventos.com.uy\/index.php\/wp-json\/wp\/v2\/media\/2246"}],"wp:attachment":[{"href":"https:\/\/empresasyeventos.com.uy\/index.php\/wp-json\/wp\/v2\/media?parent=2245"}],"wp:term":[{"taxonomy":"category","embeddable":true,"href":"https:\/\/empresasyeventos.com.uy\/index.php\/wp-json\/wp\/v2\/categories?post=2245"},{"taxonomy":"post_tag","embeddable":true,"href":"https:\/\/empresasyeventos.com.uy\/index.php\/wp-json\/wp\/v2\/tags?post=2245"}],"curies":[{"name":"wp","href":"https:\/\/api.w.org\/{rel}","templated":true}]}}