{"id":2198,"date":"2022-10-10T11:06:09","date_gmt":"2022-10-10T14:06:09","guid":{"rendered":"http:\/\/empresasyeventos.com.uy\/?p=2198"},"modified":"2022-10-10T11:06:09","modified_gmt":"2022-10-10T14:06:09","slug":"campeonato-mundial-de-polo","status":"publish","type":"post","link":"https:\/\/empresasyeventos.com.uy\/index.php\/2022\/10\/10\/campeonato-mundial-de-polo\/","title":{"rendered":"Campeonato Mundial de Polo"},"content":{"rendered":"<p>La Asociaci\u00f3n uruguaya de Polo los invita\u00a0este jueves 13 de octubre a las 18 horas\u00a0en El Puesto (Schroeder 6415)\u00a0a la entrega del pabell\u00f3n Nacional por parte de la Secretar\u00eda Nacional de Deporte al equipo uruguayo que participar\u00e1 de las finales del Campeonato Mundial de Polo FIP que se disputar\u00e1n\u00a0del 26 de octubre al 6 de noviembre\u00a0en Wellington, Florida.\u00a0La Asociaci\u00f3n de Polo de los Estados Unidos y la FIP anuncian que el Centro Nacional de Polo y Valiente Polo Farm ser\u00e1n las sedes de este prestigioso torneo.<\/p>\n<p><strong>Las series del Mundial ser\u00e1n:<\/strong><\/p>\n<p>Serie A: Argentina, Pakist\u00e1n, M\u00e9xico y Espa\u00f1a<br \/>\nSerie B:\u00a0Uruguay,\u00a0EEUU, Australia e Italia<\/p>\n<p>Uruguay debuta el d\u00eda 29 de octubre ante la selecci\u00f3n de Italia.<\/p>\n","protected":false},"excerpt":{"rendered":"<p>La Asociaci\u00f3n uruguaya de Polo los invita\u00a0este jueves 13 de octubre a las 18 horas\u00a0en El Puesto (Schroeder 6415)\u00a0a la entrega del pabell\u00f3n Nacional por parte de la Secretar\u00eda Nacional [&hellip;]<\/p>\n","protected":false},"author":3,"featured_media":2199,"comment_status":"closed","ping_status":"open","sticky":false,"template":"","format":"standard","meta":{"_exactmetrics_skip_tracking":false,"_exactmetrics_sitenote_active":false,"_exactmetrics_sitenote_note":"","_exactmetrics_sitenote_category":0,"_jetpack_memberships_contains_paid_content":false,"footnotes":"","jetpack_publicize_message":"Campeonato Mundial de Polo","jetpack_publicize_feature_enabled":true,"jetpack_social_post_already_shared":true,"jetpack_social_options":{"image_generator_settings":{"template":"highway","default_image_id":0,"font":"","enabled":false},"version":2}},"categories":[57],"tags":[717],"class_list":["post-2198","post","type-post","status-publish","format-standard","has-post-thumbnail","category-eventos","tag-campeonato-mundial-de-polo"],"yoast_head":"<!-- This site is optimized with the Yoast SEO plugin v27.5 - https:\/\/yoast.com\/product\/yoast-seo-wordpress\/ -->\n<title>Campeonato Mundial de Polo - Empresas &amp; Eventos<\/title>\n<meta name=\"robots\" content=\"index, follow, max-snippet:-1, max-image-preview:large, max-video-preview:-1\" \/>\n<link rel=\"canonical\" href=\"https:\/\/empresasyeventos.com.uy\/index.php\/2022\/10\/10\/campeonato-mundial-de-polo\/\" \/>\n<meta property=\"og:locale\" content=\"es_ES\" \/>\n<meta property=\"og:type\" content=\"article\" \/>\n<meta property=\"og:title\" content=\"Campeonato Mundial de Polo - Empresas &amp; Eventos\" \/>\n<meta property=\"og:description\" content=\"La Asociaci\u00f3n uruguaya de Polo los invita\u00a0este jueves 13 de octubre a las 18 horas\u00a0en El Puesto (Schroeder 6415)\u00a0a la entrega del pabell\u00f3n Nacional por parte de la Secretar\u00eda Nacional [&hellip;]\" \/>\n<meta property=\"og:url\" content=\"https:\/\/empresasyeventos.com.uy\/index.php\/2022\/10\/10\/campeonato-mundial-de-polo\/\" \/>\n<meta property=\"og:site_name\" content=\"Empresas &amp; Eventos\" \/>\n<meta property=\"article:published_time\" content=\"2022-10-10T14:06:09+00:00\" \/>\n<meta property=\"og:image\" content=\"https:\/\/empresasyeventos.com.uy\/wp-content\/uploads\/2022\/10\/Campeonato-Mundial-de-Polo.jpg\" \/>\n\t<meta property=\"og:image:width\" content=\"800\" \/>\n\t<meta property=\"og:image:height\" content=\"346\" \/>\n\t<meta property=\"og:image:type\" content=\"image\/jpeg\" \/>\n<meta name=\"author\" content=\"Sergio Goloubintseff\" \/>\n<meta name=\"twitter:card\" content=\"summary_large_image\" \/>\n<meta name=\"twitter:label1\" content=\"Escrito por\" \/>\n\t<meta name=\"twitter:data1\" content=\"Sergio Goloubintseff\" \/>\n\t<meta name=\"twitter:label2\" content=\"Tiempo de lectura\" \/>\n\t<meta name=\"twitter:data2\" content=\"1 minuto\" \/>\n<script type=\"application\/ld+json\" class=\"yoast-schema-graph\">{\"@context\":\"https:\\\/\\\/schema.org\",\"@graph\":[{\"@type\":\"Article\",\"@id\":\"https:\\\/\\\/empresasyeventos.com.uy\\\/index.php\\\/2022\\\/10\\\/10\\\/campeonato-mundial-de-polo\\\/#article\",\"isPartOf\":{\"@id\":\"https:\\\/\\\/empresasyeventos.com.uy\\\/index.php\\\/2022\\\/10\\\/10\\\/campeonato-mundial-de-polo\\\/\"},\"author\":{\"name\":\"Sergio Goloubintseff\",\"@id\":\"https:\\\/\\\/empresasyeventos.com.uy\\\/#\\\/schema\\\/person\\\/e2ecff9df3397b6bced46c0154bc0aa2\"},\"headline\":\"Campeonato Mundial de Polo\",\"datePublished\":\"2022-10-10T14:06:09+00:00\",\"mainEntityOfPage\":{\"@id\":\"https:\\\/\\\/empresasyeventos.com.uy\\\/index.php\\\/2022\\\/10\\\/10\\\/campeonato-mundial-de-polo\\\/\"},\"wordCount\":133,\"image\":{\"@id\":\"https:\\\/\\\/empresasyeventos.com.uy\\\/index.php\\\/2022\\\/10\\\/10\\\/campeonato-mundial-de-polo\\\/#primaryimage\"},\"thumbnailUrl\":\"https:\\\/\\\/i0.wp.com\\\/empresasyeventos.com.uy\\\/wp-content\\\/uploads\\\/2022\\\/10\\\/Campeonato-Mundial-de-Polo.jpg?fit=800%2C346&ssl=1\",\"keywords\":[\"Campeonato Mundial de Polo\"],\"articleSection\":[\"Eventos\"],\"inLanguage\":\"es\"},{\"@type\":\"WebPage\",\"@id\":\"https:\\\/\\\/empresasyeventos.com.uy\\\/index.php\\\/2022\\\/10\\\/10\\\/campeonato-mundial-de-polo\\\/\",\"url\":\"https:\\\/\\\/empresasyeventos.com.uy\\\/index.php\\\/2022\\\/10\\\/10\\\/campeonato-mundial-de-polo\\\/\",\"name\":\"Campeonato Mundial de Polo - Empresas &amp; Eventos\",\"isPartOf\":{\"@id\":\"https:\\\/\\\/empresasyeventos.com.uy\\\/#website\"},\"primaryImageOfPage\":{\"@id\":\"https:\\\/\\\/empresasyeventos.com.uy\\\/index.php\\\/2022\\\/10\\\/10\\\/campeonato-mundial-de-polo\\\/#primaryimage\"},\"image\":{\"@id\":\"https:\\\/\\\/empresasyeventos.com.uy\\\/index.php\\\/2022\\\/10\\\/10\\\/campeonato-mundial-de-polo\\\/#primaryimage\"},\"thumbnailUrl\":\"https:\\\/\\\/i0.wp.com\\\/empresasyeventos.com.uy\\\/wp-content\\\/uploads\\\/2022\\\/10\\\/Campeonato-Mundial-de-Polo.jpg?fit=800%2C346&ssl=1\",\"datePublished\":\"2022-10-10T14:06:09+00:00\",\"author\":{\"@id\":\"https:\\\/\\\/empresasyeventos.com.uy\\\/#\\\/schema\\\/person\\\/e2ecff9df3397b6bced46c0154bc0aa2\"},\"breadcrumb\":{\"@id\":\"https:\\\/\\\/empresasyeventos.com.uy\\\/index.php\\\/2022\\\/10\\\/10\\\/campeonato-mundial-de-polo\\\/#breadcrumb\"},\"inLanguage\":\"es\",\"potentialAction\":[{\"@type\":\"ReadAction\",\"target\":[\"https:\\\/\\\/empresasyeventos.com.uy\\\/index.php\\\/2022\\\/10\\\/10\\\/campeonato-mundial-de-polo\\\/\"]}]},{\"@type\":\"ImageObject\",\"inLanguage\":\"es\",\"@id\":\"https:\\\/\\\/empresasyeventos.com.uy\\\/index.php\\\/2022\\\/10\\\/10\\\/campeonato-mundial-de-polo\\\/#primaryimage\",\"url\":\"https:\\\/\\\/i0.wp.com\\\/empresasyeventos.com.uy\\\/wp-content\\\/uploads\\\/2022\\\/10\\\/Campeonato-Mundial-de-Polo.jpg?fit=800%2C346&ssl=1\",\"contentUrl\":\"https:\\\/\\\/i0.wp.com\\\/empresasyeventos.com.uy\\\/wp-content\\\/uploads\\\/2022\\\/10\\\/Campeonato-Mundial-de-Polo.jpg?fit=800%2C346&ssl=1\",\"width\":800,\"height\":346,\"caption\":\"Campeonato Mundial de Polo\"},{\"@type\":\"BreadcrumbList\",\"@id\":\"https:\\\/\\\/empresasyeventos.com.uy\\\/index.php\\\/2022\\\/10\\\/10\\\/campeonato-mundial-de-polo\\\/#breadcrumb\",\"itemListElement\":[{\"@type\":\"ListItem\",\"position\":1,\"name\":\"Home\",\"item\":\"https:\\\/\\\/empresasyeventos.com.uy\\\/\"},{\"@type\":\"ListItem\",\"position\":2,\"name\":\"Campeonato Mundial de Polo\"}]},{\"@type\":\"WebSite\",\"@id\":\"https:\\\/\\\/empresasyeventos.com.uy\\\/#website\",\"url\":\"https:\\\/\\\/empresasyeventos.com.uy\\\/\",\"name\":\"Empresas &amp; Eventos\",\"description\":\"Portal de noticias de Empresas y Eventos\",\"potentialAction\":[{\"@type\":\"SearchAction\",\"target\":{\"@type\":\"EntryPoint\",\"urlTemplate\":\"https:\\\/\\\/empresasyeventos.com.uy\\\/?s={search_term_string}\"},\"query-input\":{\"@type\":\"PropertyValueSpecification\",\"valueRequired\":true,\"valueName\":\"search_term_string\"}}],\"inLanguage\":\"es\"},{\"@type\":\"Person\",\"@id\":\"https:\\\/\\\/empresasyeventos.com.uy\\\/#\\\/schema\\\/person\\\/e2ecff9df3397b6bced46c0154bc0aa2\",\"name\":\"Sergio Goloubintseff\",\"image\":{\"@type\":\"ImageObject\",\"inLanguage\":\"es\",\"@id\":\"https:\\\/\\\/empresasyeventos.com.uy\\\/wp-content\\\/litespeed\\\/avatar\\\/e7e78d5d2c4fffc5dbfffc2212c10ee5.jpg?ver=1777397007\",\"url\":\"https:\\\/\\\/empresasyeventos.com.uy\\\/wp-content\\\/litespeed\\\/avatar\\\/e7e78d5d2c4fffc5dbfffc2212c10ee5.jpg?ver=1777397007\",\"contentUrl\":\"https:\\\/\\\/empresasyeventos.com.uy\\\/wp-content\\\/litespeed\\\/avatar\\\/e7e78d5d2c4fffc5dbfffc2212c10ee5.jpg?ver=1777397007\",\"caption\":\"Sergio Goloubintseff\"},\"url\":\"https:\\\/\\\/empresasyeventos.com.uy\\\/index.php\\\/author\\\/sergio-goloubintseff\\\/\"}]}<\/script>\n<!-- \/ Yoast SEO plugin. -->","yoast_head_json":{"title":"Campeonato Mundial de Polo - Empresas &amp; Eventos","robots":{"index":"index","follow":"follow","max-snippet":"max-snippet:-1","max-image-preview":"max-image-preview:large","max-video-preview":"max-video-preview:-1"},"canonical":"https:\/\/empresasyeventos.com.uy\/index.php\/2022\/10\/10\/campeonato-mundial-de-polo\/","og_locale":"es_ES","og_type":"article","og_title":"Campeonato Mundial de Polo - Empresas &amp; Eventos","og_description":"La Asociaci\u00f3n uruguaya de Polo los invita\u00a0este jueves 13 de octubre a las 18 horas\u00a0en El Puesto (Schroeder 6415)\u00a0a la entrega del pabell\u00f3n Nacional por parte de la Secretar\u00eda Nacional [&hellip;]","og_url":"https:\/\/empresasyeventos.com.uy\/index.php\/2022\/10\/10\/campeonato-mundial-de-polo\/","og_site_name":"Empresas &amp; Eventos","article_published_time":"2022-10-10T14:06:09+00:00","og_image":[{"width":800,"height":346,"url":"https:\/\/empresasyeventos.com.uy\/wp-content\/uploads\/2022\/10\/Campeonato-Mundial-de-Polo.jpg","type":"image\/jpeg"}],"author":"Sergio Goloubintseff","twitter_card":"summary_large_image","twitter_misc":{"Escrito por":"Sergio Goloubintseff","Tiempo de lectura":"1 minuto"},"schema":{"@context":"https:\/\/schema.org","@graph":[{"@type":"Article","@id":"https:\/\/empresasyeventos.com.uy\/index.php\/2022\/10\/10\/campeonato-mundial-de-polo\/#article","isPartOf":{"@id":"https:\/\/empresasyeventos.com.uy\/index.php\/2022\/10\/10\/campeonato-mundial-de-polo\/"},"author":{"name":"Sergio Goloubintseff","@id":"https:\/\/empresasyeventos.com.uy\/#\/schema\/person\/e2ecff9df3397b6bced46c0154bc0aa2"},"headline":"Campeonato Mundial de Polo","datePublished":"2022-10-10T14:06:09+00:00","mainEntityOfPage":{"@id":"https:\/\/empresasyeventos.com.uy\/index.php\/2022\/10\/10\/campeonato-mundial-de-polo\/"},"wordCount":133,"image":{"@id":"https:\/\/empresasyeventos.com.uy\/index.php\/2022\/10\/10\/campeonato-mundial-de-polo\/#primaryimage"},"thumbnailUrl":"https:\/\/i0.wp.com\/empresasyeventos.com.uy\/wp-content\/uploads\/2022\/10\/Campeonato-Mundial-de-Polo.jpg?fit=800%2C346&ssl=1","keywords":["Campeonato Mundial de Polo"],"articleSection":["Eventos"],"inLanguage":"es"},{"@type":"WebPage","@id":"https:\/\/empresasyeventos.com.uy\/index.php\/2022\/10\/10\/campeonato-mundial-de-polo\/","url":"https:\/\/empresasyeventos.com.uy\/index.php\/2022\/10\/10\/campeonato-mundial-de-polo\/","name":"Campeonato Mundial de Polo - Empresas &amp; Eventos","isPartOf":{"@id":"https:\/\/empresasyeventos.com.uy\/#website"},"primaryImageOfPage":{"@id":"https:\/\/empresasyeventos.com.uy\/index.php\/2022\/10\/10\/campeonato-mundial-de-polo\/#primaryimage"},"image":{"@id":"https:\/\/empresasyeventos.com.uy\/index.php\/2022\/10\/10\/campeonato-mundial-de-polo\/#primaryimage"},"thumbnailUrl":"https:\/\/i0.wp.com\/empresasyeventos.com.uy\/wp-content\/uploads\/2022\/10\/Campeonato-Mundial-de-Polo.jpg?fit=800%2C346&ssl=1","datePublished":"2022-10-10T14:06:09+00:00","author":{"@id":"https:\/\/empresasyeventos.com.uy\/#\/schema\/person\/e2ecff9df3397b6bced46c0154bc0aa2"},"breadcrumb":{"@id":"https:\/\/empresasyeventos.com.uy\/index.php\/2022\/10\/10\/campeonato-mundial-de-polo\/#breadcrumb"},"inLanguage":"es","potentialAction":[{"@type":"ReadAction","target":["https:\/\/empresasyeventos.com.uy\/index.php\/2022\/10\/10\/campeonato-mundial-de-polo\/"]}]},{"@type":"ImageObject","inLanguage":"es","@id":"https:\/\/empresasyeventos.com.uy\/index.php\/2022\/10\/10\/campeonato-mundial-de-polo\/#primaryimage","url":"https:\/\/i0.wp.com\/empresasyeventos.com.uy\/wp-content\/uploads\/2022\/10\/Campeonato-Mundial-de-Polo.jpg?fit=800%2C346&ssl=1","contentUrl":"https:\/\/i0.wp.com\/empresasyeventos.com.uy\/wp-content\/uploads\/2022\/10\/Campeonato-Mundial-de-Polo.jpg?fit=800%2C346&ssl=1","width":800,"height":346,"caption":"Campeonato Mundial de Polo"},{"@type":"BreadcrumbList","@id":"https:\/\/empresasyeventos.com.uy\/index.php\/2022\/10\/10\/campeonato-mundial-de-polo\/#breadcrumb","itemListElement":[{"@type":"ListItem","position":1,"name":"Home","item":"https:\/\/empresasyeventos.com.uy\/"},{"@type":"ListItem","position":2,"name":"Campeonato Mundial de Polo"}]},{"@type":"WebSite","@id":"https:\/\/empresasyeventos.com.uy\/#website","url":"https:\/\/empresasyeventos.com.uy\/","name":"Empresas &amp; Eventos","description":"Portal de noticias de Empresas y Eventos","potentialAction":[{"@type":"SearchAction","target":{"@type":"EntryPoint","urlTemplate":"https:\/\/empresasyeventos.com.uy\/?s={search_term_string}"},"query-input":{"@type":"PropertyValueSpecification","valueRequired":true,"valueName":"search_term_string"}}],"inLanguage":"es"},{"@type":"Person","@id":"https:\/\/empresasyeventos.com.uy\/#\/schema\/person\/e2ecff9df3397b6bced46c0154bc0aa2","name":"Sergio Goloubintseff","image":{"@type":"ImageObject","inLanguage":"es","@id":"https:\/\/empresasyeventos.com.uy\/wp-content\/litespeed\/avatar\/e7e78d5d2c4fffc5dbfffc2212c10ee5.jpg?ver=1777397007","url":"https:\/\/empresasyeventos.com.uy\/wp-content\/litespeed\/avatar\/e7e78d5d2c4fffc5dbfffc2212c10ee5.jpg?ver=1777397007","contentUrl":"https:\/\/empresasyeventos.com.uy\/wp-content\/litespeed\/avatar\/e7e78d5d2c4fffc5dbfffc2212c10ee5.jpg?ver=1777397007","caption":"Sergio Goloubintseff"},"url":"https:\/\/empresasyeventos.com.uy\/index.php\/author\/sergio-goloubintseff\/"}]}},"jetpack_publicize_connections":[],"jetpack_featured_media_url":"https:\/\/i0.wp.com\/empresasyeventos.com.uy\/wp-content\/uploads\/2022\/10\/Campeonato-Mundial-de-Polo.jpg?fit=800%2C346&ssl=1","jetpack_sharing_enabled":true,"_links":{"self":[{"href":"https:\/\/empresasyeventos.com.uy\/index.php\/wp-json\/wp\/v2\/posts\/2198","targetHints":{"allow":["GET"]}}],"collection":[{"href":"https:\/\/empresasyeventos.com.uy\/index.php\/wp-json\/wp\/v2\/posts"}],"about":[{"href":"https:\/\/empresasyeventos.com.uy\/index.php\/wp-json\/wp\/v2\/types\/post"}],"author":[{"embeddable":true,"href":"https:\/\/empresasyeventos.com.uy\/index.php\/wp-json\/wp\/v2\/users\/3"}],"replies":[{"embeddable":true,"href":"https:\/\/empresasyeventos.com.uy\/index.php\/wp-json\/wp\/v2\/comments?post=2198"}],"version-history":[{"count":1,"href":"https:\/\/empresasyeventos.com.uy\/index.php\/wp-json\/wp\/v2\/posts\/2198\/revisions"}],"predecessor-version":[{"id":2200,"href":"https:\/\/empresasyeventos.com.uy\/index.php\/wp-json\/wp\/v2\/posts\/2198\/revisions\/2200"}],"wp:featuredmedia":[{"embeddable":true,"href":"https:\/\/empresasyeventos.com.uy\/index.php\/wp-json\/wp\/v2\/media\/2199"}],"wp:attachment":[{"href":"https:\/\/empresasyeventos.com.uy\/index.php\/wp-json\/wp\/v2\/media?parent=2198"}],"wp:term":[{"taxonomy":"category","embeddable":true,"href":"https:\/\/empresasyeventos.com.uy\/index.php\/wp-json\/wp\/v2\/categories?post=2198"},{"taxonomy":"post_tag","embeddable":true,"href":"https:\/\/empresasyeventos.com.uy\/index.php\/wp-json\/wp\/v2\/tags?post=2198"}],"curies":[{"name":"wp","href":"https:\/\/api.w.org\/{rel}","templated":true}]}}