{"id":1992,"date":"2022-04-20T00:15:55","date_gmt":"2022-04-20T00:15:55","guid":{"rendered":"http:\/\/empresasyeventos.com.uy\/?p=1992"},"modified":"2022-04-20T00:15:55","modified_gmt":"2022-04-20T00:15:55","slug":"25-anos-de-lsqa-2","status":"publish","type":"post","link":"https:\/\/empresasyeventos.com.uy\/index.php\/2022\/04\/20\/25-anos-de-lsqa-2\/","title":{"rendered":"25 a\u00f1os de LSQA"},"content":{"rendered":"<p>La noche del 5 de abril tuvo lugar en el Centro de Eventos del Parque Tecnol\u00f3gico del LATU la celebraci\u00f3n por los 25 a\u00f1os de LSQA. M\u00e1s de 500 invitados entre empresarios, prensa y amigos. Estuvieron presentes: \u00a0el presidente de la Rep\u00fablica, Luis Lacalle Pou; el secretario de Presidencia, \u00c1lvaro Delgado; el presidente del LATU y de LSQA, Ruperto Long; el CEO de LSQA, Jorge Arismendi, y el secretario general de IQNET, Pedro Alves.<\/p>\n<p>En el marco de este aniversario el CEO de LSQA, Jorge Arismendi destac\u00f3: \u201cEntendemos que le damos herramientas a las organizaciones para ser m\u00e1s \u00e1giles, m\u00e1s enfocadas al cliente, m\u00e1s cuidadosas con el medio ambiente. En estos a\u00f1os hemos trabajado mucho la tem\u00e1tica de la sustentabilidad, el medio ambiente y temas sociales\u201d.<\/p>\n<p>En el momento culminante de la noche el presidente de la Rep\u00fablica, Luis Lacalle Pou, recibi\u00f3 de manos del Ingeniero Ruperto Long la placa que acredita que LSQA fue elegida miembro pleno de IQNet, la red de organizaciones de certificaci\u00f3n de calidad m\u00e1s importante del mundo. De tal modo, Uruguay pas\u00f3 a ser el 35avo\u00a0pa\u00eds en integrar dicha instituci\u00f3n.<\/p>\n<figure id=\"attachment_1994\" aria-describedby=\"caption-attachment-1994\" style=\"width: 800px\" class=\"wp-caption alignnone\"><a href=\"https:\/\/i0.wp.com\/empresasyeventos.com.uy\/wp-content\/uploads\/2022\/04\/Alvaro-Delgado-Jorge-Arismendi-Presidente-de-la-Republica-Luis-Lacalle-Pou-Ing.-Ruperto-Long.jpeg\"><img data-recalc-dims=\"1\" decoding=\"async\" data-attachment-id=\"1994\" data-permalink=\"https:\/\/empresasyeventos.com.uy\/index.php\/2022\/04\/20\/25-anos-de-lsqa-2\/alvaro-delgado-jorge-arismendi-presidente-de-la-republica-luis-lacalle-pou-ing-ruperto-long\/\" data-orig-file=\"https:\/\/i0.wp.com\/empresasyeventos.com.uy\/wp-content\/uploads\/2022\/04\/Alvaro-Delgado-Jorge-Arismendi-Presidente-de-la-Republica-Luis-Lacalle-Pou-Ing.-Ruperto-Long.jpeg?fit=800%2C534&amp;ssl=1\" data-orig-size=\"800,534\" data-comments-opened=\"0\" data-image-meta=\"{&quot;aperture&quot;:&quot;0&quot;,&quot;credit&quot;:&quot;&quot;,&quot;camera&quot;:&quot;&quot;,&quot;caption&quot;:&quot;&quot;,&quot;created_timestamp&quot;:&quot;0&quot;,&quot;copyright&quot;:&quot;&quot;,&quot;focal_length&quot;:&quot;0&quot;,&quot;iso&quot;:&quot;0&quot;,&quot;shutter_speed&quot;:&quot;0&quot;,&quot;title&quot;:&quot;&quot;,&quot;orientation&quot;:&quot;0&quot;}\" data-image-title=\"Alvaro Delgado &amp;#8211; Jorge Arismendi &amp;#8211;  Presidente de la Rep\u00fablica Luis Lacalle Pou &amp;#8211; Ing. Ruperto Long\" data-image-description=\"&lt;p&gt;Alvaro Delgado &amp;#8211; Jorge Arismendi &amp;#8211;  Presidente de la Rep\u00fablica Luis Lacalle Pou &amp;#8211; Ing. Ruperto Long&lt;\/p&gt;\n\" data-image-caption=\"&lt;p&gt;Alvaro Delgado &amp;#8211; Jorge Arismendi &amp;#8211;  Presidente de la Rep\u00fablica Luis Lacalle Pou &amp;#8211; Ing. Ruperto Long&lt;\/p&gt;\n\" data-large-file=\"https:\/\/i0.wp.com\/empresasyeventos.com.uy\/wp-content\/uploads\/2022\/04\/Alvaro-Delgado-Jorge-Arismendi-Presidente-de-la-Republica-Luis-Lacalle-Pou-Ing.-Ruperto-Long.jpeg?fit=800%2C534&amp;ssl=1\" class=\"wp-image-1994 size-full\" src=\"https:\/\/i0.wp.com\/empresasyeventos.com.uy\/wp-content\/uploads\/2022\/04\/Alvaro-Delgado-Jorge-Arismendi-Presidente-de-la-Republica-Luis-Lacalle-Pou-Ing.-Ruperto-Long.jpeg?resize=696%2C465\" alt=\"Alvaro Delgado - Jorge Arismendi - Presidente de la Rep\u00fablica Luis Lacalle Pou - Ing. Ruperto Long\" width=\"696\" height=\"465\" srcset=\"https:\/\/i0.wp.com\/empresasyeventos.com.uy\/wp-content\/uploads\/2022\/04\/Alvaro-Delgado-Jorge-Arismendi-Presidente-de-la-Republica-Luis-Lacalle-Pou-Ing.-Ruperto-Long.jpeg?w=800&amp;ssl=1 800w, https:\/\/i0.wp.com\/empresasyeventos.com.uy\/wp-content\/uploads\/2022\/04\/Alvaro-Delgado-Jorge-Arismendi-Presidente-de-la-Republica-Luis-Lacalle-Pou-Ing.-Ruperto-Long.jpeg?resize=300%2C200&amp;ssl=1 300w, https:\/\/i0.wp.com\/empresasyeventos.com.uy\/wp-content\/uploads\/2022\/04\/Alvaro-Delgado-Jorge-Arismendi-Presidente-de-la-Republica-Luis-Lacalle-Pou-Ing.-Ruperto-Long.jpeg?resize=768%2C513&amp;ssl=1 768w, https:\/\/i0.wp.com\/empresasyeventos.com.uy\/wp-content\/uploads\/2022\/04\/Alvaro-Delgado-Jorge-Arismendi-Presidente-de-la-Republica-Luis-Lacalle-Pou-Ing.-Ruperto-Long.jpeg?resize=150%2C100&amp;ssl=1 150w, https:\/\/i0.wp.com\/empresasyeventos.com.uy\/wp-content\/uploads\/2022\/04\/Alvaro-Delgado-Jorge-Arismendi-Presidente-de-la-Republica-Luis-Lacalle-Pou-Ing.-Ruperto-Long.jpeg?resize=696%2C465&amp;ssl=1 696w\" sizes=\"(max-width: 696px) 100vw, 696px\" \/><\/a><figcaption id=\"caption-attachment-1994\" class=\"wp-caption-text\">Alvaro Delgado &#8211; Jorge Arismendi &#8211; Presidente de la Rep\u00fablica Luis Lacalle Pou &#8211; Ing. Ruperto Long<\/figcaption><\/figure>\n","protected":false},"excerpt":{"rendered":"<p>La noche del 5 de abril tuvo lugar en el Centro de Eventos del Parque Tecnol\u00f3gico del LATU la celebraci\u00f3n por los 25 a\u00f1os de LSQA. M\u00e1s de 500 invitados [&hellip;]<\/p>\n","protected":false},"author":3,"featured_media":1993,"comment_status":"closed","ping_status":"open","sticky":false,"template":"","format":"standard","meta":{"_exactmetrics_skip_tracking":false,"_exactmetrics_sitenote_active":false,"_exactmetrics_sitenote_note":"","_exactmetrics_sitenote_category":0,"_jetpack_memberships_contains_paid_content":false,"footnotes":"","jetpack_publicize_message":"25 a\u00f1os de LSQA","jetpack_publicize_feature_enabled":true,"jetpack_social_post_already_shared":true,"jetpack_social_options":{"image_generator_settings":{"template":"highway","default_image_id":0,"font":"","enabled":false},"version":2}},"categories":[56],"tags":[682],"class_list":["post-1992","post","type-post","status-publish","format-standard","has-post-thumbnail","category-empresas","tag-25-anos-lsqa"],"yoast_head":"<!-- This site is optimized with the Yoast SEO plugin v27.4 - https:\/\/yoast.com\/product\/yoast-seo-wordpress\/ -->\n<title>25 a\u00f1os de LSQA - Empresas &amp; Eventos<\/title>\n<meta name=\"robots\" content=\"index, follow, max-snippet:-1, max-image-preview:large, max-video-preview:-1\" \/>\n<link rel=\"canonical\" href=\"https:\/\/empresasyeventos.com.uy\/index.php\/2022\/04\/20\/25-anos-de-lsqa-2\/\" \/>\n<meta property=\"og:locale\" content=\"es_ES\" \/>\n<meta property=\"og:type\" content=\"article\" \/>\n<meta property=\"og:title\" content=\"25 a\u00f1os de LSQA - Empresas &amp; Eventos\" \/>\n<meta property=\"og:description\" content=\"La noche del 5 de abril tuvo lugar en el Centro de Eventos del Parque Tecnol\u00f3gico del LATU la celebraci\u00f3n por los 25 a\u00f1os de LSQA. M\u00e1s de 500 invitados [&hellip;]\" \/>\n<meta property=\"og:url\" content=\"https:\/\/empresasyeventos.com.uy\/index.php\/2022\/04\/20\/25-anos-de-lsqa-2\/\" \/>\n<meta property=\"og:site_name\" content=\"Empresas &amp; Eventos\" \/>\n<meta property=\"article:published_time\" content=\"2022-04-20T00:15:55+00:00\" \/>\n<meta property=\"og:image\" content=\"https:\/\/empresasyeventos.com.uy\/wp-content\/uploads\/2022\/04\/25-anos-LSQA.jpg\" \/>\n\t<meta property=\"og:image:width\" content=\"800\" \/>\n\t<meta property=\"og:image:height\" content=\"533\" \/>\n\t<meta property=\"og:image:type\" content=\"image\/jpeg\" \/>\n<meta name=\"author\" content=\"Sergio Goloubintseff\" \/>\n<meta name=\"twitter:card\" content=\"summary_large_image\" \/>\n<meta name=\"twitter:label1\" content=\"Escrito por\" \/>\n\t<meta name=\"twitter:data1\" content=\"Sergio Goloubintseff\" \/>\n\t<meta name=\"twitter:label2\" content=\"Tiempo de lectura\" \/>\n\t<meta name=\"twitter:data2\" content=\"2 minutos\" \/>\n<script type=\"application\/ld+json\" class=\"yoast-schema-graph\">{\"@context\":\"https:\\\/\\\/schema.org\",\"@graph\":[{\"@type\":\"Article\",\"@id\":\"https:\\\/\\\/empresasyeventos.com.uy\\\/index.php\\\/2022\\\/04\\\/20\\\/25-anos-de-lsqa-2\\\/#article\",\"isPartOf\":{\"@id\":\"https:\\\/\\\/empresasyeventos.com.uy\\\/index.php\\\/2022\\\/04\\\/20\\\/25-anos-de-lsqa-2\\\/\"},\"author\":{\"name\":\"Sergio Goloubintseff\",\"@id\":\"https:\\\/\\\/empresasyeventos.com.uy\\\/#\\\/schema\\\/person\\\/e2ecff9df3397b6bced46c0154bc0aa2\"},\"headline\":\"25 a\u00f1os de LSQA\",\"datePublished\":\"2022-04-20T00:15:55+00:00\",\"mainEntityOfPage\":{\"@id\":\"https:\\\/\\\/empresasyeventos.com.uy\\\/index.php\\\/2022\\\/04\\\/20\\\/25-anos-de-lsqa-2\\\/\"},\"wordCount\":227,\"image\":{\"@id\":\"https:\\\/\\\/empresasyeventos.com.uy\\\/index.php\\\/2022\\\/04\\\/20\\\/25-anos-de-lsqa-2\\\/#primaryimage\"},\"thumbnailUrl\":\"https:\\\/\\\/i0.wp.com\\\/empresasyeventos.com.uy\\\/wp-content\\\/uploads\\\/2022\\\/04\\\/25-anos-LSQA.jpg?fit=800%2C533&ssl=1\",\"keywords\":[\"25 A\u00f1os LSQA\"],\"articleSection\":[\"Empresas\"],\"inLanguage\":\"es\"},{\"@type\":\"WebPage\",\"@id\":\"https:\\\/\\\/empresasyeventos.com.uy\\\/index.php\\\/2022\\\/04\\\/20\\\/25-anos-de-lsqa-2\\\/\",\"url\":\"https:\\\/\\\/empresasyeventos.com.uy\\\/index.php\\\/2022\\\/04\\\/20\\\/25-anos-de-lsqa-2\\\/\",\"name\":\"25 a\u00f1os de LSQA - Empresas &amp; Eventos\",\"isPartOf\":{\"@id\":\"https:\\\/\\\/empresasyeventos.com.uy\\\/#website\"},\"primaryImageOfPage\":{\"@id\":\"https:\\\/\\\/empresasyeventos.com.uy\\\/index.php\\\/2022\\\/04\\\/20\\\/25-anos-de-lsqa-2\\\/#primaryimage\"},\"image\":{\"@id\":\"https:\\\/\\\/empresasyeventos.com.uy\\\/index.php\\\/2022\\\/04\\\/20\\\/25-anos-de-lsqa-2\\\/#primaryimage\"},\"thumbnailUrl\":\"https:\\\/\\\/i0.wp.com\\\/empresasyeventos.com.uy\\\/wp-content\\\/uploads\\\/2022\\\/04\\\/25-anos-LSQA.jpg?fit=800%2C533&ssl=1\",\"datePublished\":\"2022-04-20T00:15:55+00:00\",\"author\":{\"@id\":\"https:\\\/\\\/empresasyeventos.com.uy\\\/#\\\/schema\\\/person\\\/e2ecff9df3397b6bced46c0154bc0aa2\"},\"breadcrumb\":{\"@id\":\"https:\\\/\\\/empresasyeventos.com.uy\\\/index.php\\\/2022\\\/04\\\/20\\\/25-anos-de-lsqa-2\\\/#breadcrumb\"},\"inLanguage\":\"es\",\"potentialAction\":[{\"@type\":\"ReadAction\",\"target\":[\"https:\\\/\\\/empresasyeventos.com.uy\\\/index.php\\\/2022\\\/04\\\/20\\\/25-anos-de-lsqa-2\\\/\"]}]},{\"@type\":\"ImageObject\",\"inLanguage\":\"es\",\"@id\":\"https:\\\/\\\/empresasyeventos.com.uy\\\/index.php\\\/2022\\\/04\\\/20\\\/25-anos-de-lsqa-2\\\/#primaryimage\",\"url\":\"https:\\\/\\\/i0.wp.com\\\/empresasyeventos.com.uy\\\/wp-content\\\/uploads\\\/2022\\\/04\\\/25-anos-LSQA.jpg?fit=800%2C533&ssl=1\",\"contentUrl\":\"https:\\\/\\\/i0.wp.com\\\/empresasyeventos.com.uy\\\/wp-content\\\/uploads\\\/2022\\\/04\\\/25-anos-LSQA.jpg?fit=800%2C533&ssl=1\",\"width\":800,\"height\":533,\"caption\":\"25 a\u00f1os LSQA\"},{\"@type\":\"BreadcrumbList\",\"@id\":\"https:\\\/\\\/empresasyeventos.com.uy\\\/index.php\\\/2022\\\/04\\\/20\\\/25-anos-de-lsqa-2\\\/#breadcrumb\",\"itemListElement\":[{\"@type\":\"ListItem\",\"position\":1,\"name\":\"Home\",\"item\":\"https:\\\/\\\/empresasyeventos.com.uy\\\/\"},{\"@type\":\"ListItem\",\"position\":2,\"name\":\"25 a\u00f1os de LSQA\"}]},{\"@type\":\"WebSite\",\"@id\":\"https:\\\/\\\/empresasyeventos.com.uy\\\/#website\",\"url\":\"https:\\\/\\\/empresasyeventos.com.uy\\\/\",\"name\":\"Empresas &amp; Eventos\",\"description\":\"Portal de noticias de Empresas y Eventos\",\"potentialAction\":[{\"@type\":\"SearchAction\",\"target\":{\"@type\":\"EntryPoint\",\"urlTemplate\":\"https:\\\/\\\/empresasyeventos.com.uy\\\/?s={search_term_string}\"},\"query-input\":{\"@type\":\"PropertyValueSpecification\",\"valueRequired\":true,\"valueName\":\"search_term_string\"}}],\"inLanguage\":\"es\"},{\"@type\":\"Person\",\"@id\":\"https:\\\/\\\/empresasyeventos.com.uy\\\/#\\\/schema\\\/person\\\/e2ecff9df3397b6bced46c0154bc0aa2\",\"name\":\"Sergio Goloubintseff\",\"image\":{\"@type\":\"ImageObject\",\"inLanguage\":\"es\",\"@id\":\"https:\\\/\\\/empresasyeventos.com.uy\\\/wp-content\\\/litespeed\\\/avatar\\\/e7e78d5d2c4fffc5dbfffc2212c10ee5.jpg?ver=1776792077\",\"url\":\"https:\\\/\\\/empresasyeventos.com.uy\\\/wp-content\\\/litespeed\\\/avatar\\\/e7e78d5d2c4fffc5dbfffc2212c10ee5.jpg?ver=1776792077\",\"contentUrl\":\"https:\\\/\\\/empresasyeventos.com.uy\\\/wp-content\\\/litespeed\\\/avatar\\\/e7e78d5d2c4fffc5dbfffc2212c10ee5.jpg?ver=1776792077\",\"caption\":\"Sergio Goloubintseff\"},\"url\":\"https:\\\/\\\/empresasyeventos.com.uy\\\/index.php\\\/author\\\/sergio-goloubintseff\\\/\"}]}<\/script>\n<!-- \/ Yoast SEO plugin. -->","yoast_head_json":{"title":"25 a\u00f1os de LSQA - Empresas &amp; Eventos","robots":{"index":"index","follow":"follow","max-snippet":"max-snippet:-1","max-image-preview":"max-image-preview:large","max-video-preview":"max-video-preview:-1"},"canonical":"https:\/\/empresasyeventos.com.uy\/index.php\/2022\/04\/20\/25-anos-de-lsqa-2\/","og_locale":"es_ES","og_type":"article","og_title":"25 a\u00f1os de LSQA - Empresas &amp; Eventos","og_description":"La noche del 5 de abril tuvo lugar en el Centro de Eventos del Parque Tecnol\u00f3gico del LATU la celebraci\u00f3n por los 25 a\u00f1os de LSQA. M\u00e1s de 500 invitados [&hellip;]","og_url":"https:\/\/empresasyeventos.com.uy\/index.php\/2022\/04\/20\/25-anos-de-lsqa-2\/","og_site_name":"Empresas &amp; Eventos","article_published_time":"2022-04-20T00:15:55+00:00","og_image":[{"width":800,"height":533,"url":"https:\/\/empresasyeventos.com.uy\/wp-content\/uploads\/2022\/04\/25-anos-LSQA.jpg","type":"image\/jpeg"}],"author":"Sergio Goloubintseff","twitter_card":"summary_large_image","twitter_misc":{"Escrito por":"Sergio Goloubintseff","Tiempo de lectura":"2 minutos"},"schema":{"@context":"https:\/\/schema.org","@graph":[{"@type":"Article","@id":"https:\/\/empresasyeventos.com.uy\/index.php\/2022\/04\/20\/25-anos-de-lsqa-2\/#article","isPartOf":{"@id":"https:\/\/empresasyeventos.com.uy\/index.php\/2022\/04\/20\/25-anos-de-lsqa-2\/"},"author":{"name":"Sergio Goloubintseff","@id":"https:\/\/empresasyeventos.com.uy\/#\/schema\/person\/e2ecff9df3397b6bced46c0154bc0aa2"},"headline":"25 a\u00f1os de LSQA","datePublished":"2022-04-20T00:15:55+00:00","mainEntityOfPage":{"@id":"https:\/\/empresasyeventos.com.uy\/index.php\/2022\/04\/20\/25-anos-de-lsqa-2\/"},"wordCount":227,"image":{"@id":"https:\/\/empresasyeventos.com.uy\/index.php\/2022\/04\/20\/25-anos-de-lsqa-2\/#primaryimage"},"thumbnailUrl":"https:\/\/i0.wp.com\/empresasyeventos.com.uy\/wp-content\/uploads\/2022\/04\/25-anos-LSQA.jpg?fit=800%2C533&ssl=1","keywords":["25 A\u00f1os LSQA"],"articleSection":["Empresas"],"inLanguage":"es"},{"@type":"WebPage","@id":"https:\/\/empresasyeventos.com.uy\/index.php\/2022\/04\/20\/25-anos-de-lsqa-2\/","url":"https:\/\/empresasyeventos.com.uy\/index.php\/2022\/04\/20\/25-anos-de-lsqa-2\/","name":"25 a\u00f1os de LSQA - Empresas &amp; Eventos","isPartOf":{"@id":"https:\/\/empresasyeventos.com.uy\/#website"},"primaryImageOfPage":{"@id":"https:\/\/empresasyeventos.com.uy\/index.php\/2022\/04\/20\/25-anos-de-lsqa-2\/#primaryimage"},"image":{"@id":"https:\/\/empresasyeventos.com.uy\/index.php\/2022\/04\/20\/25-anos-de-lsqa-2\/#primaryimage"},"thumbnailUrl":"https:\/\/i0.wp.com\/empresasyeventos.com.uy\/wp-content\/uploads\/2022\/04\/25-anos-LSQA.jpg?fit=800%2C533&ssl=1","datePublished":"2022-04-20T00:15:55+00:00","author":{"@id":"https:\/\/empresasyeventos.com.uy\/#\/schema\/person\/e2ecff9df3397b6bced46c0154bc0aa2"},"breadcrumb":{"@id":"https:\/\/empresasyeventos.com.uy\/index.php\/2022\/04\/20\/25-anos-de-lsqa-2\/#breadcrumb"},"inLanguage":"es","potentialAction":[{"@type":"ReadAction","target":["https:\/\/empresasyeventos.com.uy\/index.php\/2022\/04\/20\/25-anos-de-lsqa-2\/"]}]},{"@type":"ImageObject","inLanguage":"es","@id":"https:\/\/empresasyeventos.com.uy\/index.php\/2022\/04\/20\/25-anos-de-lsqa-2\/#primaryimage","url":"https:\/\/i0.wp.com\/empresasyeventos.com.uy\/wp-content\/uploads\/2022\/04\/25-anos-LSQA.jpg?fit=800%2C533&ssl=1","contentUrl":"https:\/\/i0.wp.com\/empresasyeventos.com.uy\/wp-content\/uploads\/2022\/04\/25-anos-LSQA.jpg?fit=800%2C533&ssl=1","width":800,"height":533,"caption":"25 a\u00f1os LSQA"},{"@type":"BreadcrumbList","@id":"https:\/\/empresasyeventos.com.uy\/index.php\/2022\/04\/20\/25-anos-de-lsqa-2\/#breadcrumb","itemListElement":[{"@type":"ListItem","position":1,"name":"Home","item":"https:\/\/empresasyeventos.com.uy\/"},{"@type":"ListItem","position":2,"name":"25 a\u00f1os de LSQA"}]},{"@type":"WebSite","@id":"https:\/\/empresasyeventos.com.uy\/#website","url":"https:\/\/empresasyeventos.com.uy\/","name":"Empresas &amp; Eventos","description":"Portal de noticias de Empresas y Eventos","potentialAction":[{"@type":"SearchAction","target":{"@type":"EntryPoint","urlTemplate":"https:\/\/empresasyeventos.com.uy\/?s={search_term_string}"},"query-input":{"@type":"PropertyValueSpecification","valueRequired":true,"valueName":"search_term_string"}}],"inLanguage":"es"},{"@type":"Person","@id":"https:\/\/empresasyeventos.com.uy\/#\/schema\/person\/e2ecff9df3397b6bced46c0154bc0aa2","name":"Sergio Goloubintseff","image":{"@type":"ImageObject","inLanguage":"es","@id":"https:\/\/empresasyeventos.com.uy\/wp-content\/litespeed\/avatar\/e7e78d5d2c4fffc5dbfffc2212c10ee5.jpg?ver=1776792077","url":"https:\/\/empresasyeventos.com.uy\/wp-content\/litespeed\/avatar\/e7e78d5d2c4fffc5dbfffc2212c10ee5.jpg?ver=1776792077","contentUrl":"https:\/\/empresasyeventos.com.uy\/wp-content\/litespeed\/avatar\/e7e78d5d2c4fffc5dbfffc2212c10ee5.jpg?ver=1776792077","caption":"Sergio Goloubintseff"},"url":"https:\/\/empresasyeventos.com.uy\/index.php\/author\/sergio-goloubintseff\/"}]}},"jetpack_publicize_connections":[],"jetpack_featured_media_url":"https:\/\/i0.wp.com\/empresasyeventos.com.uy\/wp-content\/uploads\/2022\/04\/25-anos-LSQA.jpg?fit=800%2C533&ssl=1","jetpack_sharing_enabled":true,"_links":{"self":[{"href":"https:\/\/empresasyeventos.com.uy\/index.php\/wp-json\/wp\/v2\/posts\/1992","targetHints":{"allow":["GET"]}}],"collection":[{"href":"https:\/\/empresasyeventos.com.uy\/index.php\/wp-json\/wp\/v2\/posts"}],"about":[{"href":"https:\/\/empresasyeventos.com.uy\/index.php\/wp-json\/wp\/v2\/types\/post"}],"author":[{"embeddable":true,"href":"https:\/\/empresasyeventos.com.uy\/index.php\/wp-json\/wp\/v2\/users\/3"}],"replies":[{"embeddable":true,"href":"https:\/\/empresasyeventos.com.uy\/index.php\/wp-json\/wp\/v2\/comments?post=1992"}],"version-history":[{"count":1,"href":"https:\/\/empresasyeventos.com.uy\/index.php\/wp-json\/wp\/v2\/posts\/1992\/revisions"}],"predecessor-version":[{"id":1995,"href":"https:\/\/empresasyeventos.com.uy\/index.php\/wp-json\/wp\/v2\/posts\/1992\/revisions\/1995"}],"wp:featuredmedia":[{"embeddable":true,"href":"https:\/\/empresasyeventos.com.uy\/index.php\/wp-json\/wp\/v2\/media\/1993"}],"wp:attachment":[{"href":"https:\/\/empresasyeventos.com.uy\/index.php\/wp-json\/wp\/v2\/media?parent=1992"}],"wp:term":[{"taxonomy":"category","embeddable":true,"href":"https:\/\/empresasyeventos.com.uy\/index.php\/wp-json\/wp\/v2\/categories?post=1992"},{"taxonomy":"post_tag","embeddable":true,"href":"https:\/\/empresasyeventos.com.uy\/index.php\/wp-json\/wp\/v2\/tags?post=1992"}],"curies":[{"name":"wp","href":"https:\/\/api.w.org\/{rel}","templated":true}]}}