{"id":1923,"date":"2022-02-10T14:23:11","date_gmt":"2022-02-10T14:23:11","guid":{"rendered":"http:\/\/empresasyeventos.com.uy\/?p=1923"},"modified":"2022-02-10T14:23:11","modified_gmt":"2022-02-10T14:23:11","slug":"cuisinevins-presento-en-las-garzas-la-edicion-2022-del-gran-premio-siri","status":"publish","type":"post","link":"https:\/\/empresasyeventos.com.uy\/index.php\/2022\/02\/10\/cuisinevins-presento-en-las-garzas-la-edicion-2022-del-gran-premio-siri\/","title":{"rendered":"Cuisine&#038;Vins present\u00f3 en Las Garzas la edici\u00f3n 2022 del Gran Premio Sir\u00ed"},"content":{"rendered":"<p dir=\"ltr\">Con un evento repleto de figuras de la gastronom\u00eda, la enolog\u00eda y el turismo de Uruguay, la revista gastron\u00f3mica present\u00f3 una nueva edici\u00f3n anual de los premios que entrega desde hace varios a\u00f1os. Cuisine&amp;Vins convoca a proyectos de Colonia, Maldonado y Rocha a postularse hasta el 27 de abril en este juego online que potencia la identidad del turismo gastron\u00f3mico de Uruguay.<\/p>\n<p dir=\"ltr\">Despu\u00e9s de sus celebradas premiaciones en 2019 y 2020, y luego de una edici\u00f3n 100% digital que en 2021 mostr\u00f3 lo mejor de la producci\u00f3n gastron\u00f3mica y enol\u00f3gica de Maldonado y Rocha, este a\u00f1o Cuisine&amp;Vins present\u00f3 en un gran evento al aire libre en Las Garzas, Rocha, el Gran Premio Sir\u00ed 2022.<\/p>\n<p dir=\"ltr\">Durante el evento, en el que coincidieron cocineros, en\u00f3logos, bodegueros, productores, representantes del turismo y personalidades de todos los \u00e1mbitos, el lugar se transform\u00f3 en un espacio m\u00e1gico, con un banquete producido con originalidad en la c\u00e1rcava de la mano del talentoso chef de Las Garzas, Camote Langer, quien se luci\u00f3 con una gran variedad de platos entre los que se incluy\u00f3 un exquisito cordero y almejas de Rocha. Hubo tambi\u00e9n quesos de Granja La Cumbre, del departamento de Colonia..<\/p>\n<p dir=\"ltr\">Entre los asistentes se encontraron Eduardo Costantini con su mujer, Elina Fern\u00e1ndez Costantini; Mart\u00edn Laventure, Director de Turismo de Maldonado y Federico Zerbino, Director de Turismo de Rocha; Jean-Paul y Aurelien Bondoux, Mart\u00edn Pittaluga, Luciano Raimondo, Daniel Sadi, Leandro Quiroga, Wally Diamante, Juan Peralta Ramos, Nicol\u00e1s Zunino, Mart\u00edn Lavechia, Sabine Caubarr\u00e8re, Jorge Simeone, Hubert O&#8217;Farrell, Virginia Cervieri, Ricki Motta, Dolores \u00c1lzaga, Flory Perkins, Nancy Schuch, Guzm\u00e1n Artagaveytia, Mora Furtado, la c\u00f3nsul argentina en Maldonado B\u00e1rbara Vera Figueroa, Gabriela Herbstein de Ro&#8217;s Garden y Carla Tchintian de Como Pez en el Agua, entre otros.<\/p>\n<p dir=\"ltr\">Se degustaron vinos de las bodegas Garz\u00f3n, Familia Deicas y Piccolo Banfi, y espumante de Los Cerros de San Juan. Sacro Gin particip\u00f3 con una gran barra de bot\u00e1nicos y garnishes, mientras que Salus Uruguay estuvo presente con agua mineral y con su l\u00ednea de t\u00e9 fr\u00edo. La sanitizaci\u00f3n estuvo a cargo de Aut\u00f3ctona. Adem\u00e1s hubo candombe y percusi\u00f3n, y m\u00fasica en vivo a cargo la DJ Anita \u00c1lvarez de Toledo.<\/p>\n<p dir=\"ltr\">En colaboraci\u00f3n con el equipo del complejo urban\u00edstico Las Garzas, el acontecimiento fue producido con el apoyo de Ro&#8217;s Garden, Wila Interior y Grupo Mass. Los anfitriones (inclu\u00eddos mozos, cocineros y muchos invitados) combinaron con la ambientaci\u00f3n a toda estampa de Ro&#8217;s Garden, la tienda trendy americana instalada en La Barra, con dise\u00f1os de Roberta Freyman.<\/p>\n<p dir=\"ltr\">Las\u00a0 palabras inaugurales por parte del Dr. Ignacio Curbelo, Director General de Turismo, dieron inicio a una edici\u00f3n del Gran Premio Sir\u00ed Cuisine&amp;Vins renovada. Este a\u00f1o, seis rutas inspiradas por productos que representan la identidad culinaria de Uruguay ser\u00e1n recorridas por medio de cr\u00f3nicas period\u00edsticas, fotos, videos, entrevistas en vivo, historias de vida, informaci\u00f3n y curiosidades. Las rutas ser\u00e1n las siguientes:<\/p>\n<p dir=\"ltr\">\u2022 La ruta de la pesca artesanal<br \/>\n\u2022 La ruta del cordero<br \/>\n\u2022 La ruta del dulce de leche<br \/>\n\u2022 La ruta del queso<br \/>\n\u2022 La ruta del aceite de oliva<br \/>\n\u2022 La ruta del vino<\/p>\n<p dir=\"ltr\">Con el evento en Las Garzas, Cuisine&amp;Vins anunci\u00f3 la apertura de su convocatoria a todos aquellos proyectos de la cocina y el vino de Maldonado, Rocha y Colonia que quieran participar del certamen, subrayando la importancia de cumplir con los criterios del jurado y adem\u00e1s brindar servicio todo el a\u00f1o, con el fin de apoyar y premiar a quienes apuestan por el mercado local dentro y fuera de la temporada de verano. El per\u00edodo de postulaci\u00f3n tendr\u00e1 lugar entre el 2 de febrero y el 27 de abril. En total habr\u00e1 54 proyectos diferentes que participar\u00e1n de la cobertura y la votaci\u00f3n del jurado. Luego habr\u00e1 una segunda votaci\u00f3n en la que el p\u00fablico eligir\u00e1 su ruta preferida.<\/p>\n<p dir=\"ltr\">A lo largo de octubre y noviembre se compartir\u00e1n en el perfil de instagram @cuisineetvins los diferentes contenidos que ir\u00e1n nutriendo estas seis rutas de productos gastron\u00f3micos y tur\u00edsticos. Una vez concluidas ambas etapas de votaci\u00f3n, se anunciar\u00e1 el proyecto elegido por el jurado y el p\u00fablico. El proyecto ganador obtendr\u00e1 una estatuilla del Gran Premio Sir\u00ed dise\u00f1ada por el artista y orfebre Marcelo Toledo.<\/p>\n<p dir=\"ltr\">El juego gastron\u00f3mico que busca conectar productores con consumidores, pasando por instituciones estatales y empresas que generan valor para su comunidad, comienza ahora.<\/p>\n<p dir=\"ltr\">El Gran Premio Sir\u00ed Cuisine&amp;Vins fue declarado de Inter\u00e9s Tur\u00edstico Nacional y cuenta con el apoyo del Ministerio de Turismo. Auspician el evento Las Garzas y BYD Uruguay.<\/p>\n<div class=\"tiled-gallery type-rectangular tiled-gallery-unresized\" data-original-width=\"696\" data-carousel-extra='{&quot;blog_id&quot;:1,&quot;permalink&quot;:&quot;https:\\\/\\\/empresasyeventos.com.uy\\\/index.php\\\/2022\\\/02\\\/10\\\/cuisinevins-presento-en-las-garzas-la-edicion-2022-del-gran-premio-siri\\\/&quot;,&quot;likes_blog_id&quot;:180023567}' itemscope itemtype=\"http:\/\/schema.org\/ImageGallery\" > <div class=\"gallery-row\" style=\"width: 696px; height: 198px;\" data-original-width=\"696\" data-original-height=\"198\" > <div class=\"gallery-group images-1\" style=\"width: 295px; height: 198px;\" data-original-width=\"295\" data-original-height=\"198\" > <div class=\"tiled-gallery-item tiled-gallery-item-large\" itemprop=\"associatedMedia\" itemscope itemtype=\"http:\/\/schema.org\/ImageObject\"> <a href=\"https:\/\/empresasyeventos.com.uy\/index.php\/2022\/02\/10\/cuisinevins-presento-en-las-garzas-la-edicion-2022-del-gran-premio-siri\/juan-peralta-ramos-jorge-simeone-aurelien-bondoux-danny-sadi-hubert-ofarrell-martin-pittaluga-jean-paul-bondoux-nicolas-zunino-martin-lavecchia-bambou-pittaluga\/\" border=\"0\" itemprop=\"url\"> <meta itemprop=\"width\" content=\"291\"> <meta itemprop=\"height\" content=\"194\"> <img decoding=\"async\" class=\"\" data-attachment-id=\"1931\" data-orig-file=\"https:\/\/empresasyeventos.com.uy\/wp-content\/uploads\/2022\/02\/Juan-Peralta-Ramos-Jorge-Simeone-Aurelien-Bondoux-Danny-Sadi-Hubert-OFarrell-Martin-Pittaluga-Jean-Paul-Bondoux-Nicolas-Zunino-Martin-Lavecchia-Bambou-Pittaluga.jpg\" data-orig-size=\"800,534\" data-comments-opened=\"\" data-image-meta=\"{&quot;aperture&quot;:&quot;0&quot;,&quot;credit&quot;:&quot;&quot;,&quot;camera&quot;:&quot;&quot;,&quot;caption&quot;:&quot;&quot;,&quot;created_timestamp&quot;:&quot;0&quot;,&quot;copyright&quot;:&quot;&quot;,&quot;focal_length&quot;:&quot;0&quot;,&quot;iso&quot;:&quot;0&quot;,&quot;shutter_speed&quot;:&quot;0&quot;,&quot;title&quot;:&quot;&quot;,&quot;orientation&quot;:&quot;0&quot;}\" data-image-title=\"Juan Peralta Ramos, Jorge Simeone, Aurelien Bondoux, Danny Sadi, Hubert OFarrell, Martin Pittaluga, Jean Paul, Bondoux, Nicolas Zunino, Martin Lavecchia, Bambou Pittaluga\" data-image-description=\"&lt;p&gt;Juan Peralta Ramos, Jorge Simeone, Aurelien Bondoux, Danny Sadi, Hubert OFarrell, Martin Pittaluga, Jean Paul, Bondoux, Nicolas Zunino, Martin Lavecchia, Bambou Pittaluga&lt;\/p&gt; \" data-medium-file=\"https:\/\/i0.wp.com\/empresasyeventos.com.uy\/wp-content\/uploads\/2022\/02\/Juan-Peralta-Ramos-Jorge-Simeone-Aurelien-Bondoux-Danny-Sadi-Hubert-OFarrell-Martin-Pittaluga-Jean-Paul-Bondoux-Nicolas-Zunino-Martin-Lavecchia-Bambou-Pittaluga.jpg?fit=300%2C200&#038;ssl=1\" data-large-file=\"https:\/\/i0.wp.com\/empresasyeventos.com.uy\/wp-content\/uploads\/2022\/02\/Juan-Peralta-Ramos-Jorge-Simeone-Aurelien-Bondoux-Danny-Sadi-Hubert-OFarrell-Martin-Pittaluga-Jean-Paul-Bondoux-Nicolas-Zunino-Martin-Lavecchia-Bambou-Pittaluga.jpg?fit=800%2C534&#038;ssl=1\" src=\"https:\/\/i0.wp.com\/empresasyeventos.com.uy\/wp-content\/uploads\/2022\/02\/Juan-Peralta-Ramos-Jorge-Simeone-Aurelien-Bondoux-Danny-Sadi-Hubert-OFarrell-Martin-Pittaluga-Jean-Paul-Bondoux-Nicolas-Zunino-Martin-Lavecchia-Bambou-Pittaluga.jpg?w=291&#038;h=194&#038;ssl=1\" srcset=\"https:\/\/i0.wp.com\/empresasyeventos.com.uy\/wp-content\/uploads\/2022\/02\/Juan-Peralta-Ramos-Jorge-Simeone-Aurelien-Bondoux-Danny-Sadi-Hubert-OFarrell-Martin-Pittaluga-Jean-Paul-Bondoux-Nicolas-Zunino-Martin-Lavecchia-Bambou-Pittaluga.jpg?w=800&amp;ssl=1 800w, https:\/\/i0.wp.com\/empresasyeventos.com.uy\/wp-content\/uploads\/2022\/02\/Juan-Peralta-Ramos-Jorge-Simeone-Aurelien-Bondoux-Danny-Sadi-Hubert-OFarrell-Martin-Pittaluga-Jean-Paul-Bondoux-Nicolas-Zunino-Martin-Lavecchia-Bambou-Pittaluga.jpg?resize=300%2C200&amp;ssl=1 300w, https:\/\/i0.wp.com\/empresasyeventos.com.uy\/wp-content\/uploads\/2022\/02\/Juan-Peralta-Ramos-Jorge-Simeone-Aurelien-Bondoux-Danny-Sadi-Hubert-OFarrell-Martin-Pittaluga-Jean-Paul-Bondoux-Nicolas-Zunino-Martin-Lavecchia-Bambou-Pittaluga.jpg?resize=768%2C513&amp;ssl=1 768w, https:\/\/i0.wp.com\/empresasyeventos.com.uy\/wp-content\/uploads\/2022\/02\/Juan-Peralta-Ramos-Jorge-Simeone-Aurelien-Bondoux-Danny-Sadi-Hubert-OFarrell-Martin-Pittaluga-Jean-Paul-Bondoux-Nicolas-Zunino-Martin-Lavecchia-Bambou-Pittaluga.jpg?resize=150%2C100&amp;ssl=1 150w, https:\/\/i0.wp.com\/empresasyeventos.com.uy\/wp-content\/uploads\/2022\/02\/Juan-Peralta-Ramos-Jorge-Simeone-Aurelien-Bondoux-Danny-Sadi-Hubert-OFarrell-Martin-Pittaluga-Jean-Paul-Bondoux-Nicolas-Zunino-Martin-Lavecchia-Bambou-Pittaluga.jpg?resize=696%2C465&amp;ssl=1 696w\" width=\"291\" height=\"194\" loading=\"lazy\" data-original-width=\"291\" data-original-height=\"194\" itemprop=\"http:\/\/schema.org\/image\" title=\"Juan Peralta Ramos, Jorge Simeone, Aurelien Bondoux, Danny Sadi, Hubert OFarrell, Martin Pittaluga, Jean Paul, Bondoux, Nicolas Zunino, Martin Lavecchia, Bambou Pittaluga\" alt=\"Juan Peralta Ramos, Jorge Simeone, Aurelien Bondoux, Danny Sadi, Hubert OFarrell, Martin Pittaluga, Jean Paul, Bondoux, Nicolas Zunino, Martin Lavecchia, Bambou Pittaluga\" style=\"width: 291px; height: 194px;\" \/> <\/a> <div class=\"tiled-gallery-caption\" itemprop=\"caption description\"> Juan Peralta Ramos, Jorge Simeone, Aurelien Bondoux, Danny Sadi, Hubert OFarrell, Martin Pittaluga, Jean Paul, Bondoux, Nicolas Zunino, Martin Lavecchia, Bambou Pittaluga <\/div> <\/div> <\/div> <!-- close group --> <div class=\"gallery-group images-1\" style=\"width: 134px; height: 198px;\" data-original-width=\"134\" data-original-height=\"198\" > <div class=\"tiled-gallery-item tiled-gallery-item-small\" itemprop=\"associatedMedia\" itemscope itemtype=\"http:\/\/schema.org\/ImageObject\"> <a href=\"https:\/\/empresasyeventos.com.uy\/index.php\/2022\/02\/10\/cuisinevins-presento-en-las-garzas-la-edicion-2022-del-gran-premio-siri\/jean-paul-bondoux-y-silvia-paiva\/\" border=\"0\" itemprop=\"url\"> <meta itemprop=\"width\" content=\"130\"> <meta itemprop=\"height\" content=\"194\"> <img decoding=\"async\" class=\"\" data-attachment-id=\"1930\" data-orig-file=\"https:\/\/empresasyeventos.com.uy\/wp-content\/uploads\/2022\/02\/Jean-Paul-Bondoux-y-Silvia-Paiva.jpg\" data-orig-size=\"800,1199\" data-comments-opened=\"\" data-image-meta=\"{&quot;aperture&quot;:&quot;0&quot;,&quot;credit&quot;:&quot;&quot;,&quot;camera&quot;:&quot;&quot;,&quot;caption&quot;:&quot;&quot;,&quot;created_timestamp&quot;:&quot;0&quot;,&quot;copyright&quot;:&quot;&quot;,&quot;focal_length&quot;:&quot;0&quot;,&quot;iso&quot;:&quot;0&quot;,&quot;shutter_speed&quot;:&quot;0&quot;,&quot;title&quot;:&quot;&quot;,&quot;orientation&quot;:&quot;0&quot;}\" data-image-title=\"Jean Paul Bondoux y Silvia Paiva\" data-image-description=\"&lt;p&gt;Jean Paul Bondoux y Silvia Paiva&lt;\/p&gt; \" data-medium-file=\"https:\/\/i0.wp.com\/empresasyeventos.com.uy\/wp-content\/uploads\/2022\/02\/Jean-Paul-Bondoux-y-Silvia-Paiva.jpg?fit=200%2C300&#038;ssl=1\" data-large-file=\"https:\/\/i0.wp.com\/empresasyeventos.com.uy\/wp-content\/uploads\/2022\/02\/Jean-Paul-Bondoux-y-Silvia-Paiva.jpg?fit=683%2C1024&#038;ssl=1\" src=\"https:\/\/i0.wp.com\/empresasyeventos.com.uy\/wp-content\/uploads\/2022\/02\/Jean-Paul-Bondoux-y-Silvia-Paiva.jpg?w=130&#038;h=194&#038;ssl=1\" srcset=\"https:\/\/i0.wp.com\/empresasyeventos.com.uy\/wp-content\/uploads\/2022\/02\/Jean-Paul-Bondoux-y-Silvia-Paiva.jpg?w=800&amp;ssl=1 800w, https:\/\/i0.wp.com\/empresasyeventos.com.uy\/wp-content\/uploads\/2022\/02\/Jean-Paul-Bondoux-y-Silvia-Paiva.jpg?resize=200%2C300&amp;ssl=1 200w, https:\/\/i0.wp.com\/empresasyeventos.com.uy\/wp-content\/uploads\/2022\/02\/Jean-Paul-Bondoux-y-Silvia-Paiva.jpg?resize=683%2C1024&amp;ssl=1 683w, https:\/\/i0.wp.com\/empresasyeventos.com.uy\/wp-content\/uploads\/2022\/02\/Jean-Paul-Bondoux-y-Silvia-Paiva.jpg?resize=768%2C1151&amp;ssl=1 768w, https:\/\/i0.wp.com\/empresasyeventos.com.uy\/wp-content\/uploads\/2022\/02\/Jean-Paul-Bondoux-y-Silvia-Paiva.jpg?resize=150%2C225&amp;ssl=1 150w, https:\/\/i0.wp.com\/empresasyeventos.com.uy\/wp-content\/uploads\/2022\/02\/Jean-Paul-Bondoux-y-Silvia-Paiva.jpg?resize=300%2C450&amp;ssl=1 300w, https:\/\/i0.wp.com\/empresasyeventos.com.uy\/wp-content\/uploads\/2022\/02\/Jean-Paul-Bondoux-y-Silvia-Paiva.jpg?resize=696%2C1043&amp;ssl=1 696w\" width=\"130\" height=\"194\" loading=\"lazy\" data-original-width=\"130\" data-original-height=\"194\" itemprop=\"http:\/\/schema.org\/image\" title=\"Jean Paul Bondoux y Silvia Paiva\" alt=\"Jean Paul Bondoux y Silvia Paiva\" style=\"width: 130px; height: 194px;\" \/> <\/a> <div class=\"tiled-gallery-caption\" itemprop=\"caption description\"> Jean Paul Bondoux y Silvia Paiva <\/div> <\/div> <\/div> <!-- close group --> <div class=\"gallery-group images-1\" style=\"width: 134px; height: 198px;\" data-original-width=\"134\" data-original-height=\"198\" > <div class=\"tiled-gallery-item tiled-gallery-item-small\" itemprop=\"associatedMedia\" itemscope itemtype=\"http:\/\/schema.org\/ImageObject\"> <a href=\"https:\/\/empresasyeventos.com.uy\/index.php\/2022\/02\/10\/cuisinevins-presento-en-las-garzas-la-edicion-2022-del-gran-premio-siri\/eduardo-y-elina-constantini\/\" border=\"0\" itemprop=\"url\"> <meta itemprop=\"width\" content=\"130\"> <meta itemprop=\"height\" content=\"194\"> <img decoding=\"async\" class=\"\" data-attachment-id=\"1929\" data-orig-file=\"https:\/\/empresasyeventos.com.uy\/wp-content\/uploads\/2022\/02\/Eduardo-y-Elina-Constantini.jpg\" data-orig-size=\"800,1199\" data-comments-opened=\"\" data-image-meta=\"{&quot;aperture&quot;:&quot;0&quot;,&quot;credit&quot;:&quot;&quot;,&quot;camera&quot;:&quot;&quot;,&quot;caption&quot;:&quot;&quot;,&quot;created_timestamp&quot;:&quot;0&quot;,&quot;copyright&quot;:&quot;&quot;,&quot;focal_length&quot;:&quot;0&quot;,&quot;iso&quot;:&quot;0&quot;,&quot;shutter_speed&quot;:&quot;0&quot;,&quot;title&quot;:&quot;&quot;,&quot;orientation&quot;:&quot;0&quot;}\" data-image-title=\"Eduardo y Elina Constantini\" data-image-description=\"&lt;p&gt;Eduardo y Elina Constantini&lt;\/p&gt; \" data-medium-file=\"https:\/\/i0.wp.com\/empresasyeventos.com.uy\/wp-content\/uploads\/2022\/02\/Eduardo-y-Elina-Constantini.jpg?fit=200%2C300&#038;ssl=1\" data-large-file=\"https:\/\/i0.wp.com\/empresasyeventos.com.uy\/wp-content\/uploads\/2022\/02\/Eduardo-y-Elina-Constantini.jpg?fit=683%2C1024&#038;ssl=1\" src=\"https:\/\/i0.wp.com\/empresasyeventos.com.uy\/wp-content\/uploads\/2022\/02\/Eduardo-y-Elina-Constantini.jpg?w=130&#038;h=194&#038;ssl=1\" srcset=\"https:\/\/i0.wp.com\/empresasyeventos.com.uy\/wp-content\/uploads\/2022\/02\/Eduardo-y-Elina-Constantini.jpg?w=800&amp;ssl=1 800w, https:\/\/i0.wp.com\/empresasyeventos.com.uy\/wp-content\/uploads\/2022\/02\/Eduardo-y-Elina-Constantini.jpg?resize=200%2C300&amp;ssl=1 200w, https:\/\/i0.wp.com\/empresasyeventos.com.uy\/wp-content\/uploads\/2022\/02\/Eduardo-y-Elina-Constantini.jpg?resize=683%2C1024&amp;ssl=1 683w, https:\/\/i0.wp.com\/empresasyeventos.com.uy\/wp-content\/uploads\/2022\/02\/Eduardo-y-Elina-Constantini.jpg?resize=768%2C1151&amp;ssl=1 768w, https:\/\/i0.wp.com\/empresasyeventos.com.uy\/wp-content\/uploads\/2022\/02\/Eduardo-y-Elina-Constantini.jpg?resize=150%2C225&amp;ssl=1 150w, https:\/\/i0.wp.com\/empresasyeventos.com.uy\/wp-content\/uploads\/2022\/02\/Eduardo-y-Elina-Constantini.jpg?resize=300%2C450&amp;ssl=1 300w, https:\/\/i0.wp.com\/empresasyeventos.com.uy\/wp-content\/uploads\/2022\/02\/Eduardo-y-Elina-Constantini.jpg?resize=696%2C1043&amp;ssl=1 696w\" width=\"130\" height=\"194\" loading=\"lazy\" data-original-width=\"130\" data-original-height=\"194\" itemprop=\"http:\/\/schema.org\/image\" title=\"Eduardo y Elina Constantini\" alt=\"Eduardo y Elina Constantini\" style=\"width: 130px; height: 194px;\" \/> <\/a> <div class=\"tiled-gallery-caption\" itemprop=\"caption description\"> Eduardo y Elina Constantini <\/div> <\/div> <\/div> <!-- close group --> <div class=\"gallery-group images-1\" style=\"width: 133px; height: 198px;\" data-original-width=\"133\" data-original-height=\"198\" > <div class=\"tiled-gallery-item tiled-gallery-item-small\" itemprop=\"associatedMedia\" itemscope itemtype=\"http:\/\/schema.org\/ImageObject\"> <a href=\"https:\/\/empresasyeventos.com.uy\/index.php\/2022\/02\/10\/cuisinevins-presento-en-las-garzas-la-edicion-2022-del-gran-premio-siri\/dr-ignacio-curbelo-director-general-de-turismo\/\" border=\"0\" itemprop=\"url\"> <meta itemprop=\"width\" content=\"129\"> <meta itemprop=\"height\" content=\"194\"> <img decoding=\"async\" class=\"\" data-attachment-id=\"1928\" data-orig-file=\"https:\/\/empresasyeventos.com.uy\/wp-content\/uploads\/2022\/02\/Dr.-Ignacio-Curbelo-Director-General-de-Turismo.jpg\" data-orig-size=\"800,1199\" data-comments-opened=\"\" data-image-meta=\"{&quot;aperture&quot;:&quot;0&quot;,&quot;credit&quot;:&quot;&quot;,&quot;camera&quot;:&quot;&quot;,&quot;caption&quot;:&quot;&quot;,&quot;created_timestamp&quot;:&quot;0&quot;,&quot;copyright&quot;:&quot;&quot;,&quot;focal_length&quot;:&quot;0&quot;,&quot;iso&quot;:&quot;0&quot;,&quot;shutter_speed&quot;:&quot;0&quot;,&quot;title&quot;:&quot;&quot;,&quot;orientation&quot;:&quot;0&quot;}\" data-image-title=\"Dr. Ignacio Curbelo, Director General de Turismo\" data-image-description=\"&lt;p&gt;Dr. Ignacio Curbelo, Director General de Turismo&lt;\/p&gt; \" data-medium-file=\"https:\/\/i0.wp.com\/empresasyeventos.com.uy\/wp-content\/uploads\/2022\/02\/Dr.-Ignacio-Curbelo-Director-General-de-Turismo.jpg?fit=200%2C300&#038;ssl=1\" data-large-file=\"https:\/\/i0.wp.com\/empresasyeventos.com.uy\/wp-content\/uploads\/2022\/02\/Dr.-Ignacio-Curbelo-Director-General-de-Turismo.jpg?fit=683%2C1024&#038;ssl=1\" src=\"https:\/\/i0.wp.com\/empresasyeventos.com.uy\/wp-content\/uploads\/2022\/02\/Dr.-Ignacio-Curbelo-Director-General-de-Turismo.jpg?w=129&#038;h=194&#038;ssl=1\" srcset=\"https:\/\/i0.wp.com\/empresasyeventos.com.uy\/wp-content\/uploads\/2022\/02\/Dr.-Ignacio-Curbelo-Director-General-de-Turismo.jpg?w=800&amp;ssl=1 800w, https:\/\/i0.wp.com\/empresasyeventos.com.uy\/wp-content\/uploads\/2022\/02\/Dr.-Ignacio-Curbelo-Director-General-de-Turismo.jpg?resize=200%2C300&amp;ssl=1 200w, https:\/\/i0.wp.com\/empresasyeventos.com.uy\/wp-content\/uploads\/2022\/02\/Dr.-Ignacio-Curbelo-Director-General-de-Turismo.jpg?resize=683%2C1024&amp;ssl=1 683w, https:\/\/i0.wp.com\/empresasyeventos.com.uy\/wp-content\/uploads\/2022\/02\/Dr.-Ignacio-Curbelo-Director-General-de-Turismo.jpg?resize=768%2C1151&amp;ssl=1 768w, https:\/\/i0.wp.com\/empresasyeventos.com.uy\/wp-content\/uploads\/2022\/02\/Dr.-Ignacio-Curbelo-Director-General-de-Turismo.jpg?resize=150%2C225&amp;ssl=1 150w, https:\/\/i0.wp.com\/empresasyeventos.com.uy\/wp-content\/uploads\/2022\/02\/Dr.-Ignacio-Curbelo-Director-General-de-Turismo.jpg?resize=300%2C450&amp;ssl=1 300w, https:\/\/i0.wp.com\/empresasyeventos.com.uy\/wp-content\/uploads\/2022\/02\/Dr.-Ignacio-Curbelo-Director-General-de-Turismo.jpg?resize=696%2C1043&amp;ssl=1 696w\" width=\"129\" height=\"194\" loading=\"lazy\" data-original-width=\"129\" data-original-height=\"194\" itemprop=\"http:\/\/schema.org\/image\" title=\"Dr. Ignacio Curbelo, Director General de Turismo\" alt=\"Dr. Ignacio Curbelo, Director General de Turismo\" style=\"width: 129px; height: 194px;\" \/> <\/a> <div class=\"tiled-gallery-caption\" itemprop=\"caption description\"> Dr. Ignacio Curbelo, Director General de Turismo <\/div> <\/div> <\/div> <!-- close group --> <\/div> <!-- close row --> <div class=\"gallery-row\" style=\"width: 696px; height: 520px;\" data-original-width=\"696\" data-original-height=\"520\" > <div class=\"gallery-group images-1\" style=\"width: 348px; height: 520px;\" data-original-width=\"348\" data-original-height=\"520\" > <div class=\"tiled-gallery-item tiled-gallery-item-large\" itemprop=\"associatedMedia\" itemscope itemtype=\"http:\/\/schema.org\/ImageObject\"> <a href=\"https:\/\/empresasyeventos.com.uy\/index.php\/2022\/02\/10\/cuisinevins-presento-en-las-garzas-la-edicion-2022-del-gran-premio-siri\/dolores-alzaga-y-virginia-cervieri\/\" border=\"0\" itemprop=\"url\"> <meta itemprop=\"width\" content=\"344\"> <meta itemprop=\"height\" content=\"516\"> <img decoding=\"async\" class=\"\" data-attachment-id=\"1927\" data-orig-file=\"https:\/\/empresasyeventos.com.uy\/wp-content\/uploads\/2022\/02\/Dolores-Alzaga-y-Virginia-Cervieri.jpg\" data-orig-size=\"800,1199\" data-comments-opened=\"\" data-image-meta=\"{&quot;aperture&quot;:&quot;0&quot;,&quot;credit&quot;:&quot;&quot;,&quot;camera&quot;:&quot;&quot;,&quot;caption&quot;:&quot;&quot;,&quot;created_timestamp&quot;:&quot;0&quot;,&quot;copyright&quot;:&quot;&quot;,&quot;focal_length&quot;:&quot;0&quot;,&quot;iso&quot;:&quot;0&quot;,&quot;shutter_speed&quot;:&quot;0&quot;,&quot;title&quot;:&quot;&quot;,&quot;orientation&quot;:&quot;0&quot;}\" data-image-title=\"Dolores Alzaga y Virginia Cervieri\" data-image-description=\"&lt;p&gt;Dolores Alzaga y Virginia Cervieri&lt;\/p&gt; \" data-medium-file=\"https:\/\/i0.wp.com\/empresasyeventos.com.uy\/wp-content\/uploads\/2022\/02\/Dolores-Alzaga-y-Virginia-Cervieri.jpg?fit=200%2C300&#038;ssl=1\" data-large-file=\"https:\/\/i0.wp.com\/empresasyeventos.com.uy\/wp-content\/uploads\/2022\/02\/Dolores-Alzaga-y-Virginia-Cervieri.jpg?fit=683%2C1024&#038;ssl=1\" src=\"https:\/\/i0.wp.com\/empresasyeventos.com.uy\/wp-content\/uploads\/2022\/02\/Dolores-Alzaga-y-Virginia-Cervieri.jpg?w=344&#038;h=516&#038;ssl=1\" srcset=\"https:\/\/i0.wp.com\/empresasyeventos.com.uy\/wp-content\/uploads\/2022\/02\/Dolores-Alzaga-y-Virginia-Cervieri.jpg?w=800&amp;ssl=1 800w, https:\/\/i0.wp.com\/empresasyeventos.com.uy\/wp-content\/uploads\/2022\/02\/Dolores-Alzaga-y-Virginia-Cervieri.jpg?resize=200%2C300&amp;ssl=1 200w, https:\/\/i0.wp.com\/empresasyeventos.com.uy\/wp-content\/uploads\/2022\/02\/Dolores-Alzaga-y-Virginia-Cervieri.jpg?resize=683%2C1024&amp;ssl=1 683w, https:\/\/i0.wp.com\/empresasyeventos.com.uy\/wp-content\/uploads\/2022\/02\/Dolores-Alzaga-y-Virginia-Cervieri.jpg?resize=768%2C1151&amp;ssl=1 768w, https:\/\/i0.wp.com\/empresasyeventos.com.uy\/wp-content\/uploads\/2022\/02\/Dolores-Alzaga-y-Virginia-Cervieri.jpg?resize=150%2C225&amp;ssl=1 150w, https:\/\/i0.wp.com\/empresasyeventos.com.uy\/wp-content\/uploads\/2022\/02\/Dolores-Alzaga-y-Virginia-Cervieri.jpg?resize=300%2C450&amp;ssl=1 300w, https:\/\/i0.wp.com\/empresasyeventos.com.uy\/wp-content\/uploads\/2022\/02\/Dolores-Alzaga-y-Virginia-Cervieri.jpg?resize=696%2C1043&amp;ssl=1 696w\" width=\"344\" height=\"516\" loading=\"lazy\" data-original-width=\"344\" data-original-height=\"516\" itemprop=\"http:\/\/schema.org\/image\" title=\"Dolores Alzaga y Virginia Cervieri\" alt=\"Dolores Alzaga y Virginia Cervieri\" style=\"width: 344px; height: 516px;\" \/> <\/a> <div class=\"tiled-gallery-caption\" itemprop=\"caption description\"> Dolores Alzaga y Virginia Cervieri <\/div> <\/div> <\/div> <!-- close group --> <div class=\"gallery-group images-1\" style=\"width: 348px; height: 520px;\" data-original-width=\"348\" data-original-height=\"520\" > <div class=\"tiled-gallery-item tiled-gallery-item-large\" itemprop=\"associatedMedia\" itemscope itemtype=\"http:\/\/schema.org\/ImageObject\"> <a href=\"https:\/\/empresasyeventos.com.uy\/index.php\/2022\/02\/10\/cuisinevins-presento-en-las-garzas-la-edicion-2022-del-gran-premio-siri\/camote-langer-chef-de-las-garzas\/\" border=\"0\" itemprop=\"url\"> <meta itemprop=\"width\" content=\"344\"> <meta itemprop=\"height\" content=\"516\"> <img decoding=\"async\" class=\"\" data-attachment-id=\"1926\" data-orig-file=\"https:\/\/empresasyeventos.com.uy\/wp-content\/uploads\/2022\/02\/Camote-Langer-chef-de-Las-Garzas.jpg\" data-orig-size=\"800,1199\" data-comments-opened=\"\" data-image-meta=\"{&quot;aperture&quot;:&quot;0&quot;,&quot;credit&quot;:&quot;&quot;,&quot;camera&quot;:&quot;&quot;,&quot;caption&quot;:&quot;&quot;,&quot;created_timestamp&quot;:&quot;0&quot;,&quot;copyright&quot;:&quot;&quot;,&quot;focal_length&quot;:&quot;0&quot;,&quot;iso&quot;:&quot;0&quot;,&quot;shutter_speed&quot;:&quot;0&quot;,&quot;title&quot;:&quot;&quot;,&quot;orientation&quot;:&quot;0&quot;}\" data-image-title=\"Camote Langer, chef de Las Garzas\" data-image-description=\"&lt;p&gt;Camote Langer, chef de Las Garzas&lt;\/p&gt; \" data-medium-file=\"https:\/\/i0.wp.com\/empresasyeventos.com.uy\/wp-content\/uploads\/2022\/02\/Camote-Langer-chef-de-Las-Garzas.jpg?fit=200%2C300&#038;ssl=1\" data-large-file=\"https:\/\/i0.wp.com\/empresasyeventos.com.uy\/wp-content\/uploads\/2022\/02\/Camote-Langer-chef-de-Las-Garzas.jpg?fit=683%2C1024&#038;ssl=1\" src=\"https:\/\/i0.wp.com\/empresasyeventos.com.uy\/wp-content\/uploads\/2022\/02\/Camote-Langer-chef-de-Las-Garzas.jpg?w=344&#038;h=516&#038;ssl=1\" srcset=\"https:\/\/i0.wp.com\/empresasyeventos.com.uy\/wp-content\/uploads\/2022\/02\/Camote-Langer-chef-de-Las-Garzas.jpg?w=800&amp;ssl=1 800w, https:\/\/i0.wp.com\/empresasyeventos.com.uy\/wp-content\/uploads\/2022\/02\/Camote-Langer-chef-de-Las-Garzas.jpg?resize=200%2C300&amp;ssl=1 200w, https:\/\/i0.wp.com\/empresasyeventos.com.uy\/wp-content\/uploads\/2022\/02\/Camote-Langer-chef-de-Las-Garzas.jpg?resize=683%2C1024&amp;ssl=1 683w, https:\/\/i0.wp.com\/empresasyeventos.com.uy\/wp-content\/uploads\/2022\/02\/Camote-Langer-chef-de-Las-Garzas.jpg?resize=768%2C1151&amp;ssl=1 768w, https:\/\/i0.wp.com\/empresasyeventos.com.uy\/wp-content\/uploads\/2022\/02\/Camote-Langer-chef-de-Las-Garzas.jpg?resize=150%2C225&amp;ssl=1 150w, https:\/\/i0.wp.com\/empresasyeventos.com.uy\/wp-content\/uploads\/2022\/02\/Camote-Langer-chef-de-Las-Garzas.jpg?resize=300%2C450&amp;ssl=1 300w, https:\/\/i0.wp.com\/empresasyeventos.com.uy\/wp-content\/uploads\/2022\/02\/Camote-Langer-chef-de-Las-Garzas.jpg?resize=696%2C1043&amp;ssl=1 696w\" width=\"344\" height=\"516\" loading=\"lazy\" data-original-width=\"344\" data-original-height=\"516\" itemprop=\"http:\/\/schema.org\/image\" title=\"Camote Langer, chef de Las Garzas\" alt=\"Camote Langer, chef de Las Garzas\" style=\"width: 344px; height: 516px;\" \/> <\/a> <div class=\"tiled-gallery-caption\" itemprop=\"caption description\"> Camote Langer, chef de Las Garzas <\/div> <\/div> <\/div> <!-- close group --> <\/div> <!-- close row --> <div class=\"gallery-row\" style=\"width: 696px; height: 322px;\" data-original-width=\"696\" data-original-height=\"322\" > <div class=\"gallery-group images-1\" style=\"width: 480px; height: 322px;\" data-original-width=\"480\" data-original-height=\"322\" > <div class=\"tiled-gallery-item tiled-gallery-item-large\" itemprop=\"associatedMedia\" itemscope itemtype=\"http:\/\/schema.org\/ImageObject\"> <a href=\"https:\/\/empresasyeventos.com.uy\/index.php\/2022\/02\/10\/cuisinevins-presento-en-las-garzas-la-edicion-2022-del-gran-premio-siri\/aurelien-bondoux-martin-pittaluga-y-bambou-pittaluga\/\" border=\"0\" itemprop=\"url\"> <meta itemprop=\"width\" content=\"476\"> <meta itemprop=\"height\" content=\"318\"> <img decoding=\"async\" class=\"\" data-attachment-id=\"1925\" data-orig-file=\"https:\/\/empresasyeventos.com.uy\/wp-content\/uploads\/2022\/02\/Aurelien-Bondoux-Martin-Pittaluga-y-Bambou-Pittaluga.jpg\" data-orig-size=\"800,534\" data-comments-opened=\"\" data-image-meta=\"{&quot;aperture&quot;:&quot;0&quot;,&quot;credit&quot;:&quot;&quot;,&quot;camera&quot;:&quot;&quot;,&quot;caption&quot;:&quot;&quot;,&quot;created_timestamp&quot;:&quot;0&quot;,&quot;copyright&quot;:&quot;&quot;,&quot;focal_length&quot;:&quot;0&quot;,&quot;iso&quot;:&quot;0&quot;,&quot;shutter_speed&quot;:&quot;0&quot;,&quot;title&quot;:&quot;&quot;,&quot;orientation&quot;:&quot;0&quot;}\" data-image-title=\"Aurelien Bondoux, Martin Pittaluga y Bambou Pittaluga\" data-image-description=\"&lt;p&gt;Aurelien Bondoux, Martin Pittaluga y Bambou Pittaluga&lt;\/p&gt; \" data-medium-file=\"https:\/\/i0.wp.com\/empresasyeventos.com.uy\/wp-content\/uploads\/2022\/02\/Aurelien-Bondoux-Martin-Pittaluga-y-Bambou-Pittaluga.jpg?fit=300%2C200&#038;ssl=1\" data-large-file=\"https:\/\/i0.wp.com\/empresasyeventos.com.uy\/wp-content\/uploads\/2022\/02\/Aurelien-Bondoux-Martin-Pittaluga-y-Bambou-Pittaluga.jpg?fit=800%2C534&#038;ssl=1\" src=\"https:\/\/i0.wp.com\/empresasyeventos.com.uy\/wp-content\/uploads\/2022\/02\/Aurelien-Bondoux-Martin-Pittaluga-y-Bambou-Pittaluga.jpg?w=476&#038;h=318&#038;ssl=1\" srcset=\"https:\/\/i0.wp.com\/empresasyeventos.com.uy\/wp-content\/uploads\/2022\/02\/Aurelien-Bondoux-Martin-Pittaluga-y-Bambou-Pittaluga.jpg?w=800&amp;ssl=1 800w, https:\/\/i0.wp.com\/empresasyeventos.com.uy\/wp-content\/uploads\/2022\/02\/Aurelien-Bondoux-Martin-Pittaluga-y-Bambou-Pittaluga.jpg?resize=300%2C200&amp;ssl=1 300w, https:\/\/i0.wp.com\/empresasyeventos.com.uy\/wp-content\/uploads\/2022\/02\/Aurelien-Bondoux-Martin-Pittaluga-y-Bambou-Pittaluga.jpg?resize=768%2C513&amp;ssl=1 768w, https:\/\/i0.wp.com\/empresasyeventos.com.uy\/wp-content\/uploads\/2022\/02\/Aurelien-Bondoux-Martin-Pittaluga-y-Bambou-Pittaluga.jpg?resize=150%2C100&amp;ssl=1 150w, https:\/\/i0.wp.com\/empresasyeventos.com.uy\/wp-content\/uploads\/2022\/02\/Aurelien-Bondoux-Martin-Pittaluga-y-Bambou-Pittaluga.jpg?resize=696%2C465&amp;ssl=1 696w\" width=\"476\" height=\"318\" loading=\"lazy\" data-original-width=\"476\" data-original-height=\"318\" itemprop=\"http:\/\/schema.org\/image\" title=\"Aurelien Bondoux, Martin Pittaluga y Bambou Pittaluga\" alt=\"Aurelien Bondoux, Martin Pittaluga y Bambou Pittaluga\" style=\"width: 476px; height: 318px;\" \/> <\/a> <div class=\"tiled-gallery-caption\" itemprop=\"caption description\"> Aurelien Bondoux, Martin Pittaluga y Bambou Pittaluga <\/div> <\/div> <\/div> <!-- close group --> <div class=\"gallery-group images-1\" style=\"width: 216px; height: 322px;\" data-original-width=\"216\" data-original-height=\"322\" > <div class=\"tiled-gallery-item tiled-gallery-item-small\" itemprop=\"associatedMedia\" itemscope itemtype=\"http:\/\/schema.org\/ImageObject\"> <a href=\"https:\/\/empresasyeventos.com.uy\/index.php\/2022\/02\/10\/cuisinevins-presento-en-las-garzas-la-edicion-2022-del-gran-premio-siri\/anita-alvarez-de-toledo\/\" border=\"0\" itemprop=\"url\"> <meta itemprop=\"width\" content=\"212\"> <meta itemprop=\"height\" content=\"318\"> <img decoding=\"async\" class=\"\" data-attachment-id=\"1924\" data-orig-file=\"https:\/\/empresasyeventos.com.uy\/wp-content\/uploads\/2022\/02\/Anita-Alvarez-de-Toledo.jpg\" data-orig-size=\"800,1199\" data-comments-opened=\"\" data-image-meta=\"{&quot;aperture&quot;:&quot;0&quot;,&quot;credit&quot;:&quot;&quot;,&quot;camera&quot;:&quot;&quot;,&quot;caption&quot;:&quot;&quot;,&quot;created_timestamp&quot;:&quot;0&quot;,&quot;copyright&quot;:&quot;&quot;,&quot;focal_length&quot;:&quot;0&quot;,&quot;iso&quot;:&quot;0&quot;,&quot;shutter_speed&quot;:&quot;0&quot;,&quot;title&quot;:&quot;&quot;,&quot;orientation&quot;:&quot;0&quot;}\" data-image-title=\"Anita \u00c1lvarez de Toledo\" data-image-description=\"&lt;p&gt;Anita \u00c1lvarez de Toledo&lt;\/p&gt; \" data-medium-file=\"https:\/\/i0.wp.com\/empresasyeventos.com.uy\/wp-content\/uploads\/2022\/02\/Anita-Alvarez-de-Toledo.jpg?fit=200%2C300&#038;ssl=1\" data-large-file=\"https:\/\/i0.wp.com\/empresasyeventos.com.uy\/wp-content\/uploads\/2022\/02\/Anita-Alvarez-de-Toledo.jpg?fit=683%2C1024&#038;ssl=1\" src=\"https:\/\/i0.wp.com\/empresasyeventos.com.uy\/wp-content\/uploads\/2022\/02\/Anita-Alvarez-de-Toledo.jpg?w=212&#038;h=318&#038;ssl=1\" srcset=\"https:\/\/i0.wp.com\/empresasyeventos.com.uy\/wp-content\/uploads\/2022\/02\/Anita-Alvarez-de-Toledo.jpg?w=800&amp;ssl=1 800w, https:\/\/i0.wp.com\/empresasyeventos.com.uy\/wp-content\/uploads\/2022\/02\/Anita-Alvarez-de-Toledo.jpg?resize=200%2C300&amp;ssl=1 200w, https:\/\/i0.wp.com\/empresasyeventos.com.uy\/wp-content\/uploads\/2022\/02\/Anita-Alvarez-de-Toledo.jpg?resize=683%2C1024&amp;ssl=1 683w, https:\/\/i0.wp.com\/empresasyeventos.com.uy\/wp-content\/uploads\/2022\/02\/Anita-Alvarez-de-Toledo.jpg?resize=768%2C1151&amp;ssl=1 768w, https:\/\/i0.wp.com\/empresasyeventos.com.uy\/wp-content\/uploads\/2022\/02\/Anita-Alvarez-de-Toledo.jpg?resize=150%2C225&amp;ssl=1 150w, https:\/\/i0.wp.com\/empresasyeventos.com.uy\/wp-content\/uploads\/2022\/02\/Anita-Alvarez-de-Toledo.jpg?resize=300%2C450&amp;ssl=1 300w, https:\/\/i0.wp.com\/empresasyeventos.com.uy\/wp-content\/uploads\/2022\/02\/Anita-Alvarez-de-Toledo.jpg?resize=696%2C1043&amp;ssl=1 696w\" width=\"212\" height=\"318\" loading=\"lazy\" data-original-width=\"212\" data-original-height=\"318\" itemprop=\"http:\/\/schema.org\/image\" title=\"Anita \u00c1lvarez de Toledo\" alt=\"Anita \u00c1lvarez de Toledo\" style=\"width: 212px; height: 318px;\" \/> <\/a> <div class=\"tiled-gallery-caption\" itemprop=\"caption description\"> Anita \u00c1lvarez de Toledo <\/div> <\/div> <\/div> <!-- close group --> <\/div> <!-- close row --> <\/div>\n","protected":false},"excerpt":{"rendered":"<p>Con un evento repleto de figuras de la gastronom\u00eda, la enolog\u00eda y el turismo de Uruguay, la revista gastron\u00f3mica present\u00f3 una nueva edici\u00f3n anual de los premios que entrega desde [&hellip;]<\/p>\n","protected":false},"author":3,"featured_media":1931,"comment_status":"closed","ping_status":"open","sticky":false,"template":"","format":"standard","meta":{"_exactmetrics_skip_tracking":false,"_exactmetrics_sitenote_active":false,"_exactmetrics_sitenote_note":"","_exactmetrics_sitenote_category":0,"_jetpack_memberships_contains_paid_content":false,"footnotes":"","jetpack_publicize_message":"Cuisine&Vins present\u00f3 en Las Garzas la edici\u00f3n 2022 del Gran Premio Sir\u00ed","jetpack_publicize_feature_enabled":true,"jetpack_social_post_already_shared":true,"jetpack_social_options":{"image_generator_settings":{"template":"highway","default_image_id":0,"font":"","enabled":false},"version":2}},"categories":[57],"tags":[],"class_list":["post-1923","post","type-post","status-publish","format-standard","has-post-thumbnail","category-eventos"],"yoast_head":"<!-- This site is optimized with the Yoast SEO plugin v27.4 - https:\/\/yoast.com\/product\/yoast-seo-wordpress\/ -->\n<title>Cuisine&amp;Vins present\u00f3 en Las Garzas la edici\u00f3n 2022 del Gran Premio Sir\u00ed - Empresas &amp; Eventos<\/title>\n<meta name=\"robots\" content=\"index, follow, max-snippet:-1, max-image-preview:large, max-video-preview:-1\" \/>\n<link rel=\"canonical\" href=\"https:\/\/empresasyeventos.com.uy\/index.php\/2022\/02\/10\/cuisinevins-presento-en-las-garzas-la-edicion-2022-del-gran-premio-siri\/\" \/>\n<meta property=\"og:locale\" content=\"es_ES\" \/>\n<meta property=\"og:type\" content=\"article\" \/>\n<meta property=\"og:title\" content=\"Cuisine&amp;Vins present\u00f3 en Las Garzas la edici\u00f3n 2022 del Gran Premio Sir\u00ed - Empresas &amp; Eventos\" \/>\n<meta property=\"og:description\" content=\"Con un evento repleto de figuras de la gastronom\u00eda, la enolog\u00eda y el turismo de Uruguay, la revista gastron\u00f3mica present\u00f3 una nueva edici\u00f3n anual de los premios que entrega desde [&hellip;]\" \/>\n<meta property=\"og:url\" content=\"https:\/\/empresasyeventos.com.uy\/index.php\/2022\/02\/10\/cuisinevins-presento-en-las-garzas-la-edicion-2022-del-gran-premio-siri\/\" \/>\n<meta property=\"og:site_name\" content=\"Empresas &amp; Eventos\" \/>\n<meta property=\"article:published_time\" content=\"2022-02-10T14:23:11+00:00\" \/>\n<meta property=\"og:image\" content=\"https:\/\/empresasyeventos.com.uy\/wp-content\/uploads\/2022\/02\/Juan-Peralta-Ramos-Jorge-Simeone-Aurelien-Bondoux-Danny-Sadi-Hubert-OFarrell-Martin-Pittaluga-Jean-Paul-Bondoux-Nicolas-Zunino-Martin-Lavecchia-Bambou-Pittaluga.jpg\" \/>\n\t<meta property=\"og:image:width\" content=\"800\" \/>\n\t<meta property=\"og:image:height\" content=\"534\" \/>\n\t<meta property=\"og:image:type\" content=\"image\/jpeg\" \/>\n<meta name=\"author\" content=\"Sergio Goloubintseff\" \/>\n<meta name=\"twitter:card\" content=\"summary_large_image\" \/>\n<meta name=\"twitter:label1\" content=\"Escrito por\" \/>\n\t<meta name=\"twitter:data1\" content=\"Sergio Goloubintseff\" \/>\n\t<meta name=\"twitter:label2\" content=\"Tiempo de lectura\" \/>\n\t<meta name=\"twitter:data2\" content=\"4 minutos\" \/>\n<script type=\"application\/ld+json\" class=\"yoast-schema-graph\">{\"@context\":\"https:\\\/\\\/schema.org\",\"@graph\":[{\"@type\":\"Article\",\"@id\":\"https:\\\/\\\/empresasyeventos.com.uy\\\/index.php\\\/2022\\\/02\\\/10\\\/cuisinevins-presento-en-las-garzas-la-edicion-2022-del-gran-premio-siri\\\/#article\",\"isPartOf\":{\"@id\":\"https:\\\/\\\/empresasyeventos.com.uy\\\/index.php\\\/2022\\\/02\\\/10\\\/cuisinevins-presento-en-las-garzas-la-edicion-2022-del-gran-premio-siri\\\/\"},\"author\":{\"name\":\"Sergio Goloubintseff\",\"@id\":\"https:\\\/\\\/empresasyeventos.com.uy\\\/#\\\/schema\\\/person\\\/e2ecff9df3397b6bced46c0154bc0aa2\"},\"headline\":\"Cuisine&#038;Vins present\u00f3 en Las Garzas la edici\u00f3n 2022 del Gran Premio Sir\u00ed\",\"datePublished\":\"2022-02-10T14:23:11+00:00\",\"mainEntityOfPage\":{\"@id\":\"https:\\\/\\\/empresasyeventos.com.uy\\\/index.php\\\/2022\\\/02\\\/10\\\/cuisinevins-presento-en-las-garzas-la-edicion-2022-del-gran-premio-siri\\\/\"},\"wordCount\":823,\"image\":{\"@id\":\"https:\\\/\\\/empresasyeventos.com.uy\\\/index.php\\\/2022\\\/02\\\/10\\\/cuisinevins-presento-en-las-garzas-la-edicion-2022-del-gran-premio-siri\\\/#primaryimage\"},\"thumbnailUrl\":\"https:\\\/\\\/i0.wp.com\\\/empresasyeventos.com.uy\\\/wp-content\\\/uploads\\\/2022\\\/02\\\/Juan-Peralta-Ramos-Jorge-Simeone-Aurelien-Bondoux-Danny-Sadi-Hubert-OFarrell-Martin-Pittaluga-Jean-Paul-Bondoux-Nicolas-Zunino-Martin-Lavecchia-Bambou-Pittaluga.jpg?fit=800%2C534&ssl=1\",\"articleSection\":[\"Eventos\"],\"inLanguage\":\"es\"},{\"@type\":\"WebPage\",\"@id\":\"https:\\\/\\\/empresasyeventos.com.uy\\\/index.php\\\/2022\\\/02\\\/10\\\/cuisinevins-presento-en-las-garzas-la-edicion-2022-del-gran-premio-siri\\\/\",\"url\":\"https:\\\/\\\/empresasyeventos.com.uy\\\/index.php\\\/2022\\\/02\\\/10\\\/cuisinevins-presento-en-las-garzas-la-edicion-2022-del-gran-premio-siri\\\/\",\"name\":\"Cuisine&Vins present\u00f3 en Las Garzas la edici\u00f3n 2022 del Gran Premio Sir\u00ed - Empresas &amp; Eventos\",\"isPartOf\":{\"@id\":\"https:\\\/\\\/empresasyeventos.com.uy\\\/#website\"},\"primaryImageOfPage\":{\"@id\":\"https:\\\/\\\/empresasyeventos.com.uy\\\/index.php\\\/2022\\\/02\\\/10\\\/cuisinevins-presento-en-las-garzas-la-edicion-2022-del-gran-premio-siri\\\/#primaryimage\"},\"image\":{\"@id\":\"https:\\\/\\\/empresasyeventos.com.uy\\\/index.php\\\/2022\\\/02\\\/10\\\/cuisinevins-presento-en-las-garzas-la-edicion-2022-del-gran-premio-siri\\\/#primaryimage\"},\"thumbnailUrl\":\"https:\\\/\\\/i0.wp.com\\\/empresasyeventos.com.uy\\\/wp-content\\\/uploads\\\/2022\\\/02\\\/Juan-Peralta-Ramos-Jorge-Simeone-Aurelien-Bondoux-Danny-Sadi-Hubert-OFarrell-Martin-Pittaluga-Jean-Paul-Bondoux-Nicolas-Zunino-Martin-Lavecchia-Bambou-Pittaluga.jpg?fit=800%2C534&ssl=1\",\"datePublished\":\"2022-02-10T14:23:11+00:00\",\"author\":{\"@id\":\"https:\\\/\\\/empresasyeventos.com.uy\\\/#\\\/schema\\\/person\\\/e2ecff9df3397b6bced46c0154bc0aa2\"},\"breadcrumb\":{\"@id\":\"https:\\\/\\\/empresasyeventos.com.uy\\\/index.php\\\/2022\\\/02\\\/10\\\/cuisinevins-presento-en-las-garzas-la-edicion-2022-del-gran-premio-siri\\\/#breadcrumb\"},\"inLanguage\":\"es\",\"potentialAction\":[{\"@type\":\"ReadAction\",\"target\":[\"https:\\\/\\\/empresasyeventos.com.uy\\\/index.php\\\/2022\\\/02\\\/10\\\/cuisinevins-presento-en-las-garzas-la-edicion-2022-del-gran-premio-siri\\\/\"]}]},{\"@type\":\"ImageObject\",\"inLanguage\":\"es\",\"@id\":\"https:\\\/\\\/empresasyeventos.com.uy\\\/index.php\\\/2022\\\/02\\\/10\\\/cuisinevins-presento-en-las-garzas-la-edicion-2022-del-gran-premio-siri\\\/#primaryimage\",\"url\":\"https:\\\/\\\/i0.wp.com\\\/empresasyeventos.com.uy\\\/wp-content\\\/uploads\\\/2022\\\/02\\\/Juan-Peralta-Ramos-Jorge-Simeone-Aurelien-Bondoux-Danny-Sadi-Hubert-OFarrell-Martin-Pittaluga-Jean-Paul-Bondoux-Nicolas-Zunino-Martin-Lavecchia-Bambou-Pittaluga.jpg?fit=800%2C534&ssl=1\",\"contentUrl\":\"https:\\\/\\\/i0.wp.com\\\/empresasyeventos.com.uy\\\/wp-content\\\/uploads\\\/2022\\\/02\\\/Juan-Peralta-Ramos-Jorge-Simeone-Aurelien-Bondoux-Danny-Sadi-Hubert-OFarrell-Martin-Pittaluga-Jean-Paul-Bondoux-Nicolas-Zunino-Martin-Lavecchia-Bambou-Pittaluga.jpg?fit=800%2C534&ssl=1\",\"width\":800,\"height\":534,\"caption\":\"Juan Peralta Ramos, Jorge Simeone, Aurelien Bondoux, Danny Sadi, Hubert OFarrell, Martin Pittaluga, Jean Paul, Bondoux, Nicolas Zunino, Martin Lavecchia, Bambou Pittaluga\"},{\"@type\":\"BreadcrumbList\",\"@id\":\"https:\\\/\\\/empresasyeventos.com.uy\\\/index.php\\\/2022\\\/02\\\/10\\\/cuisinevins-presento-en-las-garzas-la-edicion-2022-del-gran-premio-siri\\\/#breadcrumb\",\"itemListElement\":[{\"@type\":\"ListItem\",\"position\":1,\"name\":\"Home\",\"item\":\"https:\\\/\\\/empresasyeventos.com.uy\\\/\"},{\"@type\":\"ListItem\",\"position\":2,\"name\":\"Cuisine&#038;Vins present\u00f3 en Las Garzas la edici\u00f3n 2022 del Gran Premio Sir\u00ed\"}]},{\"@type\":\"WebSite\",\"@id\":\"https:\\\/\\\/empresasyeventos.com.uy\\\/#website\",\"url\":\"https:\\\/\\\/empresasyeventos.com.uy\\\/\",\"name\":\"Empresas &amp; Eventos\",\"description\":\"Portal de noticias de Empresas y Eventos\",\"potentialAction\":[{\"@type\":\"SearchAction\",\"target\":{\"@type\":\"EntryPoint\",\"urlTemplate\":\"https:\\\/\\\/empresasyeventos.com.uy\\\/?s={search_term_string}\"},\"query-input\":{\"@type\":\"PropertyValueSpecification\",\"valueRequired\":true,\"valueName\":\"search_term_string\"}}],\"inLanguage\":\"es\"},{\"@type\":\"Person\",\"@id\":\"https:\\\/\\\/empresasyeventos.com.uy\\\/#\\\/schema\\\/person\\\/e2ecff9df3397b6bced46c0154bc0aa2\",\"name\":\"Sergio Goloubintseff\",\"image\":{\"@type\":\"ImageObject\",\"inLanguage\":\"es\",\"@id\":\"https:\\\/\\\/empresasyeventos.com.uy\\\/wp-content\\\/litespeed\\\/avatar\\\/e7e78d5d2c4fffc5dbfffc2212c10ee5.jpg?ver=1776792077\",\"url\":\"https:\\\/\\\/empresasyeventos.com.uy\\\/wp-content\\\/litespeed\\\/avatar\\\/e7e78d5d2c4fffc5dbfffc2212c10ee5.jpg?ver=1776792077\",\"contentUrl\":\"https:\\\/\\\/empresasyeventos.com.uy\\\/wp-content\\\/litespeed\\\/avatar\\\/e7e78d5d2c4fffc5dbfffc2212c10ee5.jpg?ver=1776792077\",\"caption\":\"Sergio Goloubintseff\"},\"url\":\"https:\\\/\\\/empresasyeventos.com.uy\\\/index.php\\\/author\\\/sergio-goloubintseff\\\/\"}]}<\/script>\n<!-- \/ Yoast SEO plugin. -->","yoast_head_json":{"title":"Cuisine&Vins present\u00f3 en Las Garzas la edici\u00f3n 2022 del Gran Premio Sir\u00ed - Empresas &amp; Eventos","robots":{"index":"index","follow":"follow","max-snippet":"max-snippet:-1","max-image-preview":"max-image-preview:large","max-video-preview":"max-video-preview:-1"},"canonical":"https:\/\/empresasyeventos.com.uy\/index.php\/2022\/02\/10\/cuisinevins-presento-en-las-garzas-la-edicion-2022-del-gran-premio-siri\/","og_locale":"es_ES","og_type":"article","og_title":"Cuisine&Vins present\u00f3 en Las Garzas la edici\u00f3n 2022 del Gran Premio Sir\u00ed - Empresas &amp; Eventos","og_description":"Con un evento repleto de figuras de la gastronom\u00eda, la enolog\u00eda y el turismo de Uruguay, la revista gastron\u00f3mica present\u00f3 una nueva edici\u00f3n anual de los premios que entrega desde [&hellip;]","og_url":"https:\/\/empresasyeventos.com.uy\/index.php\/2022\/02\/10\/cuisinevins-presento-en-las-garzas-la-edicion-2022-del-gran-premio-siri\/","og_site_name":"Empresas &amp; Eventos","article_published_time":"2022-02-10T14:23:11+00:00","og_image":[{"width":800,"height":534,"url":"https:\/\/empresasyeventos.com.uy\/wp-content\/uploads\/2022\/02\/Juan-Peralta-Ramos-Jorge-Simeone-Aurelien-Bondoux-Danny-Sadi-Hubert-OFarrell-Martin-Pittaluga-Jean-Paul-Bondoux-Nicolas-Zunino-Martin-Lavecchia-Bambou-Pittaluga.jpg","type":"image\/jpeg"}],"author":"Sergio Goloubintseff","twitter_card":"summary_large_image","twitter_misc":{"Escrito por":"Sergio Goloubintseff","Tiempo de lectura":"4 minutos"},"schema":{"@context":"https:\/\/schema.org","@graph":[{"@type":"Article","@id":"https:\/\/empresasyeventos.com.uy\/index.php\/2022\/02\/10\/cuisinevins-presento-en-las-garzas-la-edicion-2022-del-gran-premio-siri\/#article","isPartOf":{"@id":"https:\/\/empresasyeventos.com.uy\/index.php\/2022\/02\/10\/cuisinevins-presento-en-las-garzas-la-edicion-2022-del-gran-premio-siri\/"},"author":{"name":"Sergio Goloubintseff","@id":"https:\/\/empresasyeventos.com.uy\/#\/schema\/person\/e2ecff9df3397b6bced46c0154bc0aa2"},"headline":"Cuisine&#038;Vins present\u00f3 en Las Garzas la edici\u00f3n 2022 del Gran Premio Sir\u00ed","datePublished":"2022-02-10T14:23:11+00:00","mainEntityOfPage":{"@id":"https:\/\/empresasyeventos.com.uy\/index.php\/2022\/02\/10\/cuisinevins-presento-en-las-garzas-la-edicion-2022-del-gran-premio-siri\/"},"wordCount":823,"image":{"@id":"https:\/\/empresasyeventos.com.uy\/index.php\/2022\/02\/10\/cuisinevins-presento-en-las-garzas-la-edicion-2022-del-gran-premio-siri\/#primaryimage"},"thumbnailUrl":"https:\/\/i0.wp.com\/empresasyeventos.com.uy\/wp-content\/uploads\/2022\/02\/Juan-Peralta-Ramos-Jorge-Simeone-Aurelien-Bondoux-Danny-Sadi-Hubert-OFarrell-Martin-Pittaluga-Jean-Paul-Bondoux-Nicolas-Zunino-Martin-Lavecchia-Bambou-Pittaluga.jpg?fit=800%2C534&ssl=1","articleSection":["Eventos"],"inLanguage":"es"},{"@type":"WebPage","@id":"https:\/\/empresasyeventos.com.uy\/index.php\/2022\/02\/10\/cuisinevins-presento-en-las-garzas-la-edicion-2022-del-gran-premio-siri\/","url":"https:\/\/empresasyeventos.com.uy\/index.php\/2022\/02\/10\/cuisinevins-presento-en-las-garzas-la-edicion-2022-del-gran-premio-siri\/","name":"Cuisine&Vins present\u00f3 en Las Garzas la edici\u00f3n 2022 del Gran Premio Sir\u00ed - Empresas &amp; Eventos","isPartOf":{"@id":"https:\/\/empresasyeventos.com.uy\/#website"},"primaryImageOfPage":{"@id":"https:\/\/empresasyeventos.com.uy\/index.php\/2022\/02\/10\/cuisinevins-presento-en-las-garzas-la-edicion-2022-del-gran-premio-siri\/#primaryimage"},"image":{"@id":"https:\/\/empresasyeventos.com.uy\/index.php\/2022\/02\/10\/cuisinevins-presento-en-las-garzas-la-edicion-2022-del-gran-premio-siri\/#primaryimage"},"thumbnailUrl":"https:\/\/i0.wp.com\/empresasyeventos.com.uy\/wp-content\/uploads\/2022\/02\/Juan-Peralta-Ramos-Jorge-Simeone-Aurelien-Bondoux-Danny-Sadi-Hubert-OFarrell-Martin-Pittaluga-Jean-Paul-Bondoux-Nicolas-Zunino-Martin-Lavecchia-Bambou-Pittaluga.jpg?fit=800%2C534&ssl=1","datePublished":"2022-02-10T14:23:11+00:00","author":{"@id":"https:\/\/empresasyeventos.com.uy\/#\/schema\/person\/e2ecff9df3397b6bced46c0154bc0aa2"},"breadcrumb":{"@id":"https:\/\/empresasyeventos.com.uy\/index.php\/2022\/02\/10\/cuisinevins-presento-en-las-garzas-la-edicion-2022-del-gran-premio-siri\/#breadcrumb"},"inLanguage":"es","potentialAction":[{"@type":"ReadAction","target":["https:\/\/empresasyeventos.com.uy\/index.php\/2022\/02\/10\/cuisinevins-presento-en-las-garzas-la-edicion-2022-del-gran-premio-siri\/"]}]},{"@type":"ImageObject","inLanguage":"es","@id":"https:\/\/empresasyeventos.com.uy\/index.php\/2022\/02\/10\/cuisinevins-presento-en-las-garzas-la-edicion-2022-del-gran-premio-siri\/#primaryimage","url":"https:\/\/i0.wp.com\/empresasyeventos.com.uy\/wp-content\/uploads\/2022\/02\/Juan-Peralta-Ramos-Jorge-Simeone-Aurelien-Bondoux-Danny-Sadi-Hubert-OFarrell-Martin-Pittaluga-Jean-Paul-Bondoux-Nicolas-Zunino-Martin-Lavecchia-Bambou-Pittaluga.jpg?fit=800%2C534&ssl=1","contentUrl":"https:\/\/i0.wp.com\/empresasyeventos.com.uy\/wp-content\/uploads\/2022\/02\/Juan-Peralta-Ramos-Jorge-Simeone-Aurelien-Bondoux-Danny-Sadi-Hubert-OFarrell-Martin-Pittaluga-Jean-Paul-Bondoux-Nicolas-Zunino-Martin-Lavecchia-Bambou-Pittaluga.jpg?fit=800%2C534&ssl=1","width":800,"height":534,"caption":"Juan Peralta Ramos, Jorge Simeone, Aurelien Bondoux, Danny Sadi, Hubert OFarrell, Martin Pittaluga, Jean Paul, Bondoux, Nicolas Zunino, Martin Lavecchia, Bambou Pittaluga"},{"@type":"BreadcrumbList","@id":"https:\/\/empresasyeventos.com.uy\/index.php\/2022\/02\/10\/cuisinevins-presento-en-las-garzas-la-edicion-2022-del-gran-premio-siri\/#breadcrumb","itemListElement":[{"@type":"ListItem","position":1,"name":"Home","item":"https:\/\/empresasyeventos.com.uy\/"},{"@type":"ListItem","position":2,"name":"Cuisine&#038;Vins present\u00f3 en Las Garzas la edici\u00f3n 2022 del Gran Premio Sir\u00ed"}]},{"@type":"WebSite","@id":"https:\/\/empresasyeventos.com.uy\/#website","url":"https:\/\/empresasyeventos.com.uy\/","name":"Empresas &amp; Eventos","description":"Portal de noticias de Empresas y Eventos","potentialAction":[{"@type":"SearchAction","target":{"@type":"EntryPoint","urlTemplate":"https:\/\/empresasyeventos.com.uy\/?s={search_term_string}"},"query-input":{"@type":"PropertyValueSpecification","valueRequired":true,"valueName":"search_term_string"}}],"inLanguage":"es"},{"@type":"Person","@id":"https:\/\/empresasyeventos.com.uy\/#\/schema\/person\/e2ecff9df3397b6bced46c0154bc0aa2","name":"Sergio Goloubintseff","image":{"@type":"ImageObject","inLanguage":"es","@id":"https:\/\/empresasyeventos.com.uy\/wp-content\/litespeed\/avatar\/e7e78d5d2c4fffc5dbfffc2212c10ee5.jpg?ver=1776792077","url":"https:\/\/empresasyeventos.com.uy\/wp-content\/litespeed\/avatar\/e7e78d5d2c4fffc5dbfffc2212c10ee5.jpg?ver=1776792077","contentUrl":"https:\/\/empresasyeventos.com.uy\/wp-content\/litespeed\/avatar\/e7e78d5d2c4fffc5dbfffc2212c10ee5.jpg?ver=1776792077","caption":"Sergio Goloubintseff"},"url":"https:\/\/empresasyeventos.com.uy\/index.php\/author\/sergio-goloubintseff\/"}]}},"jetpack_publicize_connections":[],"jetpack_featured_media_url":"https:\/\/i0.wp.com\/empresasyeventos.com.uy\/wp-content\/uploads\/2022\/02\/Juan-Peralta-Ramos-Jorge-Simeone-Aurelien-Bondoux-Danny-Sadi-Hubert-OFarrell-Martin-Pittaluga-Jean-Paul-Bondoux-Nicolas-Zunino-Martin-Lavecchia-Bambou-Pittaluga.jpg?fit=800%2C534&ssl=1","jetpack_sharing_enabled":true,"_links":{"self":[{"href":"https:\/\/empresasyeventos.com.uy\/index.php\/wp-json\/wp\/v2\/posts\/1923","targetHints":{"allow":["GET"]}}],"collection":[{"href":"https:\/\/empresasyeventos.com.uy\/index.php\/wp-json\/wp\/v2\/posts"}],"about":[{"href":"https:\/\/empresasyeventos.com.uy\/index.php\/wp-json\/wp\/v2\/types\/post"}],"author":[{"embeddable":true,"href":"https:\/\/empresasyeventos.com.uy\/index.php\/wp-json\/wp\/v2\/users\/3"}],"replies":[{"embeddable":true,"href":"https:\/\/empresasyeventos.com.uy\/index.php\/wp-json\/wp\/v2\/comments?post=1923"}],"version-history":[{"count":1,"href":"https:\/\/empresasyeventos.com.uy\/index.php\/wp-json\/wp\/v2\/posts\/1923\/revisions"}],"predecessor-version":[{"id":1932,"href":"https:\/\/empresasyeventos.com.uy\/index.php\/wp-json\/wp\/v2\/posts\/1923\/revisions\/1932"}],"wp:featuredmedia":[{"embeddable":true,"href":"https:\/\/empresasyeventos.com.uy\/index.php\/wp-json\/wp\/v2\/media\/1931"}],"wp:attachment":[{"href":"https:\/\/empresasyeventos.com.uy\/index.php\/wp-json\/wp\/v2\/media?parent=1923"}],"wp:term":[{"taxonomy":"category","embeddable":true,"href":"https:\/\/empresasyeventos.com.uy\/index.php\/wp-json\/wp\/v2\/categories?post=1923"},{"taxonomy":"post_tag","embeddable":true,"href":"https:\/\/empresasyeventos.com.uy\/index.php\/wp-json\/wp\/v2\/tags?post=1923"}],"curies":[{"name":"wp","href":"https:\/\/api.w.org\/{rel}","templated":true}]}}