{"id":1754,"date":"2021-10-11T23:35:06","date_gmt":"2021-10-11T23:35:06","guid":{"rendered":"http:\/\/empresasyeventos.com.uy\/?p=1754"},"modified":"2021-10-11T23:35:06","modified_gmt":"2021-10-11T23:35:06","slug":"uruguay-celebro-la-presentacion-del-primer-evento-del-pais-luego-de-la-pandemia-america-business-forum-2021","status":"publish","type":"post","link":"https:\/\/empresasyeventos.com.uy\/index.php\/2021\/10\/11\/uruguay-celebro-la-presentacion-del-primer-evento-del-pais-luego-de-la-pandemia-america-business-forum-2021\/","title":{"rendered":"Uruguay celebr\u00f3 la presentaci\u00f3n del primer evento del pa\u00eds luego de la pandemia: America Business Forum 2021"},"content":{"rendered":"<p>Este viernes 8 de octubre,\u00a0m\u00e1s de 4000 empresarios, l\u00edderes de opini\u00f3n y autoridades de gobierno\u00a0se dieron cita en Punta del Este para asistir al mayor foro de l\u00edderes de Latinoam\u00e9rica.<\/p>\n<p>Participaron como oradores de la sexta edici\u00f3n de la cumbre:\u00a0El presidente Luis Lacalle Pou; la diva y estrella de la TV, Susana Gim\u00e9nez; el ex futbolista Juan Sebasti\u00e1n Ver\u00f3n; el presidente de DLocal -primer unicornio uruguayo-, Jacobo Singer; el Doctor en Biolog\u00eda Molecular e investigador de la Universidad de Harvard, Estanislao Bachrach; el Director del Washington Post, Marty Baron; el ex Manager de Diego Maradona, Guillermo Coppola; el fundador y CEO del unicornio Ual\u00e1, Pierpaolo Barbieri; el fundador del emporio de la moda, Ricky Sarkany, entre otras figuras.<\/p>\n","protected":false},"excerpt":{"rendered":"<p>Este viernes 8 de octubre,\u00a0m\u00e1s de 4000 empresarios, l\u00edderes de opini\u00f3n y autoridades de gobierno\u00a0se dieron cita en Punta del Este para asistir al mayor foro de l\u00edderes de Latinoam\u00e9rica. [&hellip;]<\/p>\n","protected":false},"author":3,"featured_media":1755,"comment_status":"closed","ping_status":"open","sticky":false,"template":"","format":"standard","meta":{"_exactmetrics_skip_tracking":false,"_exactmetrics_sitenote_active":false,"_exactmetrics_sitenote_note":"","_exactmetrics_sitenote_category":0,"_jetpack_memberships_contains_paid_content":false,"footnotes":"","jetpack_publicize_message":"Uruguay celebr\u00f3 la presentaci\u00f3n del primer evento del pa\u00eds luego de la pandemia: America Business Forum 2021","jetpack_publicize_feature_enabled":true,"jetpack_social_post_already_shared":true,"jetpack_social_options":{"image_generator_settings":{"template":"highway","default_image_id":0,"font":"","enabled":false},"version":2}},"categories":[57],"tags":[656],"class_list":["post-1754","post","type-post","status-publish","format-standard","has-post-thumbnail","category-eventos","tag-america-business-forum-2021"],"yoast_head":"<!-- This site is optimized with the Yoast SEO plugin v27.5 - https:\/\/yoast.com\/product\/yoast-seo-wordpress\/ -->\n<title>Uruguay celebr\u00f3 la presentaci\u00f3n del primer evento del pa\u00eds luego de la pandemia: America Business Forum 2021 - Empresas &amp; Eventos<\/title>\n<meta name=\"robots\" content=\"index, follow, max-snippet:-1, max-image-preview:large, max-video-preview:-1\" \/>\n<link rel=\"canonical\" href=\"https:\/\/empresasyeventos.com.uy\/index.php\/2021\/10\/11\/uruguay-celebro-la-presentacion-del-primer-evento-del-pais-luego-de-la-pandemia-america-business-forum-2021\/\" \/>\n<meta property=\"og:locale\" content=\"es_ES\" \/>\n<meta property=\"og:type\" content=\"article\" \/>\n<meta property=\"og:title\" content=\"Uruguay celebr\u00f3 la presentaci\u00f3n del primer evento del pa\u00eds luego de la pandemia: America Business Forum 2021 - Empresas &amp; Eventos\" \/>\n<meta property=\"og:description\" content=\"Este viernes 8 de octubre,\u00a0m\u00e1s de 4000 empresarios, l\u00edderes de opini\u00f3n y autoridades de gobierno\u00a0se dieron cita en Punta del Este para asistir al mayor foro de l\u00edderes de Latinoam\u00e9rica. [&hellip;]\" \/>\n<meta property=\"og:url\" content=\"https:\/\/empresasyeventos.com.uy\/index.php\/2021\/10\/11\/uruguay-celebro-la-presentacion-del-primer-evento-del-pais-luego-de-la-pandemia-america-business-forum-2021\/\" \/>\n<meta property=\"og:site_name\" content=\"Empresas &amp; Eventos\" \/>\n<meta property=\"article:published_time\" content=\"2021-10-11T23:35:06+00:00\" \/>\n<meta property=\"og:image\" content=\"https:\/\/empresasyeventos.com.uy\/wp-content\/uploads\/2021\/10\/Pierpaolo-Barbieri-en-America-Business-Forum-2021.jpeg\" \/>\n\t<meta property=\"og:image:width\" content=\"800\" \/>\n\t<meta property=\"og:image:height\" content=\"533\" \/>\n\t<meta property=\"og:image:type\" content=\"image\/jpeg\" \/>\n<meta name=\"author\" content=\"Sergio Goloubintseff\" \/>\n<meta name=\"twitter:card\" content=\"summary_large_image\" \/>\n<meta name=\"twitter:label1\" content=\"Escrito por\" \/>\n\t<meta name=\"twitter:data1\" content=\"Sergio Goloubintseff\" \/>\n\t<meta name=\"twitter:label2\" content=\"Tiempo de lectura\" \/>\n\t<meta name=\"twitter:data2\" content=\"1 minuto\" \/>\n<script type=\"application\/ld+json\" class=\"yoast-schema-graph\">{\"@context\":\"https:\\\/\\\/schema.org\",\"@graph\":[{\"@type\":\"Article\",\"@id\":\"https:\\\/\\\/empresasyeventos.com.uy\\\/index.php\\\/2021\\\/10\\\/11\\\/uruguay-celebro-la-presentacion-del-primer-evento-del-pais-luego-de-la-pandemia-america-business-forum-2021\\\/#article\",\"isPartOf\":{\"@id\":\"https:\\\/\\\/empresasyeventos.com.uy\\\/index.php\\\/2021\\\/10\\\/11\\\/uruguay-celebro-la-presentacion-del-primer-evento-del-pais-luego-de-la-pandemia-america-business-forum-2021\\\/\"},\"author\":{\"name\":\"Sergio Goloubintseff\",\"@id\":\"https:\\\/\\\/empresasyeventos.com.uy\\\/#\\\/schema\\\/person\\\/e2ecff9df3397b6bced46c0154bc0aa2\"},\"headline\":\"Uruguay celebr\u00f3 la presentaci\u00f3n del primer evento del pa\u00eds luego de la pandemia: America Business Forum 2021\",\"datePublished\":\"2021-10-11T23:35:06+00:00\",\"mainEntityOfPage\":{\"@id\":\"https:\\\/\\\/empresasyeventos.com.uy\\\/index.php\\\/2021\\\/10\\\/11\\\/uruguay-celebro-la-presentacion-del-primer-evento-del-pais-luego-de-la-pandemia-america-business-forum-2021\\\/\"},\"wordCount\":147,\"image\":{\"@id\":\"https:\\\/\\\/empresasyeventos.com.uy\\\/index.php\\\/2021\\\/10\\\/11\\\/uruguay-celebro-la-presentacion-del-primer-evento-del-pais-luego-de-la-pandemia-america-business-forum-2021\\\/#primaryimage\"},\"thumbnailUrl\":\"https:\\\/\\\/i0.wp.com\\\/empresasyeventos.com.uy\\\/wp-content\\\/uploads\\\/2021\\\/10\\\/Pierpaolo-Barbieri-en-America-Business-Forum-2021.jpeg?fit=800%2C533&ssl=1\",\"keywords\":[\"America Business Forum 2021\"],\"articleSection\":[\"Eventos\"],\"inLanguage\":\"es\"},{\"@type\":\"WebPage\",\"@id\":\"https:\\\/\\\/empresasyeventos.com.uy\\\/index.php\\\/2021\\\/10\\\/11\\\/uruguay-celebro-la-presentacion-del-primer-evento-del-pais-luego-de-la-pandemia-america-business-forum-2021\\\/\",\"url\":\"https:\\\/\\\/empresasyeventos.com.uy\\\/index.php\\\/2021\\\/10\\\/11\\\/uruguay-celebro-la-presentacion-del-primer-evento-del-pais-luego-de-la-pandemia-america-business-forum-2021\\\/\",\"name\":\"Uruguay celebr\u00f3 la presentaci\u00f3n del primer evento del pa\u00eds luego de la pandemia: America Business Forum 2021 - Empresas &amp; Eventos\",\"isPartOf\":{\"@id\":\"https:\\\/\\\/empresasyeventos.com.uy\\\/#website\"},\"primaryImageOfPage\":{\"@id\":\"https:\\\/\\\/empresasyeventos.com.uy\\\/index.php\\\/2021\\\/10\\\/11\\\/uruguay-celebro-la-presentacion-del-primer-evento-del-pais-luego-de-la-pandemia-america-business-forum-2021\\\/#primaryimage\"},\"image\":{\"@id\":\"https:\\\/\\\/empresasyeventos.com.uy\\\/index.php\\\/2021\\\/10\\\/11\\\/uruguay-celebro-la-presentacion-del-primer-evento-del-pais-luego-de-la-pandemia-america-business-forum-2021\\\/#primaryimage\"},\"thumbnailUrl\":\"https:\\\/\\\/i0.wp.com\\\/empresasyeventos.com.uy\\\/wp-content\\\/uploads\\\/2021\\\/10\\\/Pierpaolo-Barbieri-en-America-Business-Forum-2021.jpeg?fit=800%2C533&ssl=1\",\"datePublished\":\"2021-10-11T23:35:06+00:00\",\"author\":{\"@id\":\"https:\\\/\\\/empresasyeventos.com.uy\\\/#\\\/schema\\\/person\\\/e2ecff9df3397b6bced46c0154bc0aa2\"},\"breadcrumb\":{\"@id\":\"https:\\\/\\\/empresasyeventos.com.uy\\\/index.php\\\/2021\\\/10\\\/11\\\/uruguay-celebro-la-presentacion-del-primer-evento-del-pais-luego-de-la-pandemia-america-business-forum-2021\\\/#breadcrumb\"},\"inLanguage\":\"es\",\"potentialAction\":[{\"@type\":\"ReadAction\",\"target\":[\"https:\\\/\\\/empresasyeventos.com.uy\\\/index.php\\\/2021\\\/10\\\/11\\\/uruguay-celebro-la-presentacion-del-primer-evento-del-pais-luego-de-la-pandemia-america-business-forum-2021\\\/\"]}]},{\"@type\":\"ImageObject\",\"inLanguage\":\"es\",\"@id\":\"https:\\\/\\\/empresasyeventos.com.uy\\\/index.php\\\/2021\\\/10\\\/11\\\/uruguay-celebro-la-presentacion-del-primer-evento-del-pais-luego-de-la-pandemia-america-business-forum-2021\\\/#primaryimage\",\"url\":\"https:\\\/\\\/i0.wp.com\\\/empresasyeventos.com.uy\\\/wp-content\\\/uploads\\\/2021\\\/10\\\/Pierpaolo-Barbieri-en-America-Business-Forum-2021.jpeg?fit=800%2C533&ssl=1\",\"contentUrl\":\"https:\\\/\\\/i0.wp.com\\\/empresasyeventos.com.uy\\\/wp-content\\\/uploads\\\/2021\\\/10\\\/Pierpaolo-Barbieri-en-America-Business-Forum-2021.jpeg?fit=800%2C533&ssl=1\",\"width\":800,\"height\":533,\"caption\":\"Pierpaolo Barbieri en America Business Forum 2021\"},{\"@type\":\"BreadcrumbList\",\"@id\":\"https:\\\/\\\/empresasyeventos.com.uy\\\/index.php\\\/2021\\\/10\\\/11\\\/uruguay-celebro-la-presentacion-del-primer-evento-del-pais-luego-de-la-pandemia-america-business-forum-2021\\\/#breadcrumb\",\"itemListElement\":[{\"@type\":\"ListItem\",\"position\":1,\"name\":\"Home\",\"item\":\"https:\\\/\\\/empresasyeventos.com.uy\\\/\"},{\"@type\":\"ListItem\",\"position\":2,\"name\":\"Uruguay celebr\u00f3 la presentaci\u00f3n del primer evento del pa\u00eds luego de la pandemia: America Business Forum 2021\"}]},{\"@type\":\"WebSite\",\"@id\":\"https:\\\/\\\/empresasyeventos.com.uy\\\/#website\",\"url\":\"https:\\\/\\\/empresasyeventos.com.uy\\\/\",\"name\":\"Empresas &amp; Eventos\",\"description\":\"Portal de noticias de Empresas y Eventos\",\"potentialAction\":[{\"@type\":\"SearchAction\",\"target\":{\"@type\":\"EntryPoint\",\"urlTemplate\":\"https:\\\/\\\/empresasyeventos.com.uy\\\/?s={search_term_string}\"},\"query-input\":{\"@type\":\"PropertyValueSpecification\",\"valueRequired\":true,\"valueName\":\"search_term_string\"}}],\"inLanguage\":\"es\"},{\"@type\":\"Person\",\"@id\":\"https:\\\/\\\/empresasyeventos.com.uy\\\/#\\\/schema\\\/person\\\/e2ecff9df3397b6bced46c0154bc0aa2\",\"name\":\"Sergio Goloubintseff\",\"image\":{\"@type\":\"ImageObject\",\"inLanguage\":\"es\",\"@id\":\"https:\\\/\\\/empresasyeventos.com.uy\\\/wp-content\\\/litespeed\\\/avatar\\\/e7e78d5d2c4fffc5dbfffc2212c10ee5.jpg?ver=1777397007\",\"url\":\"https:\\\/\\\/empresasyeventos.com.uy\\\/wp-content\\\/litespeed\\\/avatar\\\/e7e78d5d2c4fffc5dbfffc2212c10ee5.jpg?ver=1777397007\",\"contentUrl\":\"https:\\\/\\\/empresasyeventos.com.uy\\\/wp-content\\\/litespeed\\\/avatar\\\/e7e78d5d2c4fffc5dbfffc2212c10ee5.jpg?ver=1777397007\",\"caption\":\"Sergio Goloubintseff\"},\"url\":\"https:\\\/\\\/empresasyeventos.com.uy\\\/index.php\\\/author\\\/sergio-goloubintseff\\\/\"}]}<\/script>\n<!-- \/ Yoast SEO plugin. -->","yoast_head_json":{"title":"Uruguay celebr\u00f3 la presentaci\u00f3n del primer evento del pa\u00eds luego de la pandemia: America Business Forum 2021 - Empresas &amp; Eventos","robots":{"index":"index","follow":"follow","max-snippet":"max-snippet:-1","max-image-preview":"max-image-preview:large","max-video-preview":"max-video-preview:-1"},"canonical":"https:\/\/empresasyeventos.com.uy\/index.php\/2021\/10\/11\/uruguay-celebro-la-presentacion-del-primer-evento-del-pais-luego-de-la-pandemia-america-business-forum-2021\/","og_locale":"es_ES","og_type":"article","og_title":"Uruguay celebr\u00f3 la presentaci\u00f3n del primer evento del pa\u00eds luego de la pandemia: America Business Forum 2021 - Empresas &amp; Eventos","og_description":"Este viernes 8 de octubre,\u00a0m\u00e1s de 4000 empresarios, l\u00edderes de opini\u00f3n y autoridades de gobierno\u00a0se dieron cita en Punta del Este para asistir al mayor foro de l\u00edderes de Latinoam\u00e9rica. [&hellip;]","og_url":"https:\/\/empresasyeventos.com.uy\/index.php\/2021\/10\/11\/uruguay-celebro-la-presentacion-del-primer-evento-del-pais-luego-de-la-pandemia-america-business-forum-2021\/","og_site_name":"Empresas &amp; Eventos","article_published_time":"2021-10-11T23:35:06+00:00","og_image":[{"width":800,"height":533,"url":"https:\/\/empresasyeventos.com.uy\/wp-content\/uploads\/2021\/10\/Pierpaolo-Barbieri-en-America-Business-Forum-2021.jpeg","type":"image\/jpeg"}],"author":"Sergio Goloubintseff","twitter_card":"summary_large_image","twitter_misc":{"Escrito por":"Sergio Goloubintseff","Tiempo de lectura":"1 minuto"},"schema":{"@context":"https:\/\/schema.org","@graph":[{"@type":"Article","@id":"https:\/\/empresasyeventos.com.uy\/index.php\/2021\/10\/11\/uruguay-celebro-la-presentacion-del-primer-evento-del-pais-luego-de-la-pandemia-america-business-forum-2021\/#article","isPartOf":{"@id":"https:\/\/empresasyeventos.com.uy\/index.php\/2021\/10\/11\/uruguay-celebro-la-presentacion-del-primer-evento-del-pais-luego-de-la-pandemia-america-business-forum-2021\/"},"author":{"name":"Sergio Goloubintseff","@id":"https:\/\/empresasyeventos.com.uy\/#\/schema\/person\/e2ecff9df3397b6bced46c0154bc0aa2"},"headline":"Uruguay celebr\u00f3 la presentaci\u00f3n del primer evento del pa\u00eds luego de la pandemia: America Business Forum 2021","datePublished":"2021-10-11T23:35:06+00:00","mainEntityOfPage":{"@id":"https:\/\/empresasyeventos.com.uy\/index.php\/2021\/10\/11\/uruguay-celebro-la-presentacion-del-primer-evento-del-pais-luego-de-la-pandemia-america-business-forum-2021\/"},"wordCount":147,"image":{"@id":"https:\/\/empresasyeventos.com.uy\/index.php\/2021\/10\/11\/uruguay-celebro-la-presentacion-del-primer-evento-del-pais-luego-de-la-pandemia-america-business-forum-2021\/#primaryimage"},"thumbnailUrl":"https:\/\/i0.wp.com\/empresasyeventos.com.uy\/wp-content\/uploads\/2021\/10\/Pierpaolo-Barbieri-en-America-Business-Forum-2021.jpeg?fit=800%2C533&ssl=1","keywords":["America Business Forum 2021"],"articleSection":["Eventos"],"inLanguage":"es"},{"@type":"WebPage","@id":"https:\/\/empresasyeventos.com.uy\/index.php\/2021\/10\/11\/uruguay-celebro-la-presentacion-del-primer-evento-del-pais-luego-de-la-pandemia-america-business-forum-2021\/","url":"https:\/\/empresasyeventos.com.uy\/index.php\/2021\/10\/11\/uruguay-celebro-la-presentacion-del-primer-evento-del-pais-luego-de-la-pandemia-america-business-forum-2021\/","name":"Uruguay celebr\u00f3 la presentaci\u00f3n del primer evento del pa\u00eds luego de la pandemia: America Business Forum 2021 - Empresas &amp; Eventos","isPartOf":{"@id":"https:\/\/empresasyeventos.com.uy\/#website"},"primaryImageOfPage":{"@id":"https:\/\/empresasyeventos.com.uy\/index.php\/2021\/10\/11\/uruguay-celebro-la-presentacion-del-primer-evento-del-pais-luego-de-la-pandemia-america-business-forum-2021\/#primaryimage"},"image":{"@id":"https:\/\/empresasyeventos.com.uy\/index.php\/2021\/10\/11\/uruguay-celebro-la-presentacion-del-primer-evento-del-pais-luego-de-la-pandemia-america-business-forum-2021\/#primaryimage"},"thumbnailUrl":"https:\/\/i0.wp.com\/empresasyeventos.com.uy\/wp-content\/uploads\/2021\/10\/Pierpaolo-Barbieri-en-America-Business-Forum-2021.jpeg?fit=800%2C533&ssl=1","datePublished":"2021-10-11T23:35:06+00:00","author":{"@id":"https:\/\/empresasyeventos.com.uy\/#\/schema\/person\/e2ecff9df3397b6bced46c0154bc0aa2"},"breadcrumb":{"@id":"https:\/\/empresasyeventos.com.uy\/index.php\/2021\/10\/11\/uruguay-celebro-la-presentacion-del-primer-evento-del-pais-luego-de-la-pandemia-america-business-forum-2021\/#breadcrumb"},"inLanguage":"es","potentialAction":[{"@type":"ReadAction","target":["https:\/\/empresasyeventos.com.uy\/index.php\/2021\/10\/11\/uruguay-celebro-la-presentacion-del-primer-evento-del-pais-luego-de-la-pandemia-america-business-forum-2021\/"]}]},{"@type":"ImageObject","inLanguage":"es","@id":"https:\/\/empresasyeventos.com.uy\/index.php\/2021\/10\/11\/uruguay-celebro-la-presentacion-del-primer-evento-del-pais-luego-de-la-pandemia-america-business-forum-2021\/#primaryimage","url":"https:\/\/i0.wp.com\/empresasyeventos.com.uy\/wp-content\/uploads\/2021\/10\/Pierpaolo-Barbieri-en-America-Business-Forum-2021.jpeg?fit=800%2C533&ssl=1","contentUrl":"https:\/\/i0.wp.com\/empresasyeventos.com.uy\/wp-content\/uploads\/2021\/10\/Pierpaolo-Barbieri-en-America-Business-Forum-2021.jpeg?fit=800%2C533&ssl=1","width":800,"height":533,"caption":"Pierpaolo Barbieri en America Business Forum 2021"},{"@type":"BreadcrumbList","@id":"https:\/\/empresasyeventos.com.uy\/index.php\/2021\/10\/11\/uruguay-celebro-la-presentacion-del-primer-evento-del-pais-luego-de-la-pandemia-america-business-forum-2021\/#breadcrumb","itemListElement":[{"@type":"ListItem","position":1,"name":"Home","item":"https:\/\/empresasyeventos.com.uy\/"},{"@type":"ListItem","position":2,"name":"Uruguay celebr\u00f3 la presentaci\u00f3n del primer evento del pa\u00eds luego de la pandemia: America Business Forum 2021"}]},{"@type":"WebSite","@id":"https:\/\/empresasyeventos.com.uy\/#website","url":"https:\/\/empresasyeventos.com.uy\/","name":"Empresas &amp; Eventos","description":"Portal de noticias de Empresas y Eventos","potentialAction":[{"@type":"SearchAction","target":{"@type":"EntryPoint","urlTemplate":"https:\/\/empresasyeventos.com.uy\/?s={search_term_string}"},"query-input":{"@type":"PropertyValueSpecification","valueRequired":true,"valueName":"search_term_string"}}],"inLanguage":"es"},{"@type":"Person","@id":"https:\/\/empresasyeventos.com.uy\/#\/schema\/person\/e2ecff9df3397b6bced46c0154bc0aa2","name":"Sergio Goloubintseff","image":{"@type":"ImageObject","inLanguage":"es","@id":"https:\/\/empresasyeventos.com.uy\/wp-content\/litespeed\/avatar\/e7e78d5d2c4fffc5dbfffc2212c10ee5.jpg?ver=1777397007","url":"https:\/\/empresasyeventos.com.uy\/wp-content\/litespeed\/avatar\/e7e78d5d2c4fffc5dbfffc2212c10ee5.jpg?ver=1777397007","contentUrl":"https:\/\/empresasyeventos.com.uy\/wp-content\/litespeed\/avatar\/e7e78d5d2c4fffc5dbfffc2212c10ee5.jpg?ver=1777397007","caption":"Sergio Goloubintseff"},"url":"https:\/\/empresasyeventos.com.uy\/index.php\/author\/sergio-goloubintseff\/"}]}},"jetpack_publicize_connections":[],"jetpack_featured_media_url":"https:\/\/i0.wp.com\/empresasyeventos.com.uy\/wp-content\/uploads\/2021\/10\/Pierpaolo-Barbieri-en-America-Business-Forum-2021.jpeg?fit=800%2C533&ssl=1","jetpack_sharing_enabled":true,"_links":{"self":[{"href":"https:\/\/empresasyeventos.com.uy\/index.php\/wp-json\/wp\/v2\/posts\/1754","targetHints":{"allow":["GET"]}}],"collection":[{"href":"https:\/\/empresasyeventos.com.uy\/index.php\/wp-json\/wp\/v2\/posts"}],"about":[{"href":"https:\/\/empresasyeventos.com.uy\/index.php\/wp-json\/wp\/v2\/types\/post"}],"author":[{"embeddable":true,"href":"https:\/\/empresasyeventos.com.uy\/index.php\/wp-json\/wp\/v2\/users\/3"}],"replies":[{"embeddable":true,"href":"https:\/\/empresasyeventos.com.uy\/index.php\/wp-json\/wp\/v2\/comments?post=1754"}],"version-history":[{"count":1,"href":"https:\/\/empresasyeventos.com.uy\/index.php\/wp-json\/wp\/v2\/posts\/1754\/revisions"}],"predecessor-version":[{"id":1758,"href":"https:\/\/empresasyeventos.com.uy\/index.php\/wp-json\/wp\/v2\/posts\/1754\/revisions\/1758"}],"wp:featuredmedia":[{"embeddable":true,"href":"https:\/\/empresasyeventos.com.uy\/index.php\/wp-json\/wp\/v2\/media\/1755"}],"wp:attachment":[{"href":"https:\/\/empresasyeventos.com.uy\/index.php\/wp-json\/wp\/v2\/media?parent=1754"}],"wp:term":[{"taxonomy":"category","embeddable":true,"href":"https:\/\/empresasyeventos.com.uy\/index.php\/wp-json\/wp\/v2\/categories?post=1754"},{"taxonomy":"post_tag","embeddable":true,"href":"https:\/\/empresasyeventos.com.uy\/index.php\/wp-json\/wp\/v2\/tags?post=1754"}],"curies":[{"name":"wp","href":"https:\/\/api.w.org\/{rel}","templated":true}]}}