{"id":1612,"date":"2021-07-29T12:46:08","date_gmt":"2021-07-29T12:46:08","guid":{"rendered":"http:\/\/empresasyeventos.com.uy\/?p=1612"},"modified":"2021-08-17T13:37:03","modified_gmt":"2021-08-17T13:37:03","slug":"cestau-e-inconcert-reconocidos-en-mexico","status":"publish","type":"post","link":"https:\/\/empresasyeventos.com.uy\/index.php\/2021\/07\/29\/cestau-e-inconcert-reconocidos-en-mexico\/","title":{"rendered":"Cestau e Inconcert reconocidos en M\u00e9xico"},"content":{"rendered":"<p><span style=\"font-weight: 400;\">Daniel Cestau Liz Country Manager de la empresa tecnol\u00f3gica uruguaya INCONCERT para Estados Unidos, M\u00e9xico y Centroam\u00e9rica. Autor de 20 obras de gesti\u00f3n comercial, liderazgo y motivaci\u00f3n recibe importante reconocimiento por su aporte a la industria de los Call Center mexicanos. Empresas y Eventos dialog\u00f3 con el reconocido empresario uruguayo.<\/span><\/p>\n<p><b>Daniel este reconocimiento llega despu\u00e9s de dos d\u00e9cadas de arduo trabajo en la industria de los Centros de Contacto mexicanos.<\/b><\/p>\n<p><span style=\"font-weight: 400;\">Si es verdad, dimos los primeros pasos con inConcert en M\u00e9xico en el a\u00f1o 2002. Ya todas las marcas importantes de tecnolog\u00eda de Call Center operaban aqu\u00ed y comenzamos en \u201cmenos de cero\u201d a buscarnos un espacio que gracias a Dios encontramos.<\/span><\/p>\n<p><b>\u00bfFue un largo camino verdad?<\/b><\/p>\n<p><span style=\"font-weight: 400;\">Con a\u00f1os de experiencia en los negocios, uno tiene claro de que los caminos cortos no existen. Con inConcert nos llev\u00f3 tal vez una d\u00e9cada lograr el liderazgo en un mercado tan grande y complejo como lo es el mexicano que muchas veces solo ve como una opci\u00f3n v\u00e1lida a los fabricantes locales o del pa\u00eds del norte, pero pocas veces se fija en lo que puede producir un peque\u00f1o pa\u00eds sudamericano como Uruguay.<\/span><\/p>\n<p><b>\u00bfCu\u00e1l es hoy la tecnolog\u00eda m\u00e1s importante que desarrolla inConcert?<\/b><\/p>\n<p><span style=\"font-weight: 400;\">Si bien nuestro foco siempre ha sido la fabricaci\u00f3n, implementaci\u00f3n y soporte de tecnolog\u00eda (hoy Omnicanal) de Contact Center, inConcert cuenta con otras plataformas de clase mundial con las que competimos de igual a igual con empresas que tienen un valor de miles de millones de d\u00f3lares y que adem\u00e1s hace una \u201cvida entera\u201d que se mueven globalmente. Nuestras tecnolog\u00edas de Helpdesk, Marketing Automation, Speech Analitics o Workforce Management se crearon para llevar a las empresas que las adopten a otro nivel en el tan complejo pero ineludible camino de la Transformaci\u00f3n Digital.<\/span><\/p>\n<figure id=\"attachment_1614\" aria-describedby=\"caption-attachment-1614\" style=\"width: 300px\" class=\"wp-caption alignright\"><a href=\"https:\/\/i0.wp.com\/empresasyeventos.com.uy\/wp-content\/uploads\/2021\/07\/donde-estaras-5a.jpg\"><img data-recalc-dims=\"1\" decoding=\"async\" data-attachment-id=\"1614\" data-permalink=\"https:\/\/empresasyeventos.com.uy\/index.php\/2021\/07\/29\/cestau-e-inconcert-reconocidos-en-mexico\/donde-estaras-5a\/\" data-orig-file=\"https:\/\/i0.wp.com\/empresasyeventos.com.uy\/wp-content\/uploads\/2021\/07\/donde-estaras-5a.jpg?fit=800%2C781&ssl=1\" data-orig-size=\"800,781\" data-comments-opened=\"0\" data-image-meta=\"{&quot;aperture&quot;:&quot;0&quot;,&quot;credit&quot;:&quot;&quot;,&quot;camera&quot;:&quot;&quot;,&quot;caption&quot;:&quot;&quot;,&quot;created_timestamp&quot;:&quot;0&quot;,&quot;copyright&quot;:&quot;&quot;,&quot;focal_length&quot;:&quot;0&quot;,&quot;iso&quot;:&quot;0&quot;,&quot;shutter_speed&quot;:&quot;0&quot;,&quot;title&quot;:&quot;&quot;,&quot;orientation&quot;:&quot;0&quot;}\" data-image-title=\"Donde estaras 5a\" data-image-description=\"<p>Donde estaras 5a<\/p>\n\" data-image-caption=\"<p>Donde estaras 5a<\/p>\n\" data-large-file=\"https:\/\/i0.wp.com\/empresasyeventos.com.uy\/wp-content\/uploads\/2021\/07\/donde-estaras-5a.jpg?fit=800%2C781&ssl=1\" class=\"wp-image-1614 size-medium\" src=\"https:\/\/i0.wp.com\/empresasyeventos.com.uy\/wp-content\/uploads\/2021\/07\/donde-estaras-5a.jpg?resize=300%2C293\" alt=\"Donde estaras 5a\" width=\"300\" height=\"293\" srcset=\"https:\/\/i0.wp.com\/empresasyeventos.com.uy\/wp-content\/uploads\/2021\/07\/donde-estaras-5a.jpg?resize=300%2C293&ssl=1 300w, https:\/\/i0.wp.com\/empresasyeventos.com.uy\/wp-content\/uploads\/2021\/07\/donde-estaras-5a.jpg?resize=768%2C750&ssl=1 768w, https:\/\/i0.wp.com\/empresasyeventos.com.uy\/wp-content\/uploads\/2021\/07\/donde-estaras-5a.jpg?resize=150%2C146&ssl=1 150w, https:\/\/i0.wp.com\/empresasyeventos.com.uy\/wp-content\/uploads\/2021\/07\/donde-estaras-5a.jpg?resize=696%2C679&ssl=1 696w, https:\/\/i0.wp.com\/empresasyeventos.com.uy\/wp-content\/uploads\/2021\/07\/donde-estaras-5a.jpg?w=800&ssl=1 800w\" sizes=\"(max-width: 300px) 100vw, 300px\" \/><\/a><figcaption id=\"caption-attachment-1614\" class=\"wp-caption-text\">Donde estaras 5a<\/figcaption><\/figure>\n<p><b>\u00bfCu\u00e1les son desde tu experiencia los principales cambios que se han dado en la industria de los Call Centers en este a\u00f1o y medio de pandemia?<\/b><\/p>\n<p><span style=\"font-weight: 400;\">La situaci\u00f3n que hemos venido viviendo en estos casi 17 meses de pandemia ha llevado a acelerar muchos procesos que de alguna manera ya se ven\u00edan dando en el mercado, pero a un ritmo m\u00e1s lento. La Transformaci\u00f3n Digital ya era una necesidad imperiosa, pero se present\u00f3 la obligaci\u00f3n de acelerarla ante la migraci\u00f3n de las ventas presenciales a no presenciales y a un entorno de teletrabajo. La aceleraci\u00f3n de estos procesos fue lo que les permiti\u00f3 a las empresas que reaccionaron primero poder mantenerse y crecer apoyadas en esos cambios. Toda esta situaci\u00f3n hizo que se elevara exponencialmente la demanda de tecnolog\u00edas para digitalizar los procesos de venta y atenci\u00f3n al cliente m\u00e1s all\u00e1 de que gran parte se vieron obligadas a mover sus operaciones a la nube.<\/span><\/p>\n<p><b>\u00bfC\u00f3mo se adapt\u00f3 la empresa que diriges para poder atender estas nuevas tendencias y fundamentalmente dentro de los tiempos que los clientes tuvieron la necesidad de exigir?<\/b><\/p>\n<p><span style=\"font-weight: 400;\">En inConcert ya ofrec\u00edamos servicios en la nube desde hac\u00eda m\u00e1s de diez a\u00f1os atr\u00e1s, si no recuerdo mal desde 2009. Por esta raz\u00f3n ya cont\u00e1bamos con la experiencia para atender una demanda de este tipo. Actualmente por ejemplo ofrecemos una soluci\u00f3n full web RTC para el canal telef\u00f3nico ya integrado a la plataforma Omnicanal que soporta trece canales de contacto. Nuestra compa\u00f1\u00eda siempre se caracteriz\u00f3 por liderar la innovaci\u00f3n dentro de la industria en la que tenemos una trayectoria de m\u00e1s de dos d\u00e9cadas. As\u00ed pas\u00f3 con los servicios Cloud, con la migraci\u00f3n del Call Center tradicional al Contact Center, con la Omnicanalidad e incluso con la Inteligencia Artificial.<\/span><\/p>\n<p><b>\u00bfCu\u00e1l ser\u00eda el pr\u00f3ximo paso con el objetivo de mantener este liderazgo en la innovaci\u00f3n?<\/b><\/p>\n<p><span style=\"font-weight: 400;\">Para el mes que viene seguramente ya tendremos -dentro de otras sorpresas que prefiero no adelantar- el lanzamiento de nuestra soluci\u00f3n mobile de Contact Center.\u00a0<\/span><\/p>\n<p><span style=\"font-weight: 400;\">Se trata de una nueva versi\u00f3n de nuestra plataforma Omnicanal adaptada por completo al entorno m\u00f3vil con el objetivo de darle soporte a todos los canales de comunicaci\u00f3n que hoy se utilizan y a la gesti\u00f3n del CRM. Todos los recursos involucrados en el Contact Center, ya sean los Agentes Telef\u00f3nicos, Supervisores y Administradores podr\u00e1n acceder al total de las funcionalidades -que hoy acceden desde sus PCs- pero ahora desde sus tel\u00e9fonos m\u00f3viles.<\/span><\/p>\n<figure id=\"attachment_1615\" aria-describedby=\"caption-attachment-1615\" style=\"width: 300px\" class=\"wp-caption alignleft\"><a href=\"https:\/\/i0.wp.com\/empresasyeventos.com.uy\/wp-content\/uploads\/2021\/07\/Manual-Metodo-DCL.jpg\"><img data-recalc-dims=\"1\" decoding=\"async\" data-attachment-id=\"1615\" data-permalink=\"https:\/\/empresasyeventos.com.uy\/index.php\/2021\/07\/29\/cestau-e-inconcert-reconocidos-en-mexico\/manual-metodo-dcl\/\" data-orig-file=\"https:\/\/i0.wp.com\/empresasyeventos.com.uy\/wp-content\/uploads\/2021\/07\/Manual-Metodo-DCL.jpg?fit=800%2C756&ssl=1\" data-orig-size=\"800,756\" data-comments-opened=\"0\" data-image-meta=\"{&quot;aperture&quot;:&quot;0&quot;,&quot;credit&quot;:&quot;&quot;,&quot;camera&quot;:&quot;&quot;,&quot;caption&quot;:&quot;&quot;,&quot;created_timestamp&quot;:&quot;0&quot;,&quot;copyright&quot;:&quot;&quot;,&quot;focal_length&quot;:&quot;0&quot;,&quot;iso&quot;:&quot;0&quot;,&quot;shutter_speed&quot;:&quot;0&quot;,&quot;title&quot;:&quot;&quot;,&quot;orientation&quot;:&quot;0&quot;}\" data-image-title=\"Manual Metodo DCL\" data-image-description=\"<p>Manual Metodo DCL<\/p>\n\" data-image-caption=\"<p>Manual Metodo DCL<\/p>\n\" data-large-file=\"https:\/\/i0.wp.com\/empresasyeventos.com.uy\/wp-content\/uploads\/2021\/07\/Manual-Metodo-DCL.jpg?fit=800%2C756&ssl=1\" class=\"wp-image-1615 size-medium\" src=\"https:\/\/i0.wp.com\/empresasyeventos.com.uy\/wp-content\/uploads\/2021\/07\/Manual-Metodo-DCL.jpg?resize=300%2C284\" alt=\"Manual Metodo DCL\" width=\"300\" height=\"284\" srcset=\"https:\/\/i0.wp.com\/empresasyeventos.com.uy\/wp-content\/uploads\/2021\/07\/Manual-Metodo-DCL.jpg?resize=300%2C284&ssl=1 300w, https:\/\/i0.wp.com\/empresasyeventos.com.uy\/wp-content\/uploads\/2021\/07\/Manual-Metodo-DCL.jpg?resize=768%2C726&ssl=1 768w, https:\/\/i0.wp.com\/empresasyeventos.com.uy\/wp-content\/uploads\/2021\/07\/Manual-Metodo-DCL.jpg?resize=150%2C142&ssl=1 150w, https:\/\/i0.wp.com\/empresasyeventos.com.uy\/wp-content\/uploads\/2021\/07\/Manual-Metodo-DCL.jpg?resize=696%2C658&ssl=1 696w, https:\/\/i0.wp.com\/empresasyeventos.com.uy\/wp-content\/uploads\/2021\/07\/Manual-Metodo-DCL.jpg?w=800&ssl=1 800w\" sizes=\"(max-width: 300px) 100vw, 300px\" \/><\/a><figcaption id=\"caption-attachment-1615\" class=\"wp-caption-text\">Manual Metodo DCL<\/figcaption><\/figure>\n<p><b>\u00bfCu\u00e1les son Cestau las industrias en las que inConcert est\u00e1 hoy enfocada como empresa de tecnolog\u00eda?<\/b><\/p>\n<p><span style=\"font-weight: 400;\">Por la flexibilidad de todas las plataformas desarrolladas por nuestra empresa y la customizaci\u00f3n que podemos realizar con las mismas nos hemos orientado a todo tipo de industrias que est\u00e1n emprendiendo el necesario y complejo camino de la Transformaci\u00f3n Digital, en especial en sus procesos de comercializaci\u00f3n y calidad de atenci\u00f3n al cliente.\u00a0<\/span><\/p>\n<p><span style=\"font-weight: 400;\">Para darte un ejemplo puntual nuestra plataforma de Marketing & Sales se cre\u00f3 para aplicarla tanto en sectores de Business to Consumer como en empresas orientadas al Business to Business que tienen ciclos mucho m\u00e1s largos y obligadamente necesitan un CRM integrado a sus medios digitales e incluso a sus m\u00faltiples canales de contacto.<\/span><\/p>\n<p><span style=\"font-weight: 400;\">Tambi\u00e9n nuestro cliente objetivo son organizaciones que tienen la expresa necesidad de brindarle soporte a una cantidad importante de clientes bus- cando para ellos la mejor experiencia de contacto.<\/span><\/p>\n<p><b>\u00bfCu\u00e1les son las industrias espec\u00edficas donde has visto en tu experiencia de Country Manager una mayor oportunidad de generar nuevos negocios en el corto plazo?<\/b><\/p>\n<p><span style=\"font-weight: 400;\">Bueno\u2026 la industria financiera, la de las telecomunicaciones, el sector educativo, el retail (con sus dr\u00e1sticos cambios) y el sector automotriz (ahora reactivado) son los sectores donde hemos reconocido un incremento muy significativo en su inversi\u00f3n tecnol\u00f3gica de alguna manera ligada a un cambio acelerado en sus paradigmas de comercializaci\u00f3n adapt\u00e1ndose a una velocidad alt\u00edsima a modelos no presenciales.\u00a0 Modelos que m\u00e1s all\u00e1 de la necesidad actual consideramos que de alguna manera llegaron para quedarse definitivamente.<\/span><\/p>\n<p><b>Sabemos que la escritura ocupa una parte importante de tu vida profesional. Cu\u00e9ntanos sobre tus libros\u2026<\/b><\/p>\n<p><span style=\"font-weight: 400;\">Mi primer libro se llam\u00f3 Crecer Cuatro pasos para el \u00e9xito PyME y se edit\u00f3 en 1999. A lo largo de los \u00faltimos 21 a\u00f1os he escrito otras 19 obras y me fui moviendo poco a poco de la Gesti\u00f3n Comercial, el Management y el Liderazgo hacia lo Motivacional. Quien est\u00e9 interesado en conocer m\u00e1s sobre mi bibliograf\u00eda puede informarse en www.librosdcl.com.\u00a0<\/span><\/p>\n<p><b>\u00bfPor qu\u00e9 esa transici\u00f3n en los \u00faltimos a\u00f1os de los negocios a lo motivacional?<\/b><\/p>\n<p><span style=\"font-weight: 400;\">Soy un convencido que todos aquellos que hemos recorrido un largo camino de trabajo y logrado todos los objetivos que nos propusimos tanto sea personales como profesionales tenemos la obligaci\u00f3n de testimoniar nuestras experiencias para que les sean \u00fatiles a los que est\u00e1n comenzando a transitar su vida profesional o de emprendurismo.<\/span><\/p>\n<figure id=\"attachment_1616\" aria-describedby=\"caption-attachment-1616\" style=\"width: 300px\" class=\"wp-caption alignright\"><a href=\"https:\/\/i0.wp.com\/empresasyeventos.com.uy\/wp-content\/uploads\/2021\/07\/Mis-50-herramientas.jpg\"><img data-recalc-dims=\"1\" decoding=\"async\" data-attachment-id=\"1616\" data-permalink=\"https:\/\/empresasyeventos.com.uy\/index.php\/2021\/07\/29\/cestau-e-inconcert-reconocidos-en-mexico\/mis-50-herramientas\/\" data-orig-file=\"https:\/\/i0.wp.com\/empresasyeventos.com.uy\/wp-content\/uploads\/2021\/07\/Mis-50-herramientas.jpg?fit=800%2C763&ssl=1\" data-orig-size=\"800,763\" data-comments-opened=\"0\" data-image-meta=\"{&quot;aperture&quot;:&quot;0&quot;,&quot;credit&quot;:&quot;&quot;,&quot;camera&quot;:&quot;&quot;,&quot;caption&quot;:&quot;&quot;,&quot;created_timestamp&quot;:&quot;0&quot;,&quot;copyright&quot;:&quot;&quot;,&quot;focal_length&quot;:&quot;0&quot;,&quot;iso&quot;:&quot;0&quot;,&quot;shutter_speed&quot;:&quot;0&quot;,&quot;title&quot;:&quot;&quot;,&quot;orientation&quot;:&quot;0&quot;}\" data-image-title=\"Mis 50 herramientas\" data-image-description=\"<p>Mis 50 herramientas<\/p>\n\" data-image-caption=\"<p>Mis 50 herramientas<\/p>\n\" data-large-file=\"https:\/\/i0.wp.com\/empresasyeventos.com.uy\/wp-content\/uploads\/2021\/07\/Mis-50-herramientas.jpg?fit=800%2C763&ssl=1\" class=\"wp-image-1616 size-medium\" src=\"https:\/\/i0.wp.com\/empresasyeventos.com.uy\/wp-content\/uploads\/2021\/07\/Mis-50-herramientas.jpg?resize=300%2C286\" alt=\"Mis 50 herramientas\" width=\"300\" height=\"286\" srcset=\"https:\/\/i0.wp.com\/empresasyeventos.com.uy\/wp-content\/uploads\/2021\/07\/Mis-50-herramientas.jpg?resize=300%2C286&ssl=1 300w, https:\/\/i0.wp.com\/empresasyeventos.com.uy\/wp-content\/uploads\/2021\/07\/Mis-50-herramientas.jpg?resize=768%2C732&ssl=1 768w, https:\/\/i0.wp.com\/empresasyeventos.com.uy\/wp-content\/uploads\/2021\/07\/Mis-50-herramientas.jpg?resize=150%2C143&ssl=1 150w, https:\/\/i0.wp.com\/empresasyeventos.com.uy\/wp-content\/uploads\/2021\/07\/Mis-50-herramientas.jpg?resize=696%2C664&ssl=1 696w, https:\/\/i0.wp.com\/empresasyeventos.com.uy\/wp-content\/uploads\/2021\/07\/Mis-50-herramientas.jpg?w=800&ssl=1 800w\" sizes=\"(max-width: 300px) 100vw, 300px\" \/><\/a><figcaption id=\"caption-attachment-1616\" class=\"wp-caption-text\">Mis 50 herramientas<\/figcaption><\/figure>\n<p><b>\u00bfCu\u00e1les consideras que son tus obras m\u00e1s logradas?<\/b><\/p>\n<p><span style=\"font-weight: 400;\">Siempre los que tratamos de convertirnos en escritores le tenemos m\u00e1s amor a las \u00faltimas p\u00e1ginas que produjimos. \u201cMis 50 herramientas para el \u00c9xito, la f\u00f3rmula indispensable para alcanzar tu mejor versi\u00f3n\u201d analiza de alguna manera cu\u00e1les fueron los drivers que me permitieron lograr mis objetivos e incluso aprovecho all\u00ed para recomendar cap\u00edtulo a cap\u00edtulo una cantidad de obras relacionadas (de otros autores) que considero vitales para poder cambiar los paradigmas que pueden estar jug\u00e1ndonos en contra y poder construir nuestra mejor versi\u00f3n como reza el t\u00edtulo. Tambi\u00e9n considero que logr\u00e9 un resultado aceptable con \u00bfD\u00f3nde estar\u00e1s en cinco a\u00f1os?, el primer libro en el que me dirijo a la juventud y en el que intento guiarlos en la planificaci\u00f3n necesaria para el siguiente lustro en una edad tan importante de sus vidas -la adolescencia-.\u00a0\u00a0\u00a0\u00a0\u00a0\u00a0\u00a0\u00a0\u00a0\u00a0\u00a0\u00a0\u00a0\u00a0\u00a0\u00a0\u00a0\u00a0<\/span><\/p>\n<p><b>\u00bfQu\u00e9 es lo nuevo que est\u00e1s hoy escribiendo?<\/b><\/p>\n<p><span style=\"font-weight: 400;\">Acabo de terminar un manual de m\u00e1s de 1000 p\u00e1ginas que lo considero un M\u00e9todo de Desarrollo Personal en el que tengo muchas expectativas porque estoy convencido que puede cambiarle la vida radicalmente al que lo lea y decida aplicar de inmediato sus estrategias con el firme objetivo no solamente de construir una mejor versi\u00f3n de s\u00ed mismo sino tambi\u00e9n lograr una prosperidad integral m\u00e1s all\u00e1 de los vientos de cambio que podamos estar viviendo en la actualidad.<\/span><\/p>\n<p><b>Algo m\u00e1s que te gustar\u00eda agregar.<\/b><\/p>\n<p><span style=\"font-weight: 400;\">Nada m\u00e1s que un agradecimiento enorme al Ing.\u00a0 Rafael Ugalde, fundador de Mundo Contact, por haber pensado este a\u00f1o en m\u00ed para este reconocimiento y en especial a los socios de inConcert que hace poco m\u00e1s de veinte a\u00f1os atr\u00e1s me tuvieron en cuenta para desarrollar el mercado mexicano (la primera acci\u00f3n comercial proactiva de la empresa) y desde ah\u00ed permitirme apoyar el crecimiento que tuvo la compa\u00f1\u00eda que hoy opera exitosamente en 26 mercados con oficinas propias en 10.<\/span><\/p>\n","protected":false},"excerpt":{"rendered":"<p>Daniel Cestau Liz Country Manager de la empresa tecnol\u00f3gica uruguaya INCONCERT para Estados Unidos, M\u00e9xico y Centroam\u00e9rica. Autor de 20 obras de gesti\u00f3n comercial, liderazgo y motivaci\u00f3n recibe importante reconocimiento [&hellip;]<\/p>\n","protected":false},"author":3,"featured_media":1646,"comment_status":"closed","ping_status":"open","sticky":false,"template":"","format":"standard","meta":{"_exactmetrics_skip_tracking":false,"_exactmetrics_sitenote_active":false,"_exactmetrics_sitenote_note":"","_exactmetrics_sitenote_category":0,"_jetpack_memberships_contains_paid_content":false,"footnotes":"","jetpack_publicize_message":"Cestau e Inconcert reconocidos en M\u00e9xico","jetpack_publicize_feature_enabled":true,"jetpack_social_post_already_shared":true,"jetpack_social_options":{"image_generator_settings":{"template":"highway","default_image_id":0,"font":"","enabled":false},"version":2}},"categories":[56],"tags":[632],"class_list":["post-1612","post","type-post","status-publish","format-standard","has-post-thumbnail","category-empresas","tag-cestau"],"yoast_head":"<!-- This site is optimized with the Yoast SEO plugin v27.5 - https:\/\/yoast.com\/product\/yoast-seo-wordpress\/ -->\n<title>Cestau e Inconcert reconocidos en M\u00e9xico - Empresas &amp; Eventos<\/title>\n<meta name=\"robots\" content=\"index, follow, max-snippet:-1, max-image-preview:large, max-video-preview:-1\" \/>\n<link rel=\"canonical\" href=\"https:\/\/empresasyeventos.com.uy\/index.php\/2021\/07\/29\/cestau-e-inconcert-reconocidos-en-mexico\/\" \/>\n<meta property=\"og:locale\" content=\"es_ES\" \/>\n<meta property=\"og:type\" content=\"article\" \/>\n<meta property=\"og:title\" content=\"Cestau e Inconcert reconocidos en M\u00e9xico - Empresas &amp; Eventos\" \/>\n<meta property=\"og:description\" content=\"Daniel Cestau Liz Country Manager de la empresa tecnol\u00f3gica uruguaya INCONCERT para Estados Unidos, M\u00e9xico y Centroam\u00e9rica. Autor de 20 obras de gesti\u00f3n comercial, liderazgo y motivaci\u00f3n recibe importante reconocimiento [&hellip;]\" \/>\n<meta property=\"og:url\" content=\"https:\/\/empresasyeventos.com.uy\/index.php\/2021\/07\/29\/cestau-e-inconcert-reconocidos-en-mexico\/\" \/>\n<meta property=\"og:site_name\" content=\"Empresas &amp; Eventos\" \/>\n<meta property=\"article:published_time\" content=\"2021-07-29T12:46:08+00:00\" \/>\n<meta property=\"article:modified_time\" content=\"2021-08-17T13:37:03+00:00\" \/>\n<meta property=\"og:image\" content=\"https:\/\/empresasyeventos.com.uy\/wp-content\/uploads\/2021\/07\/Daniel-Cestau-Liz-800.jpg\" \/>\n\t<meta property=\"og:image:width\" content=\"800\" \/>\n\t<meta property=\"og:image:height\" content=\"501\" \/>\n\t<meta property=\"og:image:type\" content=\"image\/jpeg\" \/>\n<meta name=\"author\" content=\"Sergio Goloubintseff\" \/>\n<meta name=\"twitter:card\" content=\"summary_large_image\" \/>\n<meta name=\"twitter:label1\" content=\"Escrito por\" \/>\n\t<meta name=\"twitter:data1\" content=\"Sergio Goloubintseff\" \/>\n\t<meta name=\"twitter:label2\" content=\"Tiempo de lectura\" \/>\n\t<meta name=\"twitter:data2\" content=\"7 minutos\" \/>\n<script type=\"application\/ld+json\" class=\"yoast-schema-graph\">{\"@context\":\"https:\\\/\\\/schema.org\",\"@graph\":[{\"@type\":\"Article\",\"@id\":\"https:\\\/\\\/empresasyeventos.com.uy\\\/index.php\\\/2021\\\/07\\\/29\\\/cestau-e-inconcert-reconocidos-en-mexico\\\/#article\",\"isPartOf\":{\"@id\":\"https:\\\/\\\/empresasyeventos.com.uy\\\/index.php\\\/2021\\\/07\\\/29\\\/cestau-e-inconcert-reconocidos-en-mexico\\\/\"},\"author\":{\"name\":\"Sergio Goloubintseff\",\"@id\":\"https:\\\/\\\/empresasyeventos.com.uy\\\/#\\\/schema\\\/person\\\/e2ecff9df3397b6bced46c0154bc0aa2\"},\"headline\":\"Cestau e Inconcert reconocidos en M\u00e9xico\",\"datePublished\":\"2021-07-29T12:46:08+00:00\",\"dateModified\":\"2021-08-17T13:37:03+00:00\",\"mainEntityOfPage\":{\"@id\":\"https:\\\/\\\/empresasyeventos.com.uy\\\/index.php\\\/2021\\\/07\\\/29\\\/cestau-e-inconcert-reconocidos-en-mexico\\\/\"},\"wordCount\":1567,\"image\":{\"@id\":\"https:\\\/\\\/empresasyeventos.com.uy\\\/index.php\\\/2021\\\/07\\\/29\\\/cestau-e-inconcert-reconocidos-en-mexico\\\/#primaryimage\"},\"thumbnailUrl\":\"https:\\\/\\\/i0.wp.com\\\/empresasyeventos.com.uy\\\/wp-content\\\/uploads\\\/2021\\\/07\\\/Daniel-Cestau-Liz-800.jpg?fit=800%2C501&ssl=1\",\"keywords\":[\"Cestau\"],\"articleSection\":[\"Empresas\"],\"inLanguage\":\"es\"},{\"@type\":\"WebPage\",\"@id\":\"https:\\\/\\\/empresasyeventos.com.uy\\\/index.php\\\/2021\\\/07\\\/29\\\/cestau-e-inconcert-reconocidos-en-mexico\\\/\",\"url\":\"https:\\\/\\\/empresasyeventos.com.uy\\\/index.php\\\/2021\\\/07\\\/29\\\/cestau-e-inconcert-reconocidos-en-mexico\\\/\",\"name\":\"Cestau e Inconcert reconocidos en M\u00e9xico - Empresas &amp; Eventos\",\"isPartOf\":{\"@id\":\"https:\\\/\\\/empresasyeventos.com.uy\\\/#website\"},\"primaryImageOfPage\":{\"@id\":\"https:\\\/\\\/empresasyeventos.com.uy\\\/index.php\\\/2021\\\/07\\\/29\\\/cestau-e-inconcert-reconocidos-en-mexico\\\/#primaryimage\"},\"image\":{\"@id\":\"https:\\\/\\\/empresasyeventos.com.uy\\\/index.php\\\/2021\\\/07\\\/29\\\/cestau-e-inconcert-reconocidos-en-mexico\\\/#primaryimage\"},\"thumbnailUrl\":\"https:\\\/\\\/i0.wp.com\\\/empresasyeventos.com.uy\\\/wp-content\\\/uploads\\\/2021\\\/07\\\/Daniel-Cestau-Liz-800.jpg?fit=800%2C501&ssl=1\",\"datePublished\":\"2021-07-29T12:46:08+00:00\",\"dateModified\":\"2021-08-17T13:37:03+00:00\",\"author\":{\"@id\":\"https:\\\/\\\/empresasyeventos.com.uy\\\/#\\\/schema\\\/person\\\/e2ecff9df3397b6bced46c0154bc0aa2\"},\"breadcrumb\":{\"@id\":\"https:\\\/\\\/empresasyeventos.com.uy\\\/index.php\\\/2021\\\/07\\\/29\\\/cestau-e-inconcert-reconocidos-en-mexico\\\/#breadcrumb\"},\"inLanguage\":\"es\",\"potentialAction\":[{\"@type\":\"ReadAction\",\"target\":[\"https:\\\/\\\/empresasyeventos.com.uy\\\/index.php\\\/2021\\\/07\\\/29\\\/cestau-e-inconcert-reconocidos-en-mexico\\\/\"]}]},{\"@type\":\"ImageObject\",\"inLanguage\":\"es\",\"@id\":\"https:\\\/\\\/empresasyeventos.com.uy\\\/index.php\\\/2021\\\/07\\\/29\\\/cestau-e-inconcert-reconocidos-en-mexico\\\/#primaryimage\",\"url\":\"https:\\\/\\\/i0.wp.com\\\/empresasyeventos.com.uy\\\/wp-content\\\/uploads\\\/2021\\\/07\\\/Daniel-Cestau-Liz-800.jpg?fit=800%2C501&ssl=1\",\"contentUrl\":\"https:\\\/\\\/i0.wp.com\\\/empresasyeventos.com.uy\\\/wp-content\\\/uploads\\\/2021\\\/07\\\/Daniel-Cestau-Liz-800.jpg?fit=800%2C501&ssl=1\",\"width\":800,\"height\":501,\"caption\":\"Daniel Cestau Liz\"},{\"@type\":\"BreadcrumbList\",\"@id\":\"https:\\\/\\\/empresasyeventos.com.uy\\\/index.php\\\/2021\\\/07\\\/29\\\/cestau-e-inconcert-reconocidos-en-mexico\\\/#breadcrumb\",\"itemListElement\":[{\"@type\":\"ListItem\",\"position\":1,\"name\":\"Home\",\"item\":\"https:\\\/\\\/empresasyeventos.com.uy\\\/\"},{\"@type\":\"ListItem\",\"position\":2,\"name\":\"Cestau e Inconcert reconocidos en M\u00e9xico\"}]},{\"@type\":\"WebSite\",\"@id\":\"https:\\\/\\\/empresasyeventos.com.uy\\\/#website\",\"url\":\"https:\\\/\\\/empresasyeventos.com.uy\\\/\",\"name\":\"Empresas &amp; Eventos\",\"description\":\"Portal de noticias de Empresas y Eventos\",\"potentialAction\":[{\"@type\":\"SearchAction\",\"target\":{\"@type\":\"EntryPoint\",\"urlTemplate\":\"https:\\\/\\\/empresasyeventos.com.uy\\\/?s={search_term_string}\"},\"query-input\":{\"@type\":\"PropertyValueSpecification\",\"valueRequired\":true,\"valueName\":\"search_term_string\"}}],\"inLanguage\":\"es\"},{\"@type\":\"Person\",\"@id\":\"https:\\\/\\\/empresasyeventos.com.uy\\\/#\\\/schema\\\/person\\\/e2ecff9df3397b6bced46c0154bc0aa2\",\"name\":\"Sergio Goloubintseff\",\"image\":{\"@type\":\"ImageObject\",\"inLanguage\":\"es\",\"@id\":\"https:\\\/\\\/empresasyeventos.com.uy\\\/wp-content\\\/litespeed\\\/avatar\\\/e7e78d5d2c4fffc5dbfffc2212c10ee5.jpg?ver=1777397007\",\"url\":\"https:\\\/\\\/empresasyeventos.com.uy\\\/wp-content\\\/litespeed\\\/avatar\\\/e7e78d5d2c4fffc5dbfffc2212c10ee5.jpg?ver=1777397007\",\"contentUrl\":\"https:\\\/\\\/empresasyeventos.com.uy\\\/wp-content\\\/litespeed\\\/avatar\\\/e7e78d5d2c4fffc5dbfffc2212c10ee5.jpg?ver=1777397007\",\"caption\":\"Sergio Goloubintseff\"},\"url\":\"https:\\\/\\\/empresasyeventos.com.uy\\\/index.php\\\/author\\\/sergio-goloubintseff\\\/\"}]}<\/script>\n<!-- \/ Yoast SEO plugin. -->","yoast_head_json":{"title":"Cestau e Inconcert reconocidos en M\u00e9xico - Empresas &amp; Eventos","robots":{"index":"index","follow":"follow","max-snippet":"max-snippet:-1","max-image-preview":"max-image-preview:large","max-video-preview":"max-video-preview:-1"},"canonical":"https:\/\/empresasyeventos.com.uy\/index.php\/2021\/07\/29\/cestau-e-inconcert-reconocidos-en-mexico\/","og_locale":"es_ES","og_type":"article","og_title":"Cestau e Inconcert reconocidos en M\u00e9xico - Empresas &amp; Eventos","og_description":"Daniel Cestau Liz Country Manager de la empresa tecnol\u00f3gica uruguaya INCONCERT para Estados Unidos, M\u00e9xico y Centroam\u00e9rica. Autor de 20 obras de gesti\u00f3n comercial, liderazgo y motivaci\u00f3n recibe importante reconocimiento [&hellip;]","og_url":"https:\/\/empresasyeventos.com.uy\/index.php\/2021\/07\/29\/cestau-e-inconcert-reconocidos-en-mexico\/","og_site_name":"Empresas &amp; Eventos","article_published_time":"2021-07-29T12:46:08+00:00","article_modified_time":"2021-08-17T13:37:03+00:00","og_image":[{"width":800,"height":501,"url":"https:\/\/empresasyeventos.com.uy\/wp-content\/uploads\/2021\/07\/Daniel-Cestau-Liz-800.jpg","type":"image\/jpeg"}],"author":"Sergio Goloubintseff","twitter_card":"summary_large_image","twitter_misc":{"Escrito por":"Sergio Goloubintseff","Tiempo de lectura":"7 minutos"},"schema":{"@context":"https:\/\/schema.org","@graph":[{"@type":"Article","@id":"https:\/\/empresasyeventos.com.uy\/index.php\/2021\/07\/29\/cestau-e-inconcert-reconocidos-en-mexico\/#article","isPartOf":{"@id":"https:\/\/empresasyeventos.com.uy\/index.php\/2021\/07\/29\/cestau-e-inconcert-reconocidos-en-mexico\/"},"author":{"name":"Sergio Goloubintseff","@id":"https:\/\/empresasyeventos.com.uy\/#\/schema\/person\/e2ecff9df3397b6bced46c0154bc0aa2"},"headline":"Cestau e Inconcert reconocidos en M\u00e9xico","datePublished":"2021-07-29T12:46:08+00:00","dateModified":"2021-08-17T13:37:03+00:00","mainEntityOfPage":{"@id":"https:\/\/empresasyeventos.com.uy\/index.php\/2021\/07\/29\/cestau-e-inconcert-reconocidos-en-mexico\/"},"wordCount":1567,"image":{"@id":"https:\/\/empresasyeventos.com.uy\/index.php\/2021\/07\/29\/cestau-e-inconcert-reconocidos-en-mexico\/#primaryimage"},"thumbnailUrl":"https:\/\/i0.wp.com\/empresasyeventos.com.uy\/wp-content\/uploads\/2021\/07\/Daniel-Cestau-Liz-800.jpg?fit=800%2C501&ssl=1","keywords":["Cestau"],"articleSection":["Empresas"],"inLanguage":"es"},{"@type":"WebPage","@id":"https:\/\/empresasyeventos.com.uy\/index.php\/2021\/07\/29\/cestau-e-inconcert-reconocidos-en-mexico\/","url":"https:\/\/empresasyeventos.com.uy\/index.php\/2021\/07\/29\/cestau-e-inconcert-reconocidos-en-mexico\/","name":"Cestau e Inconcert reconocidos en M\u00e9xico - Empresas &amp; Eventos","isPartOf":{"@id":"https:\/\/empresasyeventos.com.uy\/#website"},"primaryImageOfPage":{"@id":"https:\/\/empresasyeventos.com.uy\/index.php\/2021\/07\/29\/cestau-e-inconcert-reconocidos-en-mexico\/#primaryimage"},"image":{"@id":"https:\/\/empresasyeventos.com.uy\/index.php\/2021\/07\/29\/cestau-e-inconcert-reconocidos-en-mexico\/#primaryimage"},"thumbnailUrl":"https:\/\/i0.wp.com\/empresasyeventos.com.uy\/wp-content\/uploads\/2021\/07\/Daniel-Cestau-Liz-800.jpg?fit=800%2C501&ssl=1","datePublished":"2021-07-29T12:46:08+00:00","dateModified":"2021-08-17T13:37:03+00:00","author":{"@id":"https:\/\/empresasyeventos.com.uy\/#\/schema\/person\/e2ecff9df3397b6bced46c0154bc0aa2"},"breadcrumb":{"@id":"https:\/\/empresasyeventos.com.uy\/index.php\/2021\/07\/29\/cestau-e-inconcert-reconocidos-en-mexico\/#breadcrumb"},"inLanguage":"es","potentialAction":[{"@type":"ReadAction","target":["https:\/\/empresasyeventos.com.uy\/index.php\/2021\/07\/29\/cestau-e-inconcert-reconocidos-en-mexico\/"]}]},{"@type":"ImageObject","inLanguage":"es","@id":"https:\/\/empresasyeventos.com.uy\/index.php\/2021\/07\/29\/cestau-e-inconcert-reconocidos-en-mexico\/#primaryimage","url":"https:\/\/i0.wp.com\/empresasyeventos.com.uy\/wp-content\/uploads\/2021\/07\/Daniel-Cestau-Liz-800.jpg?fit=800%2C501&ssl=1","contentUrl":"https:\/\/i0.wp.com\/empresasyeventos.com.uy\/wp-content\/uploads\/2021\/07\/Daniel-Cestau-Liz-800.jpg?fit=800%2C501&ssl=1","width":800,"height":501,"caption":"Daniel Cestau Liz"},{"@type":"BreadcrumbList","@id":"https:\/\/empresasyeventos.com.uy\/index.php\/2021\/07\/29\/cestau-e-inconcert-reconocidos-en-mexico\/#breadcrumb","itemListElement":[{"@type":"ListItem","position":1,"name":"Home","item":"https:\/\/empresasyeventos.com.uy\/"},{"@type":"ListItem","position":2,"name":"Cestau e Inconcert reconocidos en M\u00e9xico"}]},{"@type":"WebSite","@id":"https:\/\/empresasyeventos.com.uy\/#website","url":"https:\/\/empresasyeventos.com.uy\/","name":"Empresas &amp; Eventos","description":"Portal de noticias de Empresas y Eventos","potentialAction":[{"@type":"SearchAction","target":{"@type":"EntryPoint","urlTemplate":"https:\/\/empresasyeventos.com.uy\/?s={search_term_string}"},"query-input":{"@type":"PropertyValueSpecification","valueRequired":true,"valueName":"search_term_string"}}],"inLanguage":"es"},{"@type":"Person","@id":"https:\/\/empresasyeventos.com.uy\/#\/schema\/person\/e2ecff9df3397b6bced46c0154bc0aa2","name":"Sergio Goloubintseff","image":{"@type":"ImageObject","inLanguage":"es","@id":"https:\/\/empresasyeventos.com.uy\/wp-content\/litespeed\/avatar\/e7e78d5d2c4fffc5dbfffc2212c10ee5.jpg?ver=1777397007","url":"https:\/\/empresasyeventos.com.uy\/wp-content\/litespeed\/avatar\/e7e78d5d2c4fffc5dbfffc2212c10ee5.jpg?ver=1777397007","contentUrl":"https:\/\/empresasyeventos.com.uy\/wp-content\/litespeed\/avatar\/e7e78d5d2c4fffc5dbfffc2212c10ee5.jpg?ver=1777397007","caption":"Sergio Goloubintseff"},"url":"https:\/\/empresasyeventos.com.uy\/index.php\/author\/sergio-goloubintseff\/"}]}},"jetpack_publicize_connections":[],"jetpack_featured_media_url":"https:\/\/i0.wp.com\/empresasyeventos.com.uy\/wp-content\/uploads\/2021\/07\/Daniel-Cestau-Liz-800.jpg?fit=800%2C501&ssl=1","jetpack_sharing_enabled":true,"_links":{"self":[{"href":"https:\/\/empresasyeventos.com.uy\/index.php\/wp-json\/wp\/v2\/posts\/1612","targetHints":{"allow":["GET"]}}],"collection":[{"href":"https:\/\/empresasyeventos.com.uy\/index.php\/wp-json\/wp\/v2\/posts"}],"about":[{"href":"https:\/\/empresasyeventos.com.uy\/index.php\/wp-json\/wp\/v2\/types\/post"}],"author":[{"embeddable":true,"href":"https:\/\/empresasyeventos.com.uy\/index.php\/wp-json\/wp\/v2\/users\/3"}],"replies":[{"embeddable":true,"href":"https:\/\/empresasyeventos.com.uy\/index.php\/wp-json\/wp\/v2\/comments?post=1612"}],"version-history":[{"count":2,"href":"https:\/\/empresasyeventos.com.uy\/index.php\/wp-json\/wp\/v2\/posts\/1612\/revisions"}],"predecessor-version":[{"id":1618,"href":"https:\/\/empresasyeventos.com.uy\/index.php\/wp-json\/wp\/v2\/posts\/1612\/revisions\/1618"}],"wp:featuredmedia":[{"embeddable":true,"href":"https:\/\/empresasyeventos.com.uy\/index.php\/wp-json\/wp\/v2\/media\/1646"}],"wp:attachment":[{"href":"https:\/\/empresasyeventos.com.uy\/index.php\/wp-json\/wp\/v2\/media?parent=1612"}],"wp:term":[{"taxonomy":"category","embeddable":true,"href":"https:\/\/empresasyeventos.com.uy\/index.php\/wp-json\/wp\/v2\/categories?post=1612"},{"taxonomy":"post_tag","embeddable":true,"href":"https:\/\/empresasyeventos.com.uy\/index.php\/wp-json\/wp\/v2\/tags?post=1612"}],"curies":[{"name":"wp","href":"https:\/\/api.w.org\/{rel}","templated":true}]}}