{"id":1498,"date":"2021-06-08T14:14:27","date_gmt":"2021-06-08T14:14:27","guid":{"rendered":"http:\/\/empresasyeventos.com.uy\/?p=1498"},"modified":"2021-06-08T14:14:27","modified_gmt":"2021-06-08T14:14:27","slug":"sergio-aguero-embajador-puma","status":"publish","type":"post","link":"https:\/\/empresasyeventos.com.uy\/index.php\/2021\/06\/08\/sergio-aguero-embajador-puma\/","title":{"rendered":"Sergio Ag\u00fcero, Embajador Puma"},"content":{"rendered":"<p>By Chris Solis<\/p>\n<p>IG @purobranding<\/p>\n<p>Quiero arrancar el d\u00eda con una perlita marketinera que demuestra que el Kun Ag\u00fcero\u00a0no es solamente un futbolista e influencers, tambi\u00e9n es marketinero y sabe brindarle tiempo a sus sponsors. En este caso, como ver\u00e1s en la foto, el ex Manchester City\u00a0se tom\u00f3 el tiempo de mostrar sus botines Puma\u00a0de una manera muy descontracturada en un vestuario que es 100% Nike, empresa que viste al Barcelona.<\/p>\n<p>No me sorprender\u00eda para nada que el N\u00b01 de Puma\u00a0le haya dicho al Kun\u00a0que busque un hueco para que se luzca el Puma\u00a0entre tantas pipas de Nike\u00a0en Catalu\u00f1a. Aguierito\u00a0muy pillo como en la cancha se sac\u00f3 una foto en el vestuario blaugrana at\u00e1ndose los corones de los botines (como D10S) para que luego se viralice en la redes. Vale resaltar que el Kun\u00a0se despidi\u00f3 del Manchester City, equipo vestido por Puma\u00a0y ahora paso al equipo de Lio Messi\u00a0que tiene como sponsor t\u00e9cnico a Nike.<\/p>\n","protected":false},"excerpt":{"rendered":"<p>By Chris Solis IG @purobranding Quiero arrancar el d\u00eda con una perlita marketinera que demuestra que el Kun Ag\u00fcero\u00a0no es solamente un futbolista e influencers, tambi\u00e9n es marketinero y sabe [&hellip;]<\/p>\n","protected":false},"author":3,"featured_media":1499,"comment_status":"closed","ping_status":"open","sticky":false,"template":"","format":"standard","meta":{"_exactmetrics_skip_tracking":false,"_exactmetrics_sitenote_active":false,"_exactmetrics_sitenote_note":"","_exactmetrics_sitenote_category":0,"_jetpack_memberships_contains_paid_content":false,"footnotes":"","jetpack_publicize_message":"Sergio Ag\u00fcero, Embajador Puma","jetpack_publicize_feature_enabled":true,"jetpack_social_post_already_shared":true,"jetpack_social_options":{"image_generator_settings":{"template":"highway","default_image_id":0,"font":"","enabled":false},"version":2}},"categories":[487],"tags":[519,611],"class_list":["post-1498","post","type-post","status-publish","format-standard","has-post-thumbnail","category-internacional","tag-puma","tag-sergio-aguero"],"yoast_head":"<!-- This site is optimized with the Yoast SEO plugin v27.5 - https:\/\/yoast.com\/product\/yoast-seo-wordpress\/ -->\n<title>Sergio Ag\u00fcero, Embajador Puma - Empresas &amp; Eventos<\/title>\n<meta name=\"robots\" content=\"index, follow, max-snippet:-1, max-image-preview:large, max-video-preview:-1\" \/>\n<link rel=\"canonical\" href=\"https:\/\/empresasyeventos.com.uy\/index.php\/2021\/06\/08\/sergio-aguero-embajador-puma\/\" \/>\n<meta property=\"og:locale\" content=\"es_ES\" \/>\n<meta property=\"og:type\" content=\"article\" \/>\n<meta property=\"og:title\" content=\"Sergio Ag\u00fcero, Embajador Puma - Empresas &amp; Eventos\" \/>\n<meta property=\"og:description\" content=\"By Chris Solis IG @purobranding Quiero arrancar el d\u00eda con una perlita marketinera que demuestra que el Kun Ag\u00fcero\u00a0no es solamente un futbolista e influencers, tambi\u00e9n es marketinero y sabe [&hellip;]\" \/>\n<meta property=\"og:url\" content=\"https:\/\/empresasyeventos.com.uy\/index.php\/2021\/06\/08\/sergio-aguero-embajador-puma\/\" \/>\n<meta property=\"og:site_name\" content=\"Empresas &amp; Eventos\" \/>\n<meta property=\"article:published_time\" content=\"2021-06-08T14:14:27+00:00\" \/>\n<meta property=\"og:image\" content=\"https:\/\/empresasyeventos.com.uy\/wp-content\/uploads\/2021\/06\/Sergio-Aguero.jpg\" \/>\n\t<meta property=\"og:image:width\" content=\"800\" \/>\n\t<meta property=\"og:image:height\" content=\"731\" \/>\n\t<meta property=\"og:image:type\" content=\"image\/jpeg\" \/>\n<meta name=\"author\" content=\"Sergio Goloubintseff\" \/>\n<meta name=\"twitter:card\" content=\"summary_large_image\" \/>\n<meta name=\"twitter:label1\" content=\"Escrito por\" \/>\n\t<meta name=\"twitter:data1\" content=\"Sergio Goloubintseff\" \/>\n\t<meta name=\"twitter:label2\" content=\"Tiempo de lectura\" \/>\n\t<meta name=\"twitter:data2\" content=\"1 minuto\" \/>\n<script type=\"application\/ld+json\" class=\"yoast-schema-graph\">{\"@context\":\"https:\\\/\\\/schema.org\",\"@graph\":[{\"@type\":\"Article\",\"@id\":\"https:\\\/\\\/empresasyeventos.com.uy\\\/index.php\\\/2021\\\/06\\\/08\\\/sergio-aguero-embajador-puma\\\/#article\",\"isPartOf\":{\"@id\":\"https:\\\/\\\/empresasyeventos.com.uy\\\/index.php\\\/2021\\\/06\\\/08\\\/sergio-aguero-embajador-puma\\\/\"},\"author\":{\"name\":\"Sergio Goloubintseff\",\"@id\":\"https:\\\/\\\/empresasyeventos.com.uy\\\/#\\\/schema\\\/person\\\/e2ecff9df3397b6bced46c0154bc0aa2\"},\"headline\":\"Sergio Ag\u00fcero, Embajador Puma\",\"datePublished\":\"2021-06-08T14:14:27+00:00\",\"mainEntityOfPage\":{\"@id\":\"https:\\\/\\\/empresasyeventos.com.uy\\\/index.php\\\/2021\\\/06\\\/08\\\/sergio-aguero-embajador-puma\\\/\"},\"wordCount\":179,\"image\":{\"@id\":\"https:\\\/\\\/empresasyeventos.com.uy\\\/index.php\\\/2021\\\/06\\\/08\\\/sergio-aguero-embajador-puma\\\/#primaryimage\"},\"thumbnailUrl\":\"https:\\\/\\\/i0.wp.com\\\/empresasyeventos.com.uy\\\/wp-content\\\/uploads\\\/2021\\\/06\\\/Sergio-Aguero.jpg?fit=800%2C731&ssl=1\",\"keywords\":[\"PUMA\",\"Sergio Aguero\"],\"articleSection\":[\"Internacional\"],\"inLanguage\":\"es\"},{\"@type\":\"WebPage\",\"@id\":\"https:\\\/\\\/empresasyeventos.com.uy\\\/index.php\\\/2021\\\/06\\\/08\\\/sergio-aguero-embajador-puma\\\/\",\"url\":\"https:\\\/\\\/empresasyeventos.com.uy\\\/index.php\\\/2021\\\/06\\\/08\\\/sergio-aguero-embajador-puma\\\/\",\"name\":\"Sergio Ag\u00fcero, Embajador Puma - Empresas &amp; Eventos\",\"isPartOf\":{\"@id\":\"https:\\\/\\\/empresasyeventos.com.uy\\\/#website\"},\"primaryImageOfPage\":{\"@id\":\"https:\\\/\\\/empresasyeventos.com.uy\\\/index.php\\\/2021\\\/06\\\/08\\\/sergio-aguero-embajador-puma\\\/#primaryimage\"},\"image\":{\"@id\":\"https:\\\/\\\/empresasyeventos.com.uy\\\/index.php\\\/2021\\\/06\\\/08\\\/sergio-aguero-embajador-puma\\\/#primaryimage\"},\"thumbnailUrl\":\"https:\\\/\\\/i0.wp.com\\\/empresasyeventos.com.uy\\\/wp-content\\\/uploads\\\/2021\\\/06\\\/Sergio-Aguero.jpg?fit=800%2C731&ssl=1\",\"datePublished\":\"2021-06-08T14:14:27+00:00\",\"author\":{\"@id\":\"https:\\\/\\\/empresasyeventos.com.uy\\\/#\\\/schema\\\/person\\\/e2ecff9df3397b6bced46c0154bc0aa2\"},\"breadcrumb\":{\"@id\":\"https:\\\/\\\/empresasyeventos.com.uy\\\/index.php\\\/2021\\\/06\\\/08\\\/sergio-aguero-embajador-puma\\\/#breadcrumb\"},\"inLanguage\":\"es\",\"potentialAction\":[{\"@type\":\"ReadAction\",\"target\":[\"https:\\\/\\\/empresasyeventos.com.uy\\\/index.php\\\/2021\\\/06\\\/08\\\/sergio-aguero-embajador-puma\\\/\"]}]},{\"@type\":\"ImageObject\",\"inLanguage\":\"es\",\"@id\":\"https:\\\/\\\/empresasyeventos.com.uy\\\/index.php\\\/2021\\\/06\\\/08\\\/sergio-aguero-embajador-puma\\\/#primaryimage\",\"url\":\"https:\\\/\\\/i0.wp.com\\\/empresasyeventos.com.uy\\\/wp-content\\\/uploads\\\/2021\\\/06\\\/Sergio-Aguero.jpg?fit=800%2C731&ssl=1\",\"contentUrl\":\"https:\\\/\\\/i0.wp.com\\\/empresasyeventos.com.uy\\\/wp-content\\\/uploads\\\/2021\\\/06\\\/Sergio-Aguero.jpg?fit=800%2C731&ssl=1\",\"width\":800,\"height\":731,\"caption\":\"Sergio Aguero\"},{\"@type\":\"BreadcrumbList\",\"@id\":\"https:\\\/\\\/empresasyeventos.com.uy\\\/index.php\\\/2021\\\/06\\\/08\\\/sergio-aguero-embajador-puma\\\/#breadcrumb\",\"itemListElement\":[{\"@type\":\"ListItem\",\"position\":1,\"name\":\"Home\",\"item\":\"https:\\\/\\\/empresasyeventos.com.uy\\\/\"},{\"@type\":\"ListItem\",\"position\":2,\"name\":\"Sergio Ag\u00fcero, Embajador Puma\"}]},{\"@type\":\"WebSite\",\"@id\":\"https:\\\/\\\/empresasyeventos.com.uy\\\/#website\",\"url\":\"https:\\\/\\\/empresasyeventos.com.uy\\\/\",\"name\":\"Empresas &amp; Eventos\",\"description\":\"Portal de noticias de Empresas y Eventos\",\"potentialAction\":[{\"@type\":\"SearchAction\",\"target\":{\"@type\":\"EntryPoint\",\"urlTemplate\":\"https:\\\/\\\/empresasyeventos.com.uy\\\/?s={search_term_string}\"},\"query-input\":{\"@type\":\"PropertyValueSpecification\",\"valueRequired\":true,\"valueName\":\"search_term_string\"}}],\"inLanguage\":\"es\"},{\"@type\":\"Person\",\"@id\":\"https:\\\/\\\/empresasyeventos.com.uy\\\/#\\\/schema\\\/person\\\/e2ecff9df3397b6bced46c0154bc0aa2\",\"name\":\"Sergio Goloubintseff\",\"image\":{\"@type\":\"ImageObject\",\"inLanguage\":\"es\",\"@id\":\"https:\\\/\\\/empresasyeventos.com.uy\\\/wp-content\\\/litespeed\\\/avatar\\\/e7e78d5d2c4fffc5dbfffc2212c10ee5.jpg?ver=1777397007\",\"url\":\"https:\\\/\\\/empresasyeventos.com.uy\\\/wp-content\\\/litespeed\\\/avatar\\\/e7e78d5d2c4fffc5dbfffc2212c10ee5.jpg?ver=1777397007\",\"contentUrl\":\"https:\\\/\\\/empresasyeventos.com.uy\\\/wp-content\\\/litespeed\\\/avatar\\\/e7e78d5d2c4fffc5dbfffc2212c10ee5.jpg?ver=1777397007\",\"caption\":\"Sergio Goloubintseff\"},\"url\":\"https:\\\/\\\/empresasyeventos.com.uy\\\/index.php\\\/author\\\/sergio-goloubintseff\\\/\"}]}<\/script>\n<!-- \/ Yoast SEO plugin. -->","yoast_head_json":{"title":"Sergio Ag\u00fcero, Embajador Puma - Empresas &amp; Eventos","robots":{"index":"index","follow":"follow","max-snippet":"max-snippet:-1","max-image-preview":"max-image-preview:large","max-video-preview":"max-video-preview:-1"},"canonical":"https:\/\/empresasyeventos.com.uy\/index.php\/2021\/06\/08\/sergio-aguero-embajador-puma\/","og_locale":"es_ES","og_type":"article","og_title":"Sergio Ag\u00fcero, Embajador Puma - Empresas &amp; Eventos","og_description":"By Chris Solis IG @purobranding Quiero arrancar el d\u00eda con una perlita marketinera que demuestra que el Kun Ag\u00fcero\u00a0no es solamente un futbolista e influencers, tambi\u00e9n es marketinero y sabe [&hellip;]","og_url":"https:\/\/empresasyeventos.com.uy\/index.php\/2021\/06\/08\/sergio-aguero-embajador-puma\/","og_site_name":"Empresas &amp; Eventos","article_published_time":"2021-06-08T14:14:27+00:00","og_image":[{"width":800,"height":731,"url":"https:\/\/empresasyeventos.com.uy\/wp-content\/uploads\/2021\/06\/Sergio-Aguero.jpg","type":"image\/jpeg"}],"author":"Sergio Goloubintseff","twitter_card":"summary_large_image","twitter_misc":{"Escrito por":"Sergio Goloubintseff","Tiempo de lectura":"1 minuto"},"schema":{"@context":"https:\/\/schema.org","@graph":[{"@type":"Article","@id":"https:\/\/empresasyeventos.com.uy\/index.php\/2021\/06\/08\/sergio-aguero-embajador-puma\/#article","isPartOf":{"@id":"https:\/\/empresasyeventos.com.uy\/index.php\/2021\/06\/08\/sergio-aguero-embajador-puma\/"},"author":{"name":"Sergio Goloubintseff","@id":"https:\/\/empresasyeventos.com.uy\/#\/schema\/person\/e2ecff9df3397b6bced46c0154bc0aa2"},"headline":"Sergio Ag\u00fcero, Embajador Puma","datePublished":"2021-06-08T14:14:27+00:00","mainEntityOfPage":{"@id":"https:\/\/empresasyeventos.com.uy\/index.php\/2021\/06\/08\/sergio-aguero-embajador-puma\/"},"wordCount":179,"image":{"@id":"https:\/\/empresasyeventos.com.uy\/index.php\/2021\/06\/08\/sergio-aguero-embajador-puma\/#primaryimage"},"thumbnailUrl":"https:\/\/i0.wp.com\/empresasyeventos.com.uy\/wp-content\/uploads\/2021\/06\/Sergio-Aguero.jpg?fit=800%2C731&ssl=1","keywords":["PUMA","Sergio Aguero"],"articleSection":["Internacional"],"inLanguage":"es"},{"@type":"WebPage","@id":"https:\/\/empresasyeventos.com.uy\/index.php\/2021\/06\/08\/sergio-aguero-embajador-puma\/","url":"https:\/\/empresasyeventos.com.uy\/index.php\/2021\/06\/08\/sergio-aguero-embajador-puma\/","name":"Sergio Ag\u00fcero, Embajador Puma - Empresas &amp; Eventos","isPartOf":{"@id":"https:\/\/empresasyeventos.com.uy\/#website"},"primaryImageOfPage":{"@id":"https:\/\/empresasyeventos.com.uy\/index.php\/2021\/06\/08\/sergio-aguero-embajador-puma\/#primaryimage"},"image":{"@id":"https:\/\/empresasyeventos.com.uy\/index.php\/2021\/06\/08\/sergio-aguero-embajador-puma\/#primaryimage"},"thumbnailUrl":"https:\/\/i0.wp.com\/empresasyeventos.com.uy\/wp-content\/uploads\/2021\/06\/Sergio-Aguero.jpg?fit=800%2C731&ssl=1","datePublished":"2021-06-08T14:14:27+00:00","author":{"@id":"https:\/\/empresasyeventos.com.uy\/#\/schema\/person\/e2ecff9df3397b6bced46c0154bc0aa2"},"breadcrumb":{"@id":"https:\/\/empresasyeventos.com.uy\/index.php\/2021\/06\/08\/sergio-aguero-embajador-puma\/#breadcrumb"},"inLanguage":"es","potentialAction":[{"@type":"ReadAction","target":["https:\/\/empresasyeventos.com.uy\/index.php\/2021\/06\/08\/sergio-aguero-embajador-puma\/"]}]},{"@type":"ImageObject","inLanguage":"es","@id":"https:\/\/empresasyeventos.com.uy\/index.php\/2021\/06\/08\/sergio-aguero-embajador-puma\/#primaryimage","url":"https:\/\/i0.wp.com\/empresasyeventos.com.uy\/wp-content\/uploads\/2021\/06\/Sergio-Aguero.jpg?fit=800%2C731&ssl=1","contentUrl":"https:\/\/i0.wp.com\/empresasyeventos.com.uy\/wp-content\/uploads\/2021\/06\/Sergio-Aguero.jpg?fit=800%2C731&ssl=1","width":800,"height":731,"caption":"Sergio Aguero"},{"@type":"BreadcrumbList","@id":"https:\/\/empresasyeventos.com.uy\/index.php\/2021\/06\/08\/sergio-aguero-embajador-puma\/#breadcrumb","itemListElement":[{"@type":"ListItem","position":1,"name":"Home","item":"https:\/\/empresasyeventos.com.uy\/"},{"@type":"ListItem","position":2,"name":"Sergio Ag\u00fcero, Embajador Puma"}]},{"@type":"WebSite","@id":"https:\/\/empresasyeventos.com.uy\/#website","url":"https:\/\/empresasyeventos.com.uy\/","name":"Empresas &amp; Eventos","description":"Portal de noticias de Empresas y Eventos","potentialAction":[{"@type":"SearchAction","target":{"@type":"EntryPoint","urlTemplate":"https:\/\/empresasyeventos.com.uy\/?s={search_term_string}"},"query-input":{"@type":"PropertyValueSpecification","valueRequired":true,"valueName":"search_term_string"}}],"inLanguage":"es"},{"@type":"Person","@id":"https:\/\/empresasyeventos.com.uy\/#\/schema\/person\/e2ecff9df3397b6bced46c0154bc0aa2","name":"Sergio Goloubintseff","image":{"@type":"ImageObject","inLanguage":"es","@id":"https:\/\/empresasyeventos.com.uy\/wp-content\/litespeed\/avatar\/e7e78d5d2c4fffc5dbfffc2212c10ee5.jpg?ver=1777397007","url":"https:\/\/empresasyeventos.com.uy\/wp-content\/litespeed\/avatar\/e7e78d5d2c4fffc5dbfffc2212c10ee5.jpg?ver=1777397007","contentUrl":"https:\/\/empresasyeventos.com.uy\/wp-content\/litespeed\/avatar\/e7e78d5d2c4fffc5dbfffc2212c10ee5.jpg?ver=1777397007","caption":"Sergio Goloubintseff"},"url":"https:\/\/empresasyeventos.com.uy\/index.php\/author\/sergio-goloubintseff\/"}]}},"jetpack_publicize_connections":[],"jetpack_featured_media_url":"https:\/\/i0.wp.com\/empresasyeventos.com.uy\/wp-content\/uploads\/2021\/06\/Sergio-Aguero.jpg?fit=800%2C731&ssl=1","jetpack_sharing_enabled":true,"_links":{"self":[{"href":"https:\/\/empresasyeventos.com.uy\/index.php\/wp-json\/wp\/v2\/posts\/1498","targetHints":{"allow":["GET"]}}],"collection":[{"href":"https:\/\/empresasyeventos.com.uy\/index.php\/wp-json\/wp\/v2\/posts"}],"about":[{"href":"https:\/\/empresasyeventos.com.uy\/index.php\/wp-json\/wp\/v2\/types\/post"}],"author":[{"embeddable":true,"href":"https:\/\/empresasyeventos.com.uy\/index.php\/wp-json\/wp\/v2\/users\/3"}],"replies":[{"embeddable":true,"href":"https:\/\/empresasyeventos.com.uy\/index.php\/wp-json\/wp\/v2\/comments?post=1498"}],"version-history":[{"count":2,"href":"https:\/\/empresasyeventos.com.uy\/index.php\/wp-json\/wp\/v2\/posts\/1498\/revisions"}],"predecessor-version":[{"id":1501,"href":"https:\/\/empresasyeventos.com.uy\/index.php\/wp-json\/wp\/v2\/posts\/1498\/revisions\/1501"}],"wp:featuredmedia":[{"embeddable":true,"href":"https:\/\/empresasyeventos.com.uy\/index.php\/wp-json\/wp\/v2\/media\/1499"}],"wp:attachment":[{"href":"https:\/\/empresasyeventos.com.uy\/index.php\/wp-json\/wp\/v2\/media?parent=1498"}],"wp:term":[{"taxonomy":"category","embeddable":true,"href":"https:\/\/empresasyeventos.com.uy\/index.php\/wp-json\/wp\/v2\/categories?post=1498"},{"taxonomy":"post_tag","embeddable":true,"href":"https:\/\/empresasyeventos.com.uy\/index.php\/wp-json\/wp\/v2\/tags?post=1498"}],"curies":[{"name":"wp","href":"https:\/\/api.w.org\/{rel}","templated":true}]}}