{"id":1389,"date":"2021-03-18T11:54:52","date_gmt":"2021-03-18T11:54:52","guid":{"rendered":"http:\/\/empresasyeventos.com.uy\/?p=1389"},"modified":"2021-03-18T11:54:52","modified_gmt":"2021-03-18T11:54:52","slug":"lanzamiento-circuito-dove-mencare-legion-sudamericana","status":"publish","type":"post","link":"https:\/\/empresasyeventos.com.uy\/index.php\/2021\/03\/18\/lanzamiento-circuito-dove-mencare-legion-sudamericana\/","title":{"rendered":"Lanzamiento CIRCUITO DOVE MEN+CARE LEGI\u00d3N SUDAMERICANA"},"content":{"rendered":"<div dir=\"auto\" lang=\"es\">Con la presencia de Horacio De La Pe\u00f1a su Productor. Francisco Spirito, Director de marketing de Dove Men+Care, Hugo Dellien (Tenista boliviano). Agust\u00edn Calleri (Presidente de la Asociaci\u00f3n Argentina de Tenis) y Mariano Zabaleta (AAT)\u00a0fue el lanzamiento en el Racquet Club en Buenos Aires del Circuito\u00a0DOVE MEN+CARE LEGI\u00d3N SUDAMERICANA.<\/div>\n<div dir=\"auto\" lang=\"es\">Hubo varios saludos v\u00eda streaming como los de Gabriela Sabatini, Diego Schwartzman, Alex Corretja\u00a0y de Ruben Marturet entre otros.<\/div>\n<div dir=\"auto\" lang=\"es\"><\/div>\n<div dir=\"auto\" lang=\"es\">El circuito contar\u00e1 con 36 torneos, divididos en 12 Challengers, 12 World Tennis Tour masculinos y 12 World Tennis Tour femeninos a los que se les agrega 2 Masters de fin de temporada. El \u201cCircuito Dove Men+Care Legi\u00f3n Sudamericana\u201d se celebrar\u00e1 en 9 pa\u00edses y tendr\u00e1 torneos en 3 superficies diferentes: Polvo de ladrillo, cemento y por primera vez en la historia, Sudam\u00e9rica contar\u00e1 con un Challenger sobre c\u00e9sped. El gran objetivo es generar m\u00e1s y mejores oportunidades a cientos de tenistas que comienzan a desarrolarse profesionalmente y hasta la llegada del \u201cCircuito Dove Men+Care Legi\u00f3n Sudamericana\u201d, contaban con muy pocos torneos cerca de sus hogares.<\/p>\n<figure id=\"attachment_1391\" aria-describedby=\"caption-attachment-1391\" style=\"width: 300px\" class=\"wp-caption alignright\"><a href=\"https:\/\/i0.wp.com\/empresasyeventos.com.uy\/wp-content\/uploads\/2021\/03\/Calendario-Circuito-Dove.jpg\"><img data-recalc-dims=\"1\" decoding=\"async\" data-attachment-id=\"1391\" data-permalink=\"https:\/\/empresasyeventos.com.uy\/index.php\/2021\/03\/18\/lanzamiento-circuito-dove-mencare-legion-sudamericana\/calendario-circuito-dove\/\" data-orig-file=\"https:\/\/i0.wp.com\/empresasyeventos.com.uy\/wp-content\/uploads\/2021\/03\/Calendario-Circuito-Dove.jpg?fit=800%2C765&ssl=1\" data-orig-size=\"800,765\" data-comments-opened=\"0\" data-image-meta=\"{&quot;aperture&quot;:&quot;0&quot;,&quot;credit&quot;:&quot;&quot;,&quot;camera&quot;:&quot;&quot;,&quot;caption&quot;:&quot;&quot;,&quot;created_timestamp&quot;:&quot;0&quot;,&quot;copyright&quot;:&quot;&quot;,&quot;focal_length&quot;:&quot;0&quot;,&quot;iso&quot;:&quot;0&quot;,&quot;shutter_speed&quot;:&quot;0&quot;,&quot;title&quot;:&quot;&quot;,&quot;orientation&quot;:&quot;0&quot;}\" data-image-title=\"Calendario Circuito Dove\" data-image-description=\"<p>Calendario Circuito Dove<\/p>\n\" data-image-caption=\"<p>Calendario Circuito Dove<\/p>\n\" data-large-file=\"https:\/\/i0.wp.com\/empresasyeventos.com.uy\/wp-content\/uploads\/2021\/03\/Calendario-Circuito-Dove.jpg?fit=800%2C765&ssl=1\" class=\"wp-image-1391 size-medium\" src=\"https:\/\/i0.wp.com\/empresasyeventos.com.uy\/wp-content\/uploads\/2021\/03\/Calendario-Circuito-Dove.jpg?resize=300%2C287\" alt=\"Calendario Circuito Dove\" width=\"300\" height=\"287\" srcset=\"https:\/\/i0.wp.com\/empresasyeventos.com.uy\/wp-content\/uploads\/2021\/03\/Calendario-Circuito-Dove.jpg?resize=300%2C287&ssl=1 300w, https:\/\/i0.wp.com\/empresasyeventos.com.uy\/wp-content\/uploads\/2021\/03\/Calendario-Circuito-Dove.jpg?resize=768%2C734&ssl=1 768w, https:\/\/i0.wp.com\/empresasyeventos.com.uy\/wp-content\/uploads\/2021\/03\/Calendario-Circuito-Dove.jpg?resize=150%2C143&ssl=1 150w, https:\/\/i0.wp.com\/empresasyeventos.com.uy\/wp-content\/uploads\/2021\/03\/Calendario-Circuito-Dove.jpg?resize=696%2C666&ssl=1 696w, https:\/\/i0.wp.com\/empresasyeventos.com.uy\/wp-content\/uploads\/2021\/03\/Calendario-Circuito-Dove.jpg?w=800&ssl=1 800w\" sizes=\"(max-width: 300px) 100vw, 300px\" \/><\/a><figcaption id=\"caption-attachment-1391\" class=\"wp-caption-text\">Calendario Circuito Dove<\/figcaption><\/figure>\n<\/div>\n<div dir=\"auto\" lang=\"es\"><\/div>\n<div dir=\"auto\" lang=\"es\">Las grandes novedades es que se jugar\u00e1 en 3 superficies siempre antes de cada qualy de los Grand Slam preparando a los jugadores de la regi\u00f3n. Comienza en Bolivia el 12 de abril. Habr\u00eda un evento en pasto en San Pablo lo que ser\u00e1 un hito. En Uruguay se jugar\u00eda en octubre posiblemente en Punta del Este.<\/div>\n<div dir=\"auto\" lang=\"es\"><\/div>\n<div dir=\"auto\" lang=\"es\">El circuito espera quedarse al menos 4 a\u00f1os con este formato lo que dar\u00e1 estabilidad al tenis sudamericano.<\/div>\n","protected":false},"excerpt":{"rendered":"<p>Con la presencia de Horacio De La Pe\u00f1a su Productor. Francisco Spirito, Director de marketing de Dove Men+Care, Hugo Dellien (Tenista boliviano). Agust\u00edn Calleri (Presidente de la Asociaci\u00f3n Argentina de [&hellip;]<\/p>\n","protected":false},"author":3,"featured_media":1390,"comment_status":"closed","ping_status":"open","sticky":false,"template":"","format":"standard","meta":{"_exactmetrics_skip_tracking":false,"_exactmetrics_sitenote_active":false,"_exactmetrics_sitenote_note":"","_exactmetrics_sitenote_category":0,"_jetpack_memberships_contains_paid_content":false,"footnotes":"","jetpack_publicize_message":"Lanzamiento CIRCUITO DOVE MEN+CARE LEGI\u00d3N SUDAMERICANA","jetpack_publicize_feature_enabled":true,"jetpack_social_post_already_shared":true,"jetpack_social_options":{"image_generator_settings":{"template":"highway","default_image_id":0,"font":"","enabled":false},"version":2}},"categories":[57],"tags":[593],"class_list":["post-1389","post","type-post","status-publish","format-standard","has-post-thumbnail","category-eventos","tag-circuito-dove-man-care"],"yoast_head":"<!-- This site is optimized with the Yoast SEO plugin v27.5 - https:\/\/yoast.com\/product\/yoast-seo-wordpress\/ -->\n<title>Lanzamiento CIRCUITO DOVE MEN+CARE LEGI\u00d3N SUDAMERICANA - Empresas &amp; Eventos<\/title>\n<meta name=\"robots\" content=\"index, follow, max-snippet:-1, max-image-preview:large, max-video-preview:-1\" \/>\n<link rel=\"canonical\" href=\"https:\/\/empresasyeventos.com.uy\/index.php\/2021\/03\/18\/lanzamiento-circuito-dove-mencare-legion-sudamericana\/\" \/>\n<meta property=\"og:locale\" content=\"es_ES\" \/>\n<meta property=\"og:type\" content=\"article\" \/>\n<meta property=\"og:title\" content=\"Lanzamiento CIRCUITO DOVE MEN+CARE LEGI\u00d3N SUDAMERICANA - Empresas &amp; Eventos\" \/>\n<meta property=\"og:description\" content=\"Con la presencia de Horacio De La Pe\u00f1a su Productor. Francisco Spirito, Director de marketing de Dove Men+Care, Hugo Dellien (Tenista boliviano). Agust\u00edn Calleri (Presidente de la Asociaci\u00f3n Argentina de [&hellip;]\" \/>\n<meta property=\"og:url\" content=\"https:\/\/empresasyeventos.com.uy\/index.php\/2021\/03\/18\/lanzamiento-circuito-dove-mencare-legion-sudamericana\/\" \/>\n<meta property=\"og:site_name\" content=\"Empresas &amp; Eventos\" \/>\n<meta property=\"article:published_time\" content=\"2021-03-18T11:54:52+00:00\" \/>\n<meta property=\"og:image\" content=\"https:\/\/empresasyeventos.com.uy\/wp-content\/uploads\/2021\/03\/Horacio-de-la-Pena.jpg\" \/>\n\t<meta property=\"og:image:width\" content=\"800\" \/>\n\t<meta property=\"og:image:height\" content=\"1364\" \/>\n\t<meta property=\"og:image:type\" content=\"image\/jpeg\" \/>\n<meta name=\"author\" content=\"Sergio Goloubintseff\" \/>\n<meta name=\"twitter:card\" content=\"summary_large_image\" \/>\n<meta name=\"twitter:label1\" content=\"Escrito por\" \/>\n\t<meta name=\"twitter:data1\" content=\"Sergio Goloubintseff\" \/>\n\t<meta name=\"twitter:label2\" content=\"Tiempo de lectura\" \/>\n\t<meta name=\"twitter:data2\" content=\"1 minuto\" \/>\n<script type=\"application\/ld+json\" class=\"yoast-schema-graph\">{\"@context\":\"https:\\\/\\\/schema.org\",\"@graph\":[{\"@type\":\"Article\",\"@id\":\"https:\\\/\\\/empresasyeventos.com.uy\\\/index.php\\\/2021\\\/03\\\/18\\\/lanzamiento-circuito-dove-mencare-legion-sudamericana\\\/#article\",\"isPartOf\":{\"@id\":\"https:\\\/\\\/empresasyeventos.com.uy\\\/index.php\\\/2021\\\/03\\\/18\\\/lanzamiento-circuito-dove-mencare-legion-sudamericana\\\/\"},\"author\":{\"name\":\"Sergio Goloubintseff\",\"@id\":\"https:\\\/\\\/empresasyeventos.com.uy\\\/#\\\/schema\\\/person\\\/e2ecff9df3397b6bced46c0154bc0aa2\"},\"headline\":\"Lanzamiento CIRCUITO DOVE MEN+CARE LEGI\u00d3N SUDAMERICANA\",\"datePublished\":\"2021-03-18T11:54:52+00:00\",\"mainEntityOfPage\":{\"@id\":\"https:\\\/\\\/empresasyeventos.com.uy\\\/index.php\\\/2021\\\/03\\\/18\\\/lanzamiento-circuito-dove-mencare-legion-sudamericana\\\/\"},\"wordCount\":279,\"image\":{\"@id\":\"https:\\\/\\\/empresasyeventos.com.uy\\\/index.php\\\/2021\\\/03\\\/18\\\/lanzamiento-circuito-dove-mencare-legion-sudamericana\\\/#primaryimage\"},\"thumbnailUrl\":\"https:\\\/\\\/i0.wp.com\\\/empresasyeventos.com.uy\\\/wp-content\\\/uploads\\\/2021\\\/03\\\/Horacio-de-la-Pena.jpg?fit=800%2C1364&ssl=1\",\"keywords\":[\"Circuito Dove Man+ Care\"],\"articleSection\":[\"Eventos\"],\"inLanguage\":\"es\"},{\"@type\":\"WebPage\",\"@id\":\"https:\\\/\\\/empresasyeventos.com.uy\\\/index.php\\\/2021\\\/03\\\/18\\\/lanzamiento-circuito-dove-mencare-legion-sudamericana\\\/\",\"url\":\"https:\\\/\\\/empresasyeventos.com.uy\\\/index.php\\\/2021\\\/03\\\/18\\\/lanzamiento-circuito-dove-mencare-legion-sudamericana\\\/\",\"name\":\"Lanzamiento CIRCUITO DOVE MEN+CARE LEGI\u00d3N SUDAMERICANA - Empresas &amp; Eventos\",\"isPartOf\":{\"@id\":\"https:\\\/\\\/empresasyeventos.com.uy\\\/#website\"},\"primaryImageOfPage\":{\"@id\":\"https:\\\/\\\/empresasyeventos.com.uy\\\/index.php\\\/2021\\\/03\\\/18\\\/lanzamiento-circuito-dove-mencare-legion-sudamericana\\\/#primaryimage\"},\"image\":{\"@id\":\"https:\\\/\\\/empresasyeventos.com.uy\\\/index.php\\\/2021\\\/03\\\/18\\\/lanzamiento-circuito-dove-mencare-legion-sudamericana\\\/#primaryimage\"},\"thumbnailUrl\":\"https:\\\/\\\/i0.wp.com\\\/empresasyeventos.com.uy\\\/wp-content\\\/uploads\\\/2021\\\/03\\\/Horacio-de-la-Pena.jpg?fit=800%2C1364&ssl=1\",\"datePublished\":\"2021-03-18T11:54:52+00:00\",\"author\":{\"@id\":\"https:\\\/\\\/empresasyeventos.com.uy\\\/#\\\/schema\\\/person\\\/e2ecff9df3397b6bced46c0154bc0aa2\"},\"breadcrumb\":{\"@id\":\"https:\\\/\\\/empresasyeventos.com.uy\\\/index.php\\\/2021\\\/03\\\/18\\\/lanzamiento-circuito-dove-mencare-legion-sudamericana\\\/#breadcrumb\"},\"inLanguage\":\"es\",\"potentialAction\":[{\"@type\":\"ReadAction\",\"target\":[\"https:\\\/\\\/empresasyeventos.com.uy\\\/index.php\\\/2021\\\/03\\\/18\\\/lanzamiento-circuito-dove-mencare-legion-sudamericana\\\/\"]}]},{\"@type\":\"ImageObject\",\"inLanguage\":\"es\",\"@id\":\"https:\\\/\\\/empresasyeventos.com.uy\\\/index.php\\\/2021\\\/03\\\/18\\\/lanzamiento-circuito-dove-mencare-legion-sudamericana\\\/#primaryimage\",\"url\":\"https:\\\/\\\/i0.wp.com\\\/empresasyeventos.com.uy\\\/wp-content\\\/uploads\\\/2021\\\/03\\\/Horacio-de-la-Pena.jpg?fit=800%2C1364&ssl=1\",\"contentUrl\":\"https:\\\/\\\/i0.wp.com\\\/empresasyeventos.com.uy\\\/wp-content\\\/uploads\\\/2021\\\/03\\\/Horacio-de-la-Pena.jpg?fit=800%2C1364&ssl=1\",\"width\":800,\"height\":1364,\"caption\":\"Horacio de la Pe\u00f1a\"},{\"@type\":\"BreadcrumbList\",\"@id\":\"https:\\\/\\\/empresasyeventos.com.uy\\\/index.php\\\/2021\\\/03\\\/18\\\/lanzamiento-circuito-dove-mencare-legion-sudamericana\\\/#breadcrumb\",\"itemListElement\":[{\"@type\":\"ListItem\",\"position\":1,\"name\":\"Home\",\"item\":\"https:\\\/\\\/empresasyeventos.com.uy\\\/\"},{\"@type\":\"ListItem\",\"position\":2,\"name\":\"Lanzamiento CIRCUITO DOVE MEN+CARE LEGI\u00d3N SUDAMERICANA\"}]},{\"@type\":\"WebSite\",\"@id\":\"https:\\\/\\\/empresasyeventos.com.uy\\\/#website\",\"url\":\"https:\\\/\\\/empresasyeventos.com.uy\\\/\",\"name\":\"Empresas &amp; Eventos\",\"description\":\"Portal de noticias de Empresas y Eventos\",\"potentialAction\":[{\"@type\":\"SearchAction\",\"target\":{\"@type\":\"EntryPoint\",\"urlTemplate\":\"https:\\\/\\\/empresasyeventos.com.uy\\\/?s={search_term_string}\"},\"query-input\":{\"@type\":\"PropertyValueSpecification\",\"valueRequired\":true,\"valueName\":\"search_term_string\"}}],\"inLanguage\":\"es\"},{\"@type\":\"Person\",\"@id\":\"https:\\\/\\\/empresasyeventos.com.uy\\\/#\\\/schema\\\/person\\\/e2ecff9df3397b6bced46c0154bc0aa2\",\"name\":\"Sergio Goloubintseff\",\"image\":{\"@type\":\"ImageObject\",\"inLanguage\":\"es\",\"@id\":\"https:\\\/\\\/empresasyeventos.com.uy\\\/wp-content\\\/litespeed\\\/avatar\\\/e7e78d5d2c4fffc5dbfffc2212c10ee5.jpg?ver=1777397007\",\"url\":\"https:\\\/\\\/empresasyeventos.com.uy\\\/wp-content\\\/litespeed\\\/avatar\\\/e7e78d5d2c4fffc5dbfffc2212c10ee5.jpg?ver=1777397007\",\"contentUrl\":\"https:\\\/\\\/empresasyeventos.com.uy\\\/wp-content\\\/litespeed\\\/avatar\\\/e7e78d5d2c4fffc5dbfffc2212c10ee5.jpg?ver=1777397007\",\"caption\":\"Sergio Goloubintseff\"},\"url\":\"https:\\\/\\\/empresasyeventos.com.uy\\\/index.php\\\/author\\\/sergio-goloubintseff\\\/\"}]}<\/script>\n<!-- \/ Yoast SEO plugin. -->","yoast_head_json":{"title":"Lanzamiento CIRCUITO DOVE MEN+CARE LEGI\u00d3N SUDAMERICANA - Empresas &amp; Eventos","robots":{"index":"index","follow":"follow","max-snippet":"max-snippet:-1","max-image-preview":"max-image-preview:large","max-video-preview":"max-video-preview:-1"},"canonical":"https:\/\/empresasyeventos.com.uy\/index.php\/2021\/03\/18\/lanzamiento-circuito-dove-mencare-legion-sudamericana\/","og_locale":"es_ES","og_type":"article","og_title":"Lanzamiento CIRCUITO DOVE MEN+CARE LEGI\u00d3N SUDAMERICANA - Empresas &amp; Eventos","og_description":"Con la presencia de Horacio De La Pe\u00f1a su Productor. Francisco Spirito, Director de marketing de Dove Men+Care, Hugo Dellien (Tenista boliviano). Agust\u00edn Calleri (Presidente de la Asociaci\u00f3n Argentina de [&hellip;]","og_url":"https:\/\/empresasyeventos.com.uy\/index.php\/2021\/03\/18\/lanzamiento-circuito-dove-mencare-legion-sudamericana\/","og_site_name":"Empresas &amp; Eventos","article_published_time":"2021-03-18T11:54:52+00:00","og_image":[{"width":800,"height":1364,"url":"https:\/\/empresasyeventos.com.uy\/wp-content\/uploads\/2021\/03\/Horacio-de-la-Pena.jpg","type":"image\/jpeg"}],"author":"Sergio Goloubintseff","twitter_card":"summary_large_image","twitter_misc":{"Escrito por":"Sergio Goloubintseff","Tiempo de lectura":"1 minuto"},"schema":{"@context":"https:\/\/schema.org","@graph":[{"@type":"Article","@id":"https:\/\/empresasyeventos.com.uy\/index.php\/2021\/03\/18\/lanzamiento-circuito-dove-mencare-legion-sudamericana\/#article","isPartOf":{"@id":"https:\/\/empresasyeventos.com.uy\/index.php\/2021\/03\/18\/lanzamiento-circuito-dove-mencare-legion-sudamericana\/"},"author":{"name":"Sergio Goloubintseff","@id":"https:\/\/empresasyeventos.com.uy\/#\/schema\/person\/e2ecff9df3397b6bced46c0154bc0aa2"},"headline":"Lanzamiento CIRCUITO DOVE MEN+CARE LEGI\u00d3N SUDAMERICANA","datePublished":"2021-03-18T11:54:52+00:00","mainEntityOfPage":{"@id":"https:\/\/empresasyeventos.com.uy\/index.php\/2021\/03\/18\/lanzamiento-circuito-dove-mencare-legion-sudamericana\/"},"wordCount":279,"image":{"@id":"https:\/\/empresasyeventos.com.uy\/index.php\/2021\/03\/18\/lanzamiento-circuito-dove-mencare-legion-sudamericana\/#primaryimage"},"thumbnailUrl":"https:\/\/i0.wp.com\/empresasyeventos.com.uy\/wp-content\/uploads\/2021\/03\/Horacio-de-la-Pena.jpg?fit=800%2C1364&ssl=1","keywords":["Circuito Dove Man+ Care"],"articleSection":["Eventos"],"inLanguage":"es"},{"@type":"WebPage","@id":"https:\/\/empresasyeventos.com.uy\/index.php\/2021\/03\/18\/lanzamiento-circuito-dove-mencare-legion-sudamericana\/","url":"https:\/\/empresasyeventos.com.uy\/index.php\/2021\/03\/18\/lanzamiento-circuito-dove-mencare-legion-sudamericana\/","name":"Lanzamiento CIRCUITO DOVE MEN+CARE LEGI\u00d3N SUDAMERICANA - Empresas &amp; Eventos","isPartOf":{"@id":"https:\/\/empresasyeventos.com.uy\/#website"},"primaryImageOfPage":{"@id":"https:\/\/empresasyeventos.com.uy\/index.php\/2021\/03\/18\/lanzamiento-circuito-dove-mencare-legion-sudamericana\/#primaryimage"},"image":{"@id":"https:\/\/empresasyeventos.com.uy\/index.php\/2021\/03\/18\/lanzamiento-circuito-dove-mencare-legion-sudamericana\/#primaryimage"},"thumbnailUrl":"https:\/\/i0.wp.com\/empresasyeventos.com.uy\/wp-content\/uploads\/2021\/03\/Horacio-de-la-Pena.jpg?fit=800%2C1364&ssl=1","datePublished":"2021-03-18T11:54:52+00:00","author":{"@id":"https:\/\/empresasyeventos.com.uy\/#\/schema\/person\/e2ecff9df3397b6bced46c0154bc0aa2"},"breadcrumb":{"@id":"https:\/\/empresasyeventos.com.uy\/index.php\/2021\/03\/18\/lanzamiento-circuito-dove-mencare-legion-sudamericana\/#breadcrumb"},"inLanguage":"es","potentialAction":[{"@type":"ReadAction","target":["https:\/\/empresasyeventos.com.uy\/index.php\/2021\/03\/18\/lanzamiento-circuito-dove-mencare-legion-sudamericana\/"]}]},{"@type":"ImageObject","inLanguage":"es","@id":"https:\/\/empresasyeventos.com.uy\/index.php\/2021\/03\/18\/lanzamiento-circuito-dove-mencare-legion-sudamericana\/#primaryimage","url":"https:\/\/i0.wp.com\/empresasyeventos.com.uy\/wp-content\/uploads\/2021\/03\/Horacio-de-la-Pena.jpg?fit=800%2C1364&ssl=1","contentUrl":"https:\/\/i0.wp.com\/empresasyeventos.com.uy\/wp-content\/uploads\/2021\/03\/Horacio-de-la-Pena.jpg?fit=800%2C1364&ssl=1","width":800,"height":1364,"caption":"Horacio de la Pe\u00f1a"},{"@type":"BreadcrumbList","@id":"https:\/\/empresasyeventos.com.uy\/index.php\/2021\/03\/18\/lanzamiento-circuito-dove-mencare-legion-sudamericana\/#breadcrumb","itemListElement":[{"@type":"ListItem","position":1,"name":"Home","item":"https:\/\/empresasyeventos.com.uy\/"},{"@type":"ListItem","position":2,"name":"Lanzamiento CIRCUITO DOVE MEN+CARE LEGI\u00d3N SUDAMERICANA"}]},{"@type":"WebSite","@id":"https:\/\/empresasyeventos.com.uy\/#website","url":"https:\/\/empresasyeventos.com.uy\/","name":"Empresas &amp; Eventos","description":"Portal de noticias de Empresas y Eventos","potentialAction":[{"@type":"SearchAction","target":{"@type":"EntryPoint","urlTemplate":"https:\/\/empresasyeventos.com.uy\/?s={search_term_string}"},"query-input":{"@type":"PropertyValueSpecification","valueRequired":true,"valueName":"search_term_string"}}],"inLanguage":"es"},{"@type":"Person","@id":"https:\/\/empresasyeventos.com.uy\/#\/schema\/person\/e2ecff9df3397b6bced46c0154bc0aa2","name":"Sergio Goloubintseff","image":{"@type":"ImageObject","inLanguage":"es","@id":"https:\/\/empresasyeventos.com.uy\/wp-content\/litespeed\/avatar\/e7e78d5d2c4fffc5dbfffc2212c10ee5.jpg?ver=1777397007","url":"https:\/\/empresasyeventos.com.uy\/wp-content\/litespeed\/avatar\/e7e78d5d2c4fffc5dbfffc2212c10ee5.jpg?ver=1777397007","contentUrl":"https:\/\/empresasyeventos.com.uy\/wp-content\/litespeed\/avatar\/e7e78d5d2c4fffc5dbfffc2212c10ee5.jpg?ver=1777397007","caption":"Sergio Goloubintseff"},"url":"https:\/\/empresasyeventos.com.uy\/index.php\/author\/sergio-goloubintseff\/"}]}},"jetpack_publicize_connections":[],"jetpack_featured_media_url":"https:\/\/i0.wp.com\/empresasyeventos.com.uy\/wp-content\/uploads\/2021\/03\/Horacio-de-la-Pena.jpg?fit=800%2C1364&ssl=1","jetpack_sharing_enabled":true,"_links":{"self":[{"href":"https:\/\/empresasyeventos.com.uy\/index.php\/wp-json\/wp\/v2\/posts\/1389","targetHints":{"allow":["GET"]}}],"collection":[{"href":"https:\/\/empresasyeventos.com.uy\/index.php\/wp-json\/wp\/v2\/posts"}],"about":[{"href":"https:\/\/empresasyeventos.com.uy\/index.php\/wp-json\/wp\/v2\/types\/post"}],"author":[{"embeddable":true,"href":"https:\/\/empresasyeventos.com.uy\/index.php\/wp-json\/wp\/v2\/users\/3"}],"replies":[{"embeddable":true,"href":"https:\/\/empresasyeventos.com.uy\/index.php\/wp-json\/wp\/v2\/comments?post=1389"}],"version-history":[{"count":1,"href":"https:\/\/empresasyeventos.com.uy\/index.php\/wp-json\/wp\/v2\/posts\/1389\/revisions"}],"predecessor-version":[{"id":1392,"href":"https:\/\/empresasyeventos.com.uy\/index.php\/wp-json\/wp\/v2\/posts\/1389\/revisions\/1392"}],"wp:featuredmedia":[{"embeddable":true,"href":"https:\/\/empresasyeventos.com.uy\/index.php\/wp-json\/wp\/v2\/media\/1390"}],"wp:attachment":[{"href":"https:\/\/empresasyeventos.com.uy\/index.php\/wp-json\/wp\/v2\/media?parent=1389"}],"wp:term":[{"taxonomy":"category","embeddable":true,"href":"https:\/\/empresasyeventos.com.uy\/index.php\/wp-json\/wp\/v2\/categories?post=1389"},{"taxonomy":"post_tag","embeddable":true,"href":"https:\/\/empresasyeventos.com.uy\/index.php\/wp-json\/wp\/v2\/tags?post=1389"}],"curies":[{"name":"wp","href":"https:\/\/api.w.org\/{rel}","templated":true}]}}