{"id":1071,"date":"2020-10-07T13:08:25","date_gmt":"2020-10-07T13:08:25","guid":{"rendered":"http:\/\/empresasyeventos.com.uy\/?p=1071"},"modified":"2020-10-07T13:08:25","modified_gmt":"2020-10-07T13:08:25","slug":"car-one-uruguay-abrira-sus-puertas-al-publico-en-noviembre","status":"publish","type":"post","link":"https:\/\/empresasyeventos.com.uy\/index.php\/2020\/10\/07\/car-one-uruguay-abrira-sus-puertas-al-publico-en-noviembre\/","title":{"rendered":"Car One Uruguay abrir\u00e1 sus puertas al p\u00fablico en noviembre"},"content":{"rendered":"<p style=\"font-weight: 400;\">Car One, el primer megacentro de soluciones en movilidad del pa\u00eds, que revolucionar\u00e1 la experiencia de compra local, abrir\u00e1 sus puertas en noviembre brindando la mayor oferta de veh\u00edculos 0 km y seminuevos garantizados en Uruguay.<\/p>\n<p style=\"font-weight: 400;\">\u00a0La compa\u00f1\u00eda, creada por el empresario y l\u00edder del sector automotriz de Argentina, Manuel Antelo, desarrolla con \u00e9xito este modelo de negocios desde hace dos d\u00e9cadas en la vecina orilla y confi\u00f3 en el potencial del mercado uruguayo para expandir su original propuesta.\u00a0\u00a0\u00a0\u201cEstamos orgullosos de abrir las puertas de este innovador proyecto, que se especializa en movilidad, reuniendo 12 marcas de 0 km y 400 autos seminuevos garantizados en stock en un solo lugar y que en el primer semestre de 2021 incorporar\u00e1, adem\u00e1s, una gran variedad de locales comerciales, que abarcar\u00e1n desde el rubro gastron\u00f3mico,\u00a0<em>Home<\/em>, supermercado, servicios para la zona, hasta indumentaria\u201d, expres\u00f3 Omar Daneri,\u00a0CEO del Grupo Car One en Uruguay.<\/p>\n<p style=\"font-weight: 400;\">\n<p style=\"font-weight: 400;\">Ubicado en una zona que ha registrado un importante crecimiento en los \u00faltimos a\u00f1os, en el cruce de la ruta Interbalnearia y Camino de los Horneros, abrir\u00e1 sus puertas de lunes a domingo ofreciendo un amplio horario de atenci\u00f3n, reuniendo en un \u00fanico lugar las soluciones de movilidad que nunca antes estuvieron juntas, contemplando, adem\u00e1s de los autos nuevos y usados, financiaci\u00f3n, seguros, accesorios y la posibilidad de realizar los servicios mec\u00e1nicos en talleres oficiales de las diferentes marcas.\u00a0Con un proceso de compra simple y \u00e1gil, en Car One el p\u00fablico encontrar\u00e1 12 marcas 0 km que representan m\u00e1s del 75% del mercado y 400 seminuevos garantizados, teniendo adem\u00e1s la posibilidad de probar todos los veh\u00edculos y decidir en el mismo d\u00eda qu\u00e9 modelo se desea adquirir.<\/p>\n<figure id=\"attachment_1074\" aria-describedby=\"caption-attachment-1074\" style=\"width: 300px\" class=\"wp-caption alignright\"><a href=\"http:\/\/empresasyeventos.com.uy\/?attachment_id=1074\"><img data-recalc-dims=\"1\" decoding=\"async\" data-attachment-id=\"1074\" data-permalink=\"https:\/\/empresasyeventos.com.uy\/index.php\/2020\/10\/07\/car-one-uruguay-abrira-sus-puertas-al-publico-en-noviembre\/car-one\/\" data-orig-file=\"https:\/\/i0.wp.com\/empresasyeventos.com.uy\/wp-content\/uploads\/2020\/10\/Car-One.jpg?fit=800%2C441&ssl=1\" data-orig-size=\"800,441\" data-comments-opened=\"0\" data-image-meta=\"{&quot;aperture&quot;:&quot;0&quot;,&quot;credit&quot;:&quot;&quot;,&quot;camera&quot;:&quot;&quot;,&quot;caption&quot;:&quot;&quot;,&quot;created_timestamp&quot;:&quot;0&quot;,&quot;copyright&quot;:&quot;&quot;,&quot;focal_length&quot;:&quot;0&quot;,&quot;iso&quot;:&quot;0&quot;,&quot;shutter_speed&quot;:&quot;0&quot;,&quot;title&quot;:&quot;&quot;,&quot;orientation&quot;:&quot;0&quot;}\" data-image-title=\"Car One\" data-image-description=\"<p>Car One<\/p>\n\" data-image-caption=\"<p>Car One<\/p>\n\" data-large-file=\"https:\/\/i0.wp.com\/empresasyeventos.com.uy\/wp-content\/uploads\/2020\/10\/Car-One.jpg?fit=800%2C441&ssl=1\" class=\"wp-image-1074 size-medium\" src=\"https:\/\/i0.wp.com\/empresasyeventos.com.uy\/wp-content\/uploads\/2020\/10\/Car-One.jpg?resize=300%2C165\" alt=\"Car One\" width=\"300\" height=\"165\" srcset=\"https:\/\/i0.wp.com\/empresasyeventos.com.uy\/wp-content\/uploads\/2020\/10\/Car-One.jpg?resize=300%2C165&ssl=1 300w, https:\/\/i0.wp.com\/empresasyeventos.com.uy\/wp-content\/uploads\/2020\/10\/Car-One.jpg?resize=768%2C423&ssl=1 768w, https:\/\/i0.wp.com\/empresasyeventos.com.uy\/wp-content\/uploads\/2020\/10\/Car-One.jpg?resize=150%2C83&ssl=1 150w, https:\/\/i0.wp.com\/empresasyeventos.com.uy\/wp-content\/uploads\/2020\/10\/Car-One.jpg?resize=696%2C384&ssl=1 696w, https:\/\/i0.wp.com\/empresasyeventos.com.uy\/wp-content\/uploads\/2020\/10\/Car-One.jpg?w=800&ssl=1 800w\" sizes=\"(max-width: 300px) 100vw, 300px\" \/><\/a><figcaption id=\"caption-attachment-1074\" class=\"wp-caption-text\">Car One<\/figcaption><\/figure>\n<p style=\"font-weight: 400;\">El proyecto, asimismo, contar\u00e1 con un centro de comidas, supermercado, farmacia, servicios para la zona, locales comerciales y un banco, garantizando una experiencia y paseo de compras \u00fanico e ideal para realizar en familia.\u00a0La iniciativa, que comenz\u00f3 en mayo de 2017 y requerir\u00e1 una inversi\u00f3n aproximada de 100 millones de d\u00f3lares dividida en tres etapas, inaugurar\u00e1 en noviembre la primera de ellas que corresponde a la secci\u00f3n dedicada a la movilidad.<\/p>\n<p style=\"font-weight: 400;\">\u00a0Con la inauguraci\u00f3n de esta primera etapa y la apertura de los locales comerciales y el supermercado, prevista para el primer semestre del 2021, la iniciativa generar\u00e1 m\u00e1s de 500 puestos de trabajo directos.<\/p>\n<p style=\"font-weight: 400;\">El moderno edificio, dise\u00f1ado por el estudio G\u00f3mez Platero y construido por la empresa CIEMSA, se caracteriza por el paisaje natural que rodea al predio de 14 hect\u00e1reas en el que se encuentra, ofreciendo as\u00ed un ambiente sin igual para recorrer y disfrutar.<\/p>\n","protected":false},"excerpt":{"rendered":"<p>Car One, el primer megacentro de soluciones en movilidad del pa\u00eds, que revolucionar\u00e1 la experiencia de compra local, abrir\u00e1 sus puertas en noviembre brindando la mayor oferta de veh\u00edculos 0 [&hellip;]<\/p>\n","protected":false},"author":3,"featured_media":1072,"comment_status":"closed","ping_status":"open","sticky":false,"template":"","format":"standard","meta":{"_exactmetrics_skip_tracking":false,"_exactmetrics_sitenote_active":false,"_exactmetrics_sitenote_note":"","_exactmetrics_sitenote_category":0,"_jetpack_memberships_contains_paid_content":false,"footnotes":"","jetpack_publicize_message":"Car One Uruguay abrir\u00e1 sus puertas al p\u00fablico en noviembre","jetpack_publicize_feature_enabled":true,"jetpack_social_post_already_shared":true,"jetpack_social_options":{"image_generator_settings":{"template":"highway","default_image_id":0,"font":"","enabled":false},"version":2}},"categories":[56],"tags":[531],"class_list":["post-1071","post","type-post","status-publish","format-standard","has-post-thumbnail","category-empresas","tag-car-one"],"yoast_head":"<!-- This site is optimized with the Yoast SEO plugin v27.5 - https:\/\/yoast.com\/product\/yoast-seo-wordpress\/ -->\n<title>Car One Uruguay abrir\u00e1 sus puertas al p\u00fablico en noviembre - Empresas &amp; Eventos<\/title>\n<meta name=\"robots\" content=\"index, follow, max-snippet:-1, max-image-preview:large, max-video-preview:-1\" \/>\n<link rel=\"canonical\" href=\"https:\/\/empresasyeventos.com.uy\/index.php\/2020\/10\/07\/car-one-uruguay-abrira-sus-puertas-al-publico-en-noviembre\/\" \/>\n<meta property=\"og:locale\" content=\"es_ES\" \/>\n<meta property=\"og:type\" content=\"article\" \/>\n<meta property=\"og:title\" content=\"Car One Uruguay abrir\u00e1 sus puertas al p\u00fablico en noviembre - Empresas &amp; Eventos\" \/>\n<meta property=\"og:description\" content=\"Car One, el primer megacentro de soluciones en movilidad del pa\u00eds, que revolucionar\u00e1 la experiencia de compra local, abrir\u00e1 sus puertas en noviembre brindando la mayor oferta de veh\u00edculos 0 [&hellip;]\" \/>\n<meta property=\"og:url\" content=\"https:\/\/empresasyeventos.com.uy\/index.php\/2020\/10\/07\/car-one-uruguay-abrira-sus-puertas-al-publico-en-noviembre\/\" \/>\n<meta property=\"og:site_name\" content=\"Empresas &amp; Eventos\" \/>\n<meta property=\"article:published_time\" content=\"2020-10-07T13:08:25+00:00\" \/>\n<meta property=\"og:image\" content=\"https:\/\/empresasyeventos.com.uy\/wp-content\/uploads\/2020\/10\/Car-One-Imagenes_01_Car-One_02.jpg\" \/>\n\t<meta property=\"og:image:width\" content=\"800\" \/>\n\t<meta property=\"og:image:height\" content=\"442\" \/>\n\t<meta property=\"og:image:type\" content=\"image\/jpeg\" \/>\n<meta name=\"author\" content=\"Sergio Goloubintseff\" \/>\n<meta name=\"twitter:card\" content=\"summary_large_image\" \/>\n<meta name=\"twitter:label1\" content=\"Escrito por\" \/>\n\t<meta name=\"twitter:data1\" content=\"Sergio Goloubintseff\" \/>\n\t<meta name=\"twitter:label2\" content=\"Tiempo de lectura\" \/>\n\t<meta name=\"twitter:data2\" content=\"2 minutos\" \/>\n<script type=\"application\/ld+json\" class=\"yoast-schema-graph\">{\"@context\":\"https:\\\/\\\/schema.org\",\"@graph\":[{\"@type\":\"Article\",\"@id\":\"https:\\\/\\\/empresasyeventos.com.uy\\\/index.php\\\/2020\\\/10\\\/07\\\/car-one-uruguay-abrira-sus-puertas-al-publico-en-noviembre\\\/#article\",\"isPartOf\":{\"@id\":\"https:\\\/\\\/empresasyeventos.com.uy\\\/index.php\\\/2020\\\/10\\\/07\\\/car-one-uruguay-abrira-sus-puertas-al-publico-en-noviembre\\\/\"},\"author\":{\"name\":\"Sergio Goloubintseff\",\"@id\":\"https:\\\/\\\/empresasyeventos.com.uy\\\/#\\\/schema\\\/person\\\/e2ecff9df3397b6bced46c0154bc0aa2\"},\"headline\":\"Car One Uruguay abrir\u00e1 sus puertas al p\u00fablico en noviembre\",\"datePublished\":\"2020-10-07T13:08:25+00:00\",\"mainEntityOfPage\":{\"@id\":\"https:\\\/\\\/empresasyeventos.com.uy\\\/index.php\\\/2020\\\/10\\\/07\\\/car-one-uruguay-abrira-sus-puertas-al-publico-en-noviembre\\\/\"},\"wordCount\":460,\"image\":{\"@id\":\"https:\\\/\\\/empresasyeventos.com.uy\\\/index.php\\\/2020\\\/10\\\/07\\\/car-one-uruguay-abrira-sus-puertas-al-publico-en-noviembre\\\/#primaryimage\"},\"thumbnailUrl\":\"https:\\\/\\\/i0.wp.com\\\/empresasyeventos.com.uy\\\/wp-content\\\/uploads\\\/2020\\\/10\\\/Car-One-Imagenes_01_Car-One_02.jpg?fit=800%2C442&ssl=1\",\"keywords\":[\"Car One\"],\"articleSection\":[\"Empresas\"],\"inLanguage\":\"es\"},{\"@type\":\"WebPage\",\"@id\":\"https:\\\/\\\/empresasyeventos.com.uy\\\/index.php\\\/2020\\\/10\\\/07\\\/car-one-uruguay-abrira-sus-puertas-al-publico-en-noviembre\\\/\",\"url\":\"https:\\\/\\\/empresasyeventos.com.uy\\\/index.php\\\/2020\\\/10\\\/07\\\/car-one-uruguay-abrira-sus-puertas-al-publico-en-noviembre\\\/\",\"name\":\"Car One Uruguay abrir\u00e1 sus puertas al p\u00fablico en noviembre - Empresas &amp; Eventos\",\"isPartOf\":{\"@id\":\"https:\\\/\\\/empresasyeventos.com.uy\\\/#website\"},\"primaryImageOfPage\":{\"@id\":\"https:\\\/\\\/empresasyeventos.com.uy\\\/index.php\\\/2020\\\/10\\\/07\\\/car-one-uruguay-abrira-sus-puertas-al-publico-en-noviembre\\\/#primaryimage\"},\"image\":{\"@id\":\"https:\\\/\\\/empresasyeventos.com.uy\\\/index.php\\\/2020\\\/10\\\/07\\\/car-one-uruguay-abrira-sus-puertas-al-publico-en-noviembre\\\/#primaryimage\"},\"thumbnailUrl\":\"https:\\\/\\\/i0.wp.com\\\/empresasyeventos.com.uy\\\/wp-content\\\/uploads\\\/2020\\\/10\\\/Car-One-Imagenes_01_Car-One_02.jpg?fit=800%2C442&ssl=1\",\"datePublished\":\"2020-10-07T13:08:25+00:00\",\"author\":{\"@id\":\"https:\\\/\\\/empresasyeventos.com.uy\\\/#\\\/schema\\\/person\\\/e2ecff9df3397b6bced46c0154bc0aa2\"},\"breadcrumb\":{\"@id\":\"https:\\\/\\\/empresasyeventos.com.uy\\\/index.php\\\/2020\\\/10\\\/07\\\/car-one-uruguay-abrira-sus-puertas-al-publico-en-noviembre\\\/#breadcrumb\"},\"inLanguage\":\"es\",\"potentialAction\":[{\"@type\":\"ReadAction\",\"target\":[\"https:\\\/\\\/empresasyeventos.com.uy\\\/index.php\\\/2020\\\/10\\\/07\\\/car-one-uruguay-abrira-sus-puertas-al-publico-en-noviembre\\\/\"]}]},{\"@type\":\"ImageObject\",\"inLanguage\":\"es\",\"@id\":\"https:\\\/\\\/empresasyeventos.com.uy\\\/index.php\\\/2020\\\/10\\\/07\\\/car-one-uruguay-abrira-sus-puertas-al-publico-en-noviembre\\\/#primaryimage\",\"url\":\"https:\\\/\\\/i0.wp.com\\\/empresasyeventos.com.uy\\\/wp-content\\\/uploads\\\/2020\\\/10\\\/Car-One-Imagenes_01_Car-One_02.jpg?fit=800%2C442&ssl=1\",\"contentUrl\":\"https:\\\/\\\/i0.wp.com\\\/empresasyeventos.com.uy\\\/wp-content\\\/uploads\\\/2020\\\/10\\\/Car-One-Imagenes_01_Car-One_02.jpg?fit=800%2C442&ssl=1\",\"width\":800,\"height\":442,\"caption\":\"Car One\"},{\"@type\":\"BreadcrumbList\",\"@id\":\"https:\\\/\\\/empresasyeventos.com.uy\\\/index.php\\\/2020\\\/10\\\/07\\\/car-one-uruguay-abrira-sus-puertas-al-publico-en-noviembre\\\/#breadcrumb\",\"itemListElement\":[{\"@type\":\"ListItem\",\"position\":1,\"name\":\"Home\",\"item\":\"https:\\\/\\\/empresasyeventos.com.uy\\\/\"},{\"@type\":\"ListItem\",\"position\":2,\"name\":\"Car One Uruguay abrir\u00e1 sus puertas al p\u00fablico en noviembre\"}]},{\"@type\":\"WebSite\",\"@id\":\"https:\\\/\\\/empresasyeventos.com.uy\\\/#website\",\"url\":\"https:\\\/\\\/empresasyeventos.com.uy\\\/\",\"name\":\"Empresas &amp; Eventos\",\"description\":\"Portal de noticias de Empresas y Eventos\",\"potentialAction\":[{\"@type\":\"SearchAction\",\"target\":{\"@type\":\"EntryPoint\",\"urlTemplate\":\"https:\\\/\\\/empresasyeventos.com.uy\\\/?s={search_term_string}\"},\"query-input\":{\"@type\":\"PropertyValueSpecification\",\"valueRequired\":true,\"valueName\":\"search_term_string\"}}],\"inLanguage\":\"es\"},{\"@type\":\"Person\",\"@id\":\"https:\\\/\\\/empresasyeventos.com.uy\\\/#\\\/schema\\\/person\\\/e2ecff9df3397b6bced46c0154bc0aa2\",\"name\":\"Sergio Goloubintseff\",\"image\":{\"@type\":\"ImageObject\",\"inLanguage\":\"es\",\"@id\":\"https:\\\/\\\/empresasyeventos.com.uy\\\/wp-content\\\/litespeed\\\/avatar\\\/e7e78d5d2c4fffc5dbfffc2212c10ee5.jpg?ver=1777397007\",\"url\":\"https:\\\/\\\/empresasyeventos.com.uy\\\/wp-content\\\/litespeed\\\/avatar\\\/e7e78d5d2c4fffc5dbfffc2212c10ee5.jpg?ver=1777397007\",\"contentUrl\":\"https:\\\/\\\/empresasyeventos.com.uy\\\/wp-content\\\/litespeed\\\/avatar\\\/e7e78d5d2c4fffc5dbfffc2212c10ee5.jpg?ver=1777397007\",\"caption\":\"Sergio Goloubintseff\"},\"url\":\"https:\\\/\\\/empresasyeventos.com.uy\\\/index.php\\\/author\\\/sergio-goloubintseff\\\/\"}]}<\/script>\n<!-- \/ Yoast SEO plugin. -->","yoast_head_json":{"title":"Car One Uruguay abrir\u00e1 sus puertas al p\u00fablico en noviembre - Empresas &amp; Eventos","robots":{"index":"index","follow":"follow","max-snippet":"max-snippet:-1","max-image-preview":"max-image-preview:large","max-video-preview":"max-video-preview:-1"},"canonical":"https:\/\/empresasyeventos.com.uy\/index.php\/2020\/10\/07\/car-one-uruguay-abrira-sus-puertas-al-publico-en-noviembre\/","og_locale":"es_ES","og_type":"article","og_title":"Car One Uruguay abrir\u00e1 sus puertas al p\u00fablico en noviembre - Empresas &amp; Eventos","og_description":"Car One, el primer megacentro de soluciones en movilidad del pa\u00eds, que revolucionar\u00e1 la experiencia de compra local, abrir\u00e1 sus puertas en noviembre brindando la mayor oferta de veh\u00edculos 0 [&hellip;]","og_url":"https:\/\/empresasyeventos.com.uy\/index.php\/2020\/10\/07\/car-one-uruguay-abrira-sus-puertas-al-publico-en-noviembre\/","og_site_name":"Empresas &amp; Eventos","article_published_time":"2020-10-07T13:08:25+00:00","og_image":[{"width":800,"height":442,"url":"https:\/\/empresasyeventos.com.uy\/wp-content\/uploads\/2020\/10\/Car-One-Imagenes_01_Car-One_02.jpg","type":"image\/jpeg"}],"author":"Sergio Goloubintseff","twitter_card":"summary_large_image","twitter_misc":{"Escrito por":"Sergio Goloubintseff","Tiempo de lectura":"2 minutos"},"schema":{"@context":"https:\/\/schema.org","@graph":[{"@type":"Article","@id":"https:\/\/empresasyeventos.com.uy\/index.php\/2020\/10\/07\/car-one-uruguay-abrira-sus-puertas-al-publico-en-noviembre\/#article","isPartOf":{"@id":"https:\/\/empresasyeventos.com.uy\/index.php\/2020\/10\/07\/car-one-uruguay-abrira-sus-puertas-al-publico-en-noviembre\/"},"author":{"name":"Sergio Goloubintseff","@id":"https:\/\/empresasyeventos.com.uy\/#\/schema\/person\/e2ecff9df3397b6bced46c0154bc0aa2"},"headline":"Car One Uruguay abrir\u00e1 sus puertas al p\u00fablico en noviembre","datePublished":"2020-10-07T13:08:25+00:00","mainEntityOfPage":{"@id":"https:\/\/empresasyeventos.com.uy\/index.php\/2020\/10\/07\/car-one-uruguay-abrira-sus-puertas-al-publico-en-noviembre\/"},"wordCount":460,"image":{"@id":"https:\/\/empresasyeventos.com.uy\/index.php\/2020\/10\/07\/car-one-uruguay-abrira-sus-puertas-al-publico-en-noviembre\/#primaryimage"},"thumbnailUrl":"https:\/\/i0.wp.com\/empresasyeventos.com.uy\/wp-content\/uploads\/2020\/10\/Car-One-Imagenes_01_Car-One_02.jpg?fit=800%2C442&ssl=1","keywords":["Car One"],"articleSection":["Empresas"],"inLanguage":"es"},{"@type":"WebPage","@id":"https:\/\/empresasyeventos.com.uy\/index.php\/2020\/10\/07\/car-one-uruguay-abrira-sus-puertas-al-publico-en-noviembre\/","url":"https:\/\/empresasyeventos.com.uy\/index.php\/2020\/10\/07\/car-one-uruguay-abrira-sus-puertas-al-publico-en-noviembre\/","name":"Car One Uruguay abrir\u00e1 sus puertas al p\u00fablico en noviembre - Empresas &amp; Eventos","isPartOf":{"@id":"https:\/\/empresasyeventos.com.uy\/#website"},"primaryImageOfPage":{"@id":"https:\/\/empresasyeventos.com.uy\/index.php\/2020\/10\/07\/car-one-uruguay-abrira-sus-puertas-al-publico-en-noviembre\/#primaryimage"},"image":{"@id":"https:\/\/empresasyeventos.com.uy\/index.php\/2020\/10\/07\/car-one-uruguay-abrira-sus-puertas-al-publico-en-noviembre\/#primaryimage"},"thumbnailUrl":"https:\/\/i0.wp.com\/empresasyeventos.com.uy\/wp-content\/uploads\/2020\/10\/Car-One-Imagenes_01_Car-One_02.jpg?fit=800%2C442&ssl=1","datePublished":"2020-10-07T13:08:25+00:00","author":{"@id":"https:\/\/empresasyeventos.com.uy\/#\/schema\/person\/e2ecff9df3397b6bced46c0154bc0aa2"},"breadcrumb":{"@id":"https:\/\/empresasyeventos.com.uy\/index.php\/2020\/10\/07\/car-one-uruguay-abrira-sus-puertas-al-publico-en-noviembre\/#breadcrumb"},"inLanguage":"es","potentialAction":[{"@type":"ReadAction","target":["https:\/\/empresasyeventos.com.uy\/index.php\/2020\/10\/07\/car-one-uruguay-abrira-sus-puertas-al-publico-en-noviembre\/"]}]},{"@type":"ImageObject","inLanguage":"es","@id":"https:\/\/empresasyeventos.com.uy\/index.php\/2020\/10\/07\/car-one-uruguay-abrira-sus-puertas-al-publico-en-noviembre\/#primaryimage","url":"https:\/\/i0.wp.com\/empresasyeventos.com.uy\/wp-content\/uploads\/2020\/10\/Car-One-Imagenes_01_Car-One_02.jpg?fit=800%2C442&ssl=1","contentUrl":"https:\/\/i0.wp.com\/empresasyeventos.com.uy\/wp-content\/uploads\/2020\/10\/Car-One-Imagenes_01_Car-One_02.jpg?fit=800%2C442&ssl=1","width":800,"height":442,"caption":"Car One"},{"@type":"BreadcrumbList","@id":"https:\/\/empresasyeventos.com.uy\/index.php\/2020\/10\/07\/car-one-uruguay-abrira-sus-puertas-al-publico-en-noviembre\/#breadcrumb","itemListElement":[{"@type":"ListItem","position":1,"name":"Home","item":"https:\/\/empresasyeventos.com.uy\/"},{"@type":"ListItem","position":2,"name":"Car One Uruguay abrir\u00e1 sus puertas al p\u00fablico en noviembre"}]},{"@type":"WebSite","@id":"https:\/\/empresasyeventos.com.uy\/#website","url":"https:\/\/empresasyeventos.com.uy\/","name":"Empresas &amp; Eventos","description":"Portal de noticias de Empresas y Eventos","potentialAction":[{"@type":"SearchAction","target":{"@type":"EntryPoint","urlTemplate":"https:\/\/empresasyeventos.com.uy\/?s={search_term_string}"},"query-input":{"@type":"PropertyValueSpecification","valueRequired":true,"valueName":"search_term_string"}}],"inLanguage":"es"},{"@type":"Person","@id":"https:\/\/empresasyeventos.com.uy\/#\/schema\/person\/e2ecff9df3397b6bced46c0154bc0aa2","name":"Sergio Goloubintseff","image":{"@type":"ImageObject","inLanguage":"es","@id":"https:\/\/empresasyeventos.com.uy\/wp-content\/litespeed\/avatar\/e7e78d5d2c4fffc5dbfffc2212c10ee5.jpg?ver=1777397007","url":"https:\/\/empresasyeventos.com.uy\/wp-content\/litespeed\/avatar\/e7e78d5d2c4fffc5dbfffc2212c10ee5.jpg?ver=1777397007","contentUrl":"https:\/\/empresasyeventos.com.uy\/wp-content\/litespeed\/avatar\/e7e78d5d2c4fffc5dbfffc2212c10ee5.jpg?ver=1777397007","caption":"Sergio Goloubintseff"},"url":"https:\/\/empresasyeventos.com.uy\/index.php\/author\/sergio-goloubintseff\/"}]}},"jetpack_publicize_connections":[],"jetpack_featured_media_url":"https:\/\/i0.wp.com\/empresasyeventos.com.uy\/wp-content\/uploads\/2020\/10\/Car-One-Imagenes_01_Car-One_02.jpg?fit=800%2C442&ssl=1","jetpack_sharing_enabled":true,"_links":{"self":[{"href":"https:\/\/empresasyeventos.com.uy\/index.php\/wp-json\/wp\/v2\/posts\/1071","targetHints":{"allow":["GET"]}}],"collection":[{"href":"https:\/\/empresasyeventos.com.uy\/index.php\/wp-json\/wp\/v2\/posts"}],"about":[{"href":"https:\/\/empresasyeventos.com.uy\/index.php\/wp-json\/wp\/v2\/types\/post"}],"author":[{"embeddable":true,"href":"https:\/\/empresasyeventos.com.uy\/index.php\/wp-json\/wp\/v2\/users\/3"}],"replies":[{"embeddable":true,"href":"https:\/\/empresasyeventos.com.uy\/index.php\/wp-json\/wp\/v2\/comments?post=1071"}],"version-history":[{"count":1,"href":"https:\/\/empresasyeventos.com.uy\/index.php\/wp-json\/wp\/v2\/posts\/1071\/revisions"}],"predecessor-version":[{"id":1075,"href":"https:\/\/empresasyeventos.com.uy\/index.php\/wp-json\/wp\/v2\/posts\/1071\/revisions\/1075"}],"wp:featuredmedia":[{"embeddable":true,"href":"https:\/\/empresasyeventos.com.uy\/index.php\/wp-json\/wp\/v2\/media\/1072"}],"wp:attachment":[{"href":"https:\/\/empresasyeventos.com.uy\/index.php\/wp-json\/wp\/v2\/media?parent=1071"}],"wp:term":[{"taxonomy":"category","embeddable":true,"href":"https:\/\/empresasyeventos.com.uy\/index.php\/wp-json\/wp\/v2\/categories?post=1071"},{"taxonomy":"post_tag","embeddable":true,"href":"https:\/\/empresasyeventos.com.uy\/index.php\/wp-json\/wp\/v2\/tags?post=1071"}],"curies":[{"name":"wp","href":"https:\/\/api.w.org\/{rel}","templated":true}]}}